{"id":8083,"date":"2022-11-17T18:28:20","date_gmt":"2022-11-17T18:28:20","guid":{"rendered":"http:\/\/www.radiolimari.cl\/?p=8083"},"modified":"2022-11-17T18:28:20","modified_gmt":"2022-11-17T18:28:20","slug":"autoridades-regionales-y-empresarios-abordan-escenario-de-trabajo-agricola-de-temporada","status":"publish","type":"post","link":"https:\/\/www.radiolimari.cl\/?p=8083","title":{"rendered":"Autoridades regionales  y empresarios  abordan escenario de trabajo agr\u00edcola de temporada"},"content":{"rendered":"<p><a href=\"https:\/\/www.radiolimari.cl\/wp-content\/uploads\/2022\/11\/17.11-trabajo1.jpeg\"><img fetchpriority=\"high\" decoding=\"async\" class=\"alignnone size-medium wp-image-8084\" src=\"https:\/\/www.radiolimari.cl\/wp-content\/uploads\/2022\/11\/17.11-trabajo1-300x238.jpeg\" alt=\"17.11 trabajo1\" width=\"300\" height=\"238\" srcset=\"https:\/\/www.radiolimari.cl\/wp-content\/uploads\/2022\/11\/17.11-trabajo1-300x238.jpeg 300w, https:\/\/www.radiolimari.cl\/wp-content\/uploads\/2022\/11\/17.11-trabajo1-1024x814.jpeg 1024w, https:\/\/www.radiolimari.cl\/wp-content\/uploads\/2022\/11\/17.11-trabajo1.jpeg 1280w\" sizes=\"(max-width: 300px) 100vw, 300px\" \/><\/a><\/p>\n<p><strong><em>Condiciones de salud y seguridad para los trabajadores\/as, permiso migratorio y situaci\u00f3n contractual fueron los temas en com\u00fan en la mesa convocada por el Gobierno\u00a0\u00a0<\/em><\/strong><!--more--><\/p>\n<p>Cerca de 40 mil puestos de trabajos agr\u00edcola de temporada se generar\u00e1n durante los pr\u00f3ximos meses en la regi\u00f3n de Coquimbo, ofertas de empleo que estar\u00e1n disponibles para los trabajadores y trabajadoras que busquen una oportunidad laboral en la zona.<\/p>\n<p>En este sentido autoridades regionales encabezadas por la Seremi del Trabajo, su par de Agricultura y Justicia, la Direcci\u00f3n del Trabajo, SENCE y el Ministerio de Transporte se reunieron con los representantes del sector agr\u00edcola, para abordar el escenario actual de los trabajos agr\u00edcola de temporada, las condiciones laborales, de higiene y seguridad para los trabajadores del rubro, como tambi\u00e9n el cumplimiento de la ley de migraciones.<\/p>\n<p>En la ocasi\u00f3n la Seremi del Trabajo, Claudia Santander, enfatiz\u00f3 en el aporte que realiza la actividad agr\u00edcola en la zona al empleo y al producto interno bruto (PIB) regional y dijo que \u201cera muy necesario este encuentro con los empresarios el sector agr\u00edcola, entendiendo que hay muchas materias que podemos conversar y colaborar entre lo p\u00fablico y privado para poder trabajar en conjunto y abordar los desaf\u00edos del rubro agr\u00edcola en nuestra regi\u00f3n\u201d.<\/p>\n<p>\u201cNos interesa compartir con ellos la visi\u00f3n que el Gobierno tiene respecto al trabajo decente y c\u00f3mo vamos avanzando en esta materia en el sector agr\u00edcola para poder responder, por una parte, a la necesidad que tienen los empresarios de contar con mano de obra preparada, sobre todo para la temporada que comienza ahora ya hasta el mes de febrero. Hemos tenido una conversaci\u00f3n muy franca y cordial, ellos hablan de alrededor de 40 mil empleos para la temporada y por eso es muy importante hacer dialogar esta necesidad del empresariado, con lo que los trabajadores y trabajadoras nos han solicitado, que es el requerimiento de avanzar en una relaci\u00f3n laboral que tenga una justa compensaci\u00f3n econ\u00f3mica y tambi\u00e9n que tengan las mejores condiciones laborales\u201d, agreg\u00f3 la autoridad laboral.<\/p>\n<p>Por su parte el Seremi de Agricultura, Hern\u00e1n Saavedra, manifest\u00f3 que \u201csabemos que durante el \u00faltimo tiempo hemos tenido dificultades, por pandemia, econ\u00f3micas, recesi\u00f3n y tambi\u00e9n por sequ\u00eda. Logramos acuerdos importantes, uno de los principales es poder coordinar una mesa permanente de trabajo para el empleo agr\u00edcola y con ello ir definiendo acciones y tambi\u00e9n llegando a acuerdos de tal forma de analizar las principales dificultades que est\u00e1 teniendo el sector desde el punto de vista del empleo y poder ir facilitando las acciones necesarias para poder darle curso a esta actividad\u201d.<\/p>\n<p>Desde el gremio agr\u00edcola enfatizaron en el d\u00e9ficit de mano de obra para la temporada, que llega a un 30%, tema que fue abordado en la mesa de di\u00e1logo tanto por su implicancia en empleo regional como en materia de cumplimiento de la ley de migraciones.<\/p>\n<p>En este sentido el Subprefecto Germ\u00e1n Cerda, jefe del departamento de migraciones del PDI la Serena, coment\u00f3 que \u201cpara nadie es un misterio que el sector agr\u00edcola requiere mano de obra y esa mano de obra est\u00e1 siendo cubierta por extranjeros que, entre el 2020 y 2021, llegaron por pasos no habilitados. Por lo tanto, hay gran porcentaje de ellos que est\u00e1 de forma irregular en el pa\u00eds y es ah\u00ed donde nosotros como PDI ponemos un acento con el objetivo de evitar que esos extranjeros sean sometidos a tratos crueles, degradantes, trata de personas o tr\u00e1fico de migrantes o abuso laboral y es ah\u00ed donde queremos fortalecer el trabajo p\u00fablico privado para evitar ese tipo de situaciones\u201d.<\/p>\n<p>\u201cTenemos un plan de trabajo en los predios agr\u00edcolas como en la ciudad, acerca de ver la permanencia del extranjero, sus autorizaciones para ejercer actividades remuneradas, entre otras cosas\u201d, complement\u00f3 el Subprefecto Cerda.<\/p>\n<p>Mientras que Cristian Sotomayor, represente de la Asociaci\u00f3n de Exportadores (Asoex) de la regi\u00f3n de Coquimbo, explic\u00f3 que \u201ces muy importante esta tem\u00e1tica porque obviamente la mano de obra en el sector agr\u00edcola es fundamental, es estructural para tener producciones y salir a los mercados de exportaci\u00f3n, y en este sentido hemos visto una baja importante en la disponibilidad y tambi\u00e9n asociado a otros problemas que tenemos con la sequ\u00eda, con la log\u00edstica, por lo tanto, empujar y ver algunas formas de tener mano de obra disponible y preparada para las labores agr\u00edcolas es fundamental para el sector y eso va a permitir proyectarlo en el tiempo y que sea sustentable\u201d.<\/p>\n<p><strong>\u00a0<\/strong><\/p>\n<p><strong>Fiscalizaci\u00f3n<\/strong><\/p>\n<p>Otro tema que se abord\u00f3 en el di\u00e1logo es el cumplimiento de las condiciones laborales de los trabajadores y trabajadoras del sector agr\u00edcola y se analiz\u00f3 el rol de las contratistas y la precarizaci\u00f3n del empleo que all\u00ed se observa, donde tanto los representantes del gremio como las autoridades enfatizaron en la fiscalizaci\u00f3n para el cumplimiento de la norma para el resguardo de los derechos de los trabajadores.<\/p>\n<p>\u201cA trav\u00e9s de la Direcci\u00f3n del Trabajo impulsaremos acciones de fiscalizaci\u00f3n a empresas y acompa\u00f1amiento a trabajadores y trabajadoras de temporada en el sector agr\u00edcola, principalmente en el cumplimiento de la normativa laboral en materia de seguridad y salud en el trabajo, como tambi\u00e9n en la formalizaci\u00f3n laboral y cumplimiento de los contratos. En este sentido hacemos un llamado a los empleadores a cumplir siempre con la normativa laboral de manera de no caer en vulneraci\u00f3n de los derechos de los trabajadores, para esto es fundamental la coordinaci\u00f3n con otros servicios e instituciones como la PDI\u201d, declar\u00f3 la Seremi del Trabajo.<\/p>\n<p><strong>Acuerdos<\/strong><\/p>\n<p>En la jornada convocada por las autoridades de Trabajo y agricultura se sumaron Asoex, Sociedad Agr\u00edcola del Norte (SAN), CIDERE, Pisco Chile y Cooperativa de Agricultores de Tamaya.<\/p>\n<p>La instancia de di\u00e1logo fue valorada de forma positiva por quienes asistieron, donde el compromiso principal fue mantener este acercamiento de forma peri\u00f3dica con el objetivo de enfrentar de manera conjunta los requerimientos del sector agr\u00edcola.<\/p>\n<p>Mar\u00eda In\u00e9s Figari, presidenta de la SAN destac\u00f3 la iniciativa de conversaci\u00f3n y dijo que \u201cechaba de menos a esto, porque la realidad de lo que estamos viviendo son tiempos en que todos tenemos que ayudar para que las cosas sean mejor. Por lo tanto, tener aqu\u00ed a todos bien dispuestos y entusiastas de que podemos hacer cosas grandes me llena de alegr\u00eda\u201d.<\/p>\n<p>&nbsp;<\/p>\n<p>&nbsp;<\/p>\n","protected":false},"excerpt":{"rendered":"<p>Condiciones de salud y seguridad para los trabajadores\/as, permiso migratorio y situaci\u00f3n contractual fueron los temas en com\u00fan en la mesa convocada por el Gobierno\u00a0\u00a0<\/p>\n","protected":false},"author":2,"featured_media":8084,"comment_status":"open","ping_status":"open","sticky":false,"template":"","format":"standard","meta":{"footnotes":""},"categories":[6],"tags":[],"class_list":["post-8083","post","type-post","status-publish","format-standard","has-post-thumbnail","hentry","category-regionales"],"_links":{"self":[{"href":"https:\/\/www.radiolimari.cl\/index.php?rest_route=\/wp\/v2\/posts\/8083","targetHints":{"allow":["GET"]}}],"collection":[{"href":"https:\/\/www.radiolimari.cl\/index.php?rest_route=\/wp\/v2\/posts"}],"about":[{"href":"https:\/\/www.radiolimari.cl\/index.php?rest_route=\/wp\/v2\/types\/post"}],"author":[{"embeddable":true,"href":"https:\/\/www.radiolimari.cl\/index.php?rest_route=\/wp\/v2\/users\/2"}],"replies":[{"embeddable":true,"href":"https:\/\/www.radiolimari.cl\/index.php?rest_route=%2Fwp%2Fv2%2Fcomments&post=8083"}],"version-history":[{"count":1,"href":"https:\/\/www.radiolimari.cl\/index.php?rest_route=\/wp\/v2\/posts\/8083\/revisions"}],"predecessor-version":[{"id":8085,"href":"https:\/\/www.radiolimari.cl\/index.php?rest_route=\/wp\/v2\/posts\/8083\/revisions\/8085"}],"wp:featuredmedia":[{"embeddable":true,"href":"https:\/\/www.radiolimari.cl\/index.php?rest_route=\/wp\/v2\/media\/8084"}],"wp:attachment":[{"href":"https:\/\/www.radiolimari.cl\/index.php?rest_route=%2Fwp%2Fv2%2Fmedia&parent=8083"}],"wp:term":[{"taxonomy":"category","embeddable":true,"href":"https:\/\/www.radiolimari.cl\/index.php?rest_route=%2Fwp%2Fv2%2Fcategories&post=8083"},{"taxonomy":"post_tag","embeddable":true,"href":"https:\/\/www.radiolimari.cl\/index.php?rest_route=%2Fwp%2Fv2%2Ftags&post=8083"}],"curies":[{"name":"wp","href":"https:\/\/api.w.org\/{rel}","templated":true}]}}