{"id":8073,"date":"2022-11-17T13:34:13","date_gmt":"2022-11-17T13:34:13","guid":{"rendered":"http:\/\/www.radiolimari.cl\/?p=8073"},"modified":"2022-11-17T13:34:13","modified_gmt":"2022-11-17T13:34:13","slug":"festival-de-comparsas-inundaron-de-musica-alegria-y-color-las-calles-de-illapel-en-el-dia-de-su-aniversarion268","status":"publish","type":"post","link":"https:\/\/www.radiolimari.cl\/?p=8073","title":{"rendered":"Festival de comparsas inundaron de m\u00fasica, alegr\u00eda y color las calles de illapel en el d\u00eda de su aniversarion\u00b0268"},"content":{"rendered":"<p><a href=\"https:\/\/www.radiolimari.cl\/wp-content\/uploads\/2022\/11\/17.11-FOTO-CARNAVAL-3.jpg\"><img fetchpriority=\"high\" decoding=\"async\" class=\"alignnone size-medium wp-image-8074\" src=\"https:\/\/www.radiolimari.cl\/wp-content\/uploads\/2022\/11\/17.11-FOTO-CARNAVAL-3-300x199.jpg\" alt=\"17.11 FOTO CARNAVAL 3\" width=\"300\" height=\"199\" srcset=\"https:\/\/www.radiolimari.cl\/wp-content\/uploads\/2022\/11\/17.11-FOTO-CARNAVAL-3-300x199.jpg 300w, https:\/\/www.radiolimari.cl\/wp-content\/uploads\/2022\/11\/17.11-FOTO-CARNAVAL-3-1024x681.jpg 1024w\" sizes=\"(max-width: 300px) 100vw, 300px\" \/><\/a><\/p>\n<p>En la actividad participaron 17 organizaciones sociales, vecinales, deportivas, instituciones educacionales y comunitarias, representadas por cientos de ni\u00f1os, j\u00f3venes, adultos y personas de la tercera edad que recorrieron las calles del centro de la capital del Choapa, recibiendo el reconocimiento y cari\u00f1o de miles de illapelinos y visitantes.<!--more--><\/p>\n<p>Mucho colorido, baile y por, sobre todo, creatividad, fueron las caracter\u00edsticas principales del \u201cFestival de Comparsas\u201d que organiz\u00f3 la Municipalidad de Illapel para celebrar el 12 de noviembre, d\u00eda del aniversario 268 de la comuna.<\/p>\n<p>La Magia del B\u00e1squetbol, el Mundial de F\u00fatbol Qatar 2022, Los Pirquineros de Las Ca\u00f1as 1, Legolandia, el Para\u00edso de los Dulces, el Circo, los A\u00f1os \u201980, la Fiesta de la Tirana y los Bailes Religiosos, fueron algunas de las tem\u00e1ticas que inspiraron las comparsas que sorprendieron a los espectadores con sus vistosos atuendos, mu\u00f1ecos de gran altura y contagioso ritmo. A ello se sumaron comparsas que viajaron desde Santiago y Valpara\u00edso, invitadas por el municipio illapelino, para apoyar a los danzantes locales.<\/p>\n<p>\u201cTodo lo que se ve en la comparsa fue creado por los apoderados. El sentido de nuestra comparsa es llenar de amor y dulzura esta semana illapelina\u201d, explic\u00f3 la directora de la escuela San Rafael de Rozas, Ximena Herrera, que encabez\u00f3 una de las comparsas m\u00e1s numerosas.<\/p>\n<p>El municipio de Illapel apoy\u00f3 con $200.000 a cada una de las comparsas para que desarrollaran su trabajo. Para las comparsas ganadoras el premio fue de $500.000, recompensa que se adjudicaron el Club Deportivo \u201cIllaosol\u201d y la escuela Villa Los Naranjos.<\/p>\n<p>&nbsp;<\/p>\n","protected":false},"excerpt":{"rendered":"<p>En la actividad participaron 17 organizaciones sociales, vecinales, deportivas, instituciones educacionales y comunitarias, representadas por cientos de ni\u00f1os, j\u00f3venes, adultos y personas de la tercera edad que recorrieron las calles del centro de la capital del Choapa, recibiendo el reconocimiento y cari\u00f1o de miles de illapelinos y visitantes.<\/p>\n","protected":false},"author":2,"featured_media":8074,"comment_status":"open","ping_status":"open","sticky":false,"template":"","format":"standard","meta":{"footnotes":""},"categories":[6],"tags":[],"class_list":["post-8073","post","type-post","status-publish","format-standard","has-post-thumbnail","hentry","category-regionales"],"_links":{"self":[{"href":"https:\/\/www.radiolimari.cl\/index.php?rest_route=\/wp\/v2\/posts\/8073","targetHints":{"allow":["GET"]}}],"collection":[{"href":"https:\/\/www.radiolimari.cl\/index.php?rest_route=\/wp\/v2\/posts"}],"about":[{"href":"https:\/\/www.radiolimari.cl\/index.php?rest_route=\/wp\/v2\/types\/post"}],"author":[{"embeddable":true,"href":"https:\/\/www.radiolimari.cl\/index.php?rest_route=\/wp\/v2\/users\/2"}],"replies":[{"embeddable":true,"href":"https:\/\/www.radiolimari.cl\/index.php?rest_route=%2Fwp%2Fv2%2Fcomments&post=8073"}],"version-history":[{"count":1,"href":"https:\/\/www.radiolimari.cl\/index.php?rest_route=\/wp\/v2\/posts\/8073\/revisions"}],"predecessor-version":[{"id":8075,"href":"https:\/\/www.radiolimari.cl\/index.php?rest_route=\/wp\/v2\/posts\/8073\/revisions\/8075"}],"wp:featuredmedia":[{"embeddable":true,"href":"https:\/\/www.radiolimari.cl\/index.php?rest_route=\/wp\/v2\/media\/8074"}],"wp:attachment":[{"href":"https:\/\/www.radiolimari.cl\/index.php?rest_route=%2Fwp%2Fv2%2Fmedia&parent=8073"}],"wp:term":[{"taxonomy":"category","embeddable":true,"href":"https:\/\/www.radiolimari.cl\/index.php?rest_route=%2Fwp%2Fv2%2Fcategories&post=8073"},{"taxonomy":"post_tag","embeddable":true,"href":"https:\/\/www.radiolimari.cl\/index.php?rest_route=%2Fwp%2Fv2%2Ftags&post=8073"}],"curies":[{"name":"wp","href":"https:\/\/api.w.org\/{rel}","templated":true}]}}