{"id":8069,"date":"2022-11-16T16:07:53","date_gmt":"2022-11-16T16:07:53","guid":{"rendered":"http:\/\/www.radiolimari.cl\/?p=8069"},"modified":"2022-11-16T16:08:39","modified_gmt":"2022-11-16T16:08:39","slug":"en-ovcalle-cecosf-de-la-poblacion-limari-estara-cerrado-hasta-el-proximo-lunes","status":"publish","type":"post","link":"https:\/\/www.radiolimari.cl\/?p=8069","title":{"rendered":"En Ovalle, CECOSF de la poblaci\u00f3n Limar\u00ed estar\u00e1 cerrado hasta el pr\u00f3ximo lunes"},"content":{"rendered":"<p><a href=\"https:\/\/www.radiolimari.cl\/wp-content\/uploads\/2022\/11\/16.11-Cecosf-de-la-poblaci\u00f3n-Limar\u00ed-2.jpg\"><img fetchpriority=\"high\" decoding=\"async\" class=\"alignnone size-medium wp-image-8070\" src=\"https:\/\/www.radiolimari.cl\/wp-content\/uploads\/2022\/11\/16.11-Cecosf-de-la-poblaci\u00f3n-Limar\u00ed-2-300x225.jpg\" alt=\"16.11 Cecosf de la poblaci\u00f3n Limar\u00ed (2)\" width=\"300\" height=\"225\" srcset=\"https:\/\/www.radiolimari.cl\/wp-content\/uploads\/2022\/11\/16.11-Cecosf-de-la-poblaci\u00f3n-Limar\u00ed-2-300x225.jpg 300w, https:\/\/www.radiolimari.cl\/wp-content\/uploads\/2022\/11\/16.11-Cecosf-de-la-poblaci\u00f3n-Limar\u00ed-2-1024x768.jpg 1024w\" sizes=\"(max-width: 300px) 100vw, 300px\" \/><\/a><\/p>\n<p><strong><em>Esta determinaci\u00f3n la tom\u00f3 el departamento de Salud Municipal, debido al atentado que hubo en las cercan\u00edas del centro de salud primaria, que dej\u00f3 como saldo a una persona herida y un impacto bal\u00edstico al interior de las dependencias del recinto, lo que gener\u00f3 p\u00e1nico en los funcionarios. <\/em><\/strong><!--more--><\/p>\n<p>Conmoci\u00f3n y p\u00e1nico caus\u00f3 en los funcionarios del CECOSF de la poblaci\u00f3n Limar\u00ed el atentado que ocurri\u00f3 en las cercan\u00edas del establecimiento de Salud. De acuerdo a los antecedentes un grupo de desconocidos habr\u00eda disparado en reiteradas ocasiones a una persona de 23 a\u00f1os, al cual finalmente hirieron en uno de sus hombros.<\/p>\n<p>La situaci\u00f3n se torn\u00f3 a\u00fan m\u00e1s ca\u00f3tica cuando uno de las balas ingres\u00f3 al centro de salud generando miedo y preocupaci\u00f3n en los trabajadores, que se encontraban en el lugar. Lo positivo fue que el centro de atenci\u00f3n primaria no se encontraba en funcionamiento en un 100%, debido a que los funcionarios se hicieron parte de la movilizaci\u00f3n impulsada por la CONFUSAM nacional, para solicitar el aumento del presupuesto de salud para el a\u00f1o 2023, de lo contrario el panorama hubiese sido m\u00e1s grave, ya que cientos de personas se atienden diariamente en este recinto.<\/p>\n<p>Producto de esta situaci\u00f3n el departamento de Salud Municipal determin\u00f3 que el recinto estar\u00e1 cerrado durante esta semana, debido a los graves acontecimientos, por lo que la atenci\u00f3n de p\u00fablico se restablecer\u00e1 de forma normal el pr\u00f3ximo lunes 21 de noviembre. Quienes necesiten alg\u00fan tipo de atenci\u00f3n deber\u00e1n trasladarse al CESFAM Jorge Jord\u00e1n Domic.<\/p>\n<p>Al respecto, la jefa del departamento de Salud Municipal, \u00c1ngela Neira indic\u00f3 que esta determinaci\u00f3n \u201cse tom\u00f3, debido a la gravedad de la situaci\u00f3n y porque caus\u00f3 p\u00e1nico en nuestros funcionarios y se puso en riesgo su integridad f\u00edsica y claramente afect\u00f3 su parte psicol\u00f3gica. Es una hecho preocupante, porque si no hubi\u00e9semos estado en una paralizaci\u00f3n, el recinto hubiese estado lleno y seguramente un usuario o uno de nuestros trabajadores habr\u00eda resultado herido\u201d.<\/p>\n<p>Por su parte, el alcalde (S) de Ovalle, H\u00e9ctor Vega Campusano sostuvo que es una situaci\u00f3n repudiable \u201clo que sucedi\u00f3 en la poblaci\u00f3n Limar\u00ed, porque puso en riesgo la vida de los vecinos del lugar y tambi\u00e9n de quienes se desempe\u00f1an en el CECOSF. Le pedimos la comprensi\u00f3n a los usuarios, porque estos d\u00edas tendr\u00e1n que asistir al CESFAM Jorge Jord\u00e1n Domic por cualquier inconveniente de salud\u201d.<\/p>\n","protected":false},"excerpt":{"rendered":"<p>Esta determinaci\u00f3n la tom\u00f3 el departamento de Salud Municipal, debido al atentado que hubo en las cercan\u00edas del centro de salud primaria, que dej\u00f3 como saldo a una persona herida y un impacto bal\u00edstico al interior de las dependencias del recinto, lo que gener\u00f3 p\u00e1nico en los funcionarios.<\/p>\n","protected":false},"author":2,"featured_media":8070,"comment_status":"open","ping_status":"open","sticky":false,"template":"","format":"standard","meta":{"footnotes":""},"categories":[5],"tags":[],"class_list":["post-8069","post","type-post","status-publish","format-standard","has-post-thumbnail","hentry","category-actualidad-limarina"],"_links":{"self":[{"href":"https:\/\/www.radiolimari.cl\/index.php?rest_route=\/wp\/v2\/posts\/8069","targetHints":{"allow":["GET"]}}],"collection":[{"href":"https:\/\/www.radiolimari.cl\/index.php?rest_route=\/wp\/v2\/posts"}],"about":[{"href":"https:\/\/www.radiolimari.cl\/index.php?rest_route=\/wp\/v2\/types\/post"}],"author":[{"embeddable":true,"href":"https:\/\/www.radiolimari.cl\/index.php?rest_route=\/wp\/v2\/users\/2"}],"replies":[{"embeddable":true,"href":"https:\/\/www.radiolimari.cl\/index.php?rest_route=%2Fwp%2Fv2%2Fcomments&post=8069"}],"version-history":[{"count":2,"href":"https:\/\/www.radiolimari.cl\/index.php?rest_route=\/wp\/v2\/posts\/8069\/revisions"}],"predecessor-version":[{"id":8072,"href":"https:\/\/www.radiolimari.cl\/index.php?rest_route=\/wp\/v2\/posts\/8069\/revisions\/8072"}],"wp:featuredmedia":[{"embeddable":true,"href":"https:\/\/www.radiolimari.cl\/index.php?rest_route=\/wp\/v2\/media\/8070"}],"wp:attachment":[{"href":"https:\/\/www.radiolimari.cl\/index.php?rest_route=%2Fwp%2Fv2%2Fmedia&parent=8069"}],"wp:term":[{"taxonomy":"category","embeddable":true,"href":"https:\/\/www.radiolimari.cl\/index.php?rest_route=%2Fwp%2Fv2%2Fcategories&post=8069"},{"taxonomy":"post_tag","embeddable":true,"href":"https:\/\/www.radiolimari.cl\/index.php?rest_route=%2Fwp%2Fv2%2Ftags&post=8069"}],"curies":[{"name":"wp","href":"https:\/\/api.w.org\/{rel}","templated":true}]}}