{"id":8048,"date":"2022-11-03T19:08:26","date_gmt":"2022-11-03T19:08:26","guid":{"rendered":"http:\/\/www.radiolimari.cl\/?p=8048"},"modified":"2022-11-03T19:08:26","modified_gmt":"2022-11-03T19:08:26","slug":"en-ovalle-con-un-gran-show-en-la-plaza-de-armas-se-vivira-la-teleton","status":"publish","type":"post","link":"https:\/\/www.radiolimari.cl\/?p=8048","title":{"rendered":"En Ovalle con un gran show en la plaza de armas se vivir\u00e1 la Telet\u00f3n"},"content":{"rendered":"<p><a href=\"https:\/\/www.radiolimari.cl\/wp-content\/uploads\/2022\/11\/3.11-muni-teleton.jpg\"><img fetchpriority=\"high\" decoding=\"async\" class=\"alignnone size-medium wp-image-8049\" src=\"https:\/\/www.radiolimari.cl\/wp-content\/uploads\/2022\/11\/3.11-muni-teleton-300x200.jpg\" alt=\"3.11 muni teleton\" width=\"300\" height=\"200\" srcset=\"https:\/\/www.radiolimari.cl\/wp-content\/uploads\/2022\/11\/3.11-muni-teleton-300x200.jpg 300w, https:\/\/www.radiolimari.cl\/wp-content\/uploads\/2022\/11\/3.11-muni-teleton-1024x682.jpg 1024w\" sizes=\"(max-width: 300px) 100vw, 300px\" \/><\/a><\/p>\n<p><strong><em>El pr\u00f3ximo 4 y 5 de noviembre se realizar\u00e1 las denominadas \u201c27 horas de amor\u201d en la capital limarina, donde artistas locales dar\u00e1n vida a dos jornadas art\u00edstica y solidarias apoyadas por el municipio de Ovalle. El viernes 4 se presentar\u00e1 Paskual y su Alegr\u00eda y el s\u00e1bado 5 de noviembre la Sonora Palacios Junior. \u00a0<\/em><\/strong><!--more--><\/p>\n<p>Este 4 y 5 de noviembre, se llevar\u00e1 a cabo la Telet\u00f3n 2022 en nuestro pa\u00eds. Es por este motivo, que el municipio de Ovalle est\u00e1 preparando un gran espect\u00e1culo art\u00edstico que se desarrollar\u00e1 en la plaza de armas, y que busca concientizar a la poblaci\u00f3n local para que haga sus aportes en la cuenta 24.500-03 del Banco de Chile.<\/p>\n<p>Previamente, se realiz\u00f3 la Gira Telet\u00f3n por el sector rural, que se inici\u00f3 el 21 de octubre, que incluy\u00f3 las localidades de Cerrillos de Tamaya, Los Olivos, Limar\u00ed, La Chimba, Tabal\u00ed, Huallillinga, Recoleta y El Guindo.<\/p>\n<p>La primera jornada se iniciar\u00e1 a las 19.30 horas con las presentaciones de artistas locales entre los que destacan Mat\u00edas Guerrero, un tributo a Michael Jackson, el grupo de baile Urban Style, la cantante L\u00eda y Luis Ossand\u00f3n.<\/p>\n<p>Alrededor de las 21.40 horas, se realizar\u00e1 la obertura oficial de la Telet\u00f3n y el saludo del alcalde Claudio Renter\u00eda, quien invitar\u00e1 a las personas a efectuar sus aportes y seguir confirmando que Ovalle es una de las comunas m\u00e1s solidarias de la regi\u00f3n de Coquimbo. Tras esto, se presentar\u00e1n los cantantes Claudia Aguilera y el charro Vicente Aguilar, para finalizar con la m\u00fasica y los \u00e9xitos de Pascual y su Alegr\u00eda.<\/p>\n<p>El s\u00e1bado 5 de noviembre, el espect\u00e1culo comenzar\u00e1 con el Bloque Infantil, desde las 10.00 horas, en el que se presentar\u00e1n diversas agrupaciones infantiles, quienes ser\u00e1n los encargados de entretener a ni\u00f1os y ni\u00f1as, donde destacan el grupo de baile Urban Style, Happy Boys y la Escuela de Talentos de Claudia Aguilera.<\/p>\n<p>A las 21.45 horas, se dar\u00e1 inicio a la segunda jornada con el ballet Telet\u00f3n y se presentar\u00e1 la ganadora del programa de MEGA Got Talent Chile, Juliana \u00c1ngel. Luego ser\u00e1 el turno del grupo Embrujos del Amor, Danissa, el grupo Los Sicarios, para culminar con la m\u00fasica tropical de la Sonora Palacios Juniors.<\/p>\n<p>El alcalde Claudio Renter\u00eda hizo un llamado a la comunidad ovallina a \u201ccooperar con la Telet\u00f3n, ya que es una instancia donde debemos mostrar nuestro esp\u00edritu solidario, porque cada uno de los aportes son importantes para llegar a la meta y permitir que los 14 centro de rehabilitaci\u00f3n a lo largo del pa\u00eds sigan funcionando\u201d.<\/p>\n<p>Para este a\u00f1o, la Telet\u00f3n\u00a0 busca recaudar m\u00e1s de 35 mil millones de pesos y superar la meta alcanzada durante el a\u00f1o 2021.<\/p>\n<p><strong>\u00a0<\/strong><\/p>\n","protected":false},"excerpt":{"rendered":"<p>El pr\u00f3ximo 4 y 5 de noviembre se realizar\u00e1 las denominadas \u201c27 horas de amor\u201d en la capital limarina, donde artistas locales dar\u00e1n vida a dos jornadas art\u00edstica y solidarias apoyadas por el municipio de Ovalle. El viernes 4 se presentar\u00e1 Paskual y su Alegr\u00eda y el s\u00e1bado 5 de noviembre la Sonora Palacios Junior. &#8230;<\/p>\n","protected":false},"author":2,"featured_media":8049,"comment_status":"open","ping_status":"open","sticky":false,"template":"","format":"standard","meta":{"footnotes":""},"categories":[5],"tags":[],"class_list":["post-8048","post","type-post","status-publish","format-standard","has-post-thumbnail","hentry","category-actualidad-limarina"],"_links":{"self":[{"href":"https:\/\/www.radiolimari.cl\/index.php?rest_route=\/wp\/v2\/posts\/8048","targetHints":{"allow":["GET"]}}],"collection":[{"href":"https:\/\/www.radiolimari.cl\/index.php?rest_route=\/wp\/v2\/posts"}],"about":[{"href":"https:\/\/www.radiolimari.cl\/index.php?rest_route=\/wp\/v2\/types\/post"}],"author":[{"embeddable":true,"href":"https:\/\/www.radiolimari.cl\/index.php?rest_route=\/wp\/v2\/users\/2"}],"replies":[{"embeddable":true,"href":"https:\/\/www.radiolimari.cl\/index.php?rest_route=%2Fwp%2Fv2%2Fcomments&post=8048"}],"version-history":[{"count":1,"href":"https:\/\/www.radiolimari.cl\/index.php?rest_route=\/wp\/v2\/posts\/8048\/revisions"}],"predecessor-version":[{"id":8050,"href":"https:\/\/www.radiolimari.cl\/index.php?rest_route=\/wp\/v2\/posts\/8048\/revisions\/8050"}],"wp:featuredmedia":[{"embeddable":true,"href":"https:\/\/www.radiolimari.cl\/index.php?rest_route=\/wp\/v2\/media\/8049"}],"wp:attachment":[{"href":"https:\/\/www.radiolimari.cl\/index.php?rest_route=%2Fwp%2Fv2%2Fmedia&parent=8048"}],"wp:term":[{"taxonomy":"category","embeddable":true,"href":"https:\/\/www.radiolimari.cl\/index.php?rest_route=%2Fwp%2Fv2%2Fcategories&post=8048"},{"taxonomy":"post_tag","embeddable":true,"href":"https:\/\/www.radiolimari.cl\/index.php?rest_route=%2Fwp%2Fv2%2Ftags&post=8048"}],"curies":[{"name":"wp","href":"https:\/\/api.w.org\/{rel}","templated":true}]}}