{"id":8038,"date":"2022-10-25T19:33:39","date_gmt":"2022-10-25T19:33:39","guid":{"rendered":"http:\/\/www.radiolimari.cl\/?p=8038"},"modified":"2022-10-25T19:33:39","modified_gmt":"2022-10-25T19:33:39","slug":"en-ovalle-juzgado-de-garantia-ordena-la-prision-preventiva-de-imputada-por-homicidio","status":"publish","type":"post","link":"https:\/\/www.radiolimari.cl\/?p=8038","title":{"rendered":"En Ovalle Juzgado de Garant\u00eda  ordena la prisi\u00f3n preventiva de imputada por homicidio"},"content":{"rendered":"<p><a href=\"https:\/\/www.radiolimari.cl\/wp-content\/uploads\/2022\/10\/25.10-jgov-pp-homicidio.jpeg\"><img fetchpriority=\"high\" decoding=\"async\" class=\"alignnone size-medium wp-image-8039\" src=\"https:\/\/www.radiolimari.cl\/wp-content\/uploads\/2022\/10\/25.10-jgov-pp-homicidio-300x201.jpeg\" alt=\"25.10 jgov pp homicidio\" width=\"300\" height=\"201\" srcset=\"https:\/\/www.radiolimari.cl\/wp-content\/uploads\/2022\/10\/25.10-jgov-pp-homicidio-300x201.jpeg 300w, https:\/\/www.radiolimari.cl\/wp-content\/uploads\/2022\/10\/25.10-jgov-pp-homicidio-1024x686.jpeg 1024w, https:\/\/www.radiolimari.cl\/wp-content\/uploads\/2022\/10\/25.10-jgov-pp-homicidio.jpeg 1200w\" sizes=\"(max-width: 300px) 100vw, 300px\" \/><\/a><\/p>\n<p>El Juzgado de Garant\u00eda de Ovalle dej\u00f3 este martes 25 de octubre sujeta a la medida cautelar de prisi\u00f3n preventiva a C.T.P.D., imputada por el Ministerio P\u00fablico como autora del delito consumado de homicidio. Il\u00edcito perpetrado el domingo reci\u00e9n pasado, en la comuna.<!--more--><\/p>\n<p>En la audiencia de formalizaci\u00f3n, el magistrado Luis Mu\u00f1oz Caama\u00f1o orden\u00f3 el ingreso de C.T.P.D., al Centro de Detenci\u00f3n Preventiva de Ovalle por considerar que la libertad de la imputada constituye un peligro para la seguridad de la sociedad. Adem\u00e1s, fij\u00f3 en 120 d\u00edas el plazo de investigaci\u00f3n.<\/p>\n<p>Al resolver la privaci\u00f3n de libertad de la imputada, el magistrado Mu\u00f1oz Caama\u00f1o sostuvo que: \u201cLa v\u00edctima tiene m\u00faltiples heridas, ello da cuenta que debe descartarse la leg\u00edtima defensa, porque la leg\u00edtima defensa llega hasta cierto repeler un eventual ataque. En este caso, claramente, hay una intenci\u00f3n de agredir y causar la muerte de la v\u00edctima, que se puede vislumbrar de las cuantiosas heridas que presenta en su cuerpo y especialmente en lugares sensibles del cuerpo donde l\u00f3gicamente son capaces de causar la muerte\u201d.<\/p>\n<p>\u201cPor lo tanto, estima el tribunal que se encuentra, por ahora, justificada la existencia del delito de homicidio. Respecto a la participaci\u00f3n de la imputada hay testigos que la ven en el lugar del hecho agrediendo a la v\u00edctima; no se ha puesto tampoco en duda su participaci\u00f3n. En cuanto a la necesidad de cautela se trata de un delito de crimen, por lo cual la libertad de la imputada no puede sino calificarse de peligrosa para la seguridad de la sociedad, siempre lo es cuando se priva a la sociedad de la vida de unos de sus integrantes\u201d, agreg\u00f3.<\/p>\n<p>\u201cEn consecuencia, estima el tribunal que se dan todos los requisitos del art\u00edculo 140 y por ende se va a hacer lugar a petici\u00f3n del Ministerio P\u00fablico de decretar la prisi\u00f3n preventiva de la imputada\u201d, concluy\u00f3.<\/p>\n<p>Seg\u00fan el ente persecutor, aproximadamente a las 23:04 horas del domingo 23 de octubre de 2022, en un inmueble de la poblaci\u00f3n Bicentenario, comuna de Ovalle, la imputada provista de un cuchillo le propin\u00f3 a su exconviviente m\u00faltiples heridas cortopenetrantes en diversas partes del cuerpo, especialmente en la regi\u00f3n tor\u00e1cica, abdominal, lumbar, cabeza, rostro y una herida cervical con compromiso de arterias que, en definitiva, le causaron la muerte en el lugar.<\/p>\n<p>&nbsp;<\/p>\n","protected":false},"excerpt":{"rendered":"<p>El Juzgado de Garant\u00eda de Ovalle dej\u00f3 este martes 25 de octubre sujeta a la medida cautelar de prisi\u00f3n preventiva a C.T.P.D., imputada por el Ministerio P\u00fablico como autora del delito consumado de homicidio. Il\u00edcito perpetrado el domingo reci\u00e9n pasado, en la comuna.<\/p>\n","protected":false},"author":2,"featured_media":8039,"comment_status":"open","ping_status":"open","sticky":false,"template":"","format":"standard","meta":{"footnotes":""},"categories":[5],"tags":[],"class_list":["post-8038","post","type-post","status-publish","format-standard","has-post-thumbnail","hentry","category-actualidad-limarina"],"_links":{"self":[{"href":"https:\/\/www.radiolimari.cl\/index.php?rest_route=\/wp\/v2\/posts\/8038","targetHints":{"allow":["GET"]}}],"collection":[{"href":"https:\/\/www.radiolimari.cl\/index.php?rest_route=\/wp\/v2\/posts"}],"about":[{"href":"https:\/\/www.radiolimari.cl\/index.php?rest_route=\/wp\/v2\/types\/post"}],"author":[{"embeddable":true,"href":"https:\/\/www.radiolimari.cl\/index.php?rest_route=\/wp\/v2\/users\/2"}],"replies":[{"embeddable":true,"href":"https:\/\/www.radiolimari.cl\/index.php?rest_route=%2Fwp%2Fv2%2Fcomments&post=8038"}],"version-history":[{"count":1,"href":"https:\/\/www.radiolimari.cl\/index.php?rest_route=\/wp\/v2\/posts\/8038\/revisions"}],"predecessor-version":[{"id":8040,"href":"https:\/\/www.radiolimari.cl\/index.php?rest_route=\/wp\/v2\/posts\/8038\/revisions\/8040"}],"wp:featuredmedia":[{"embeddable":true,"href":"https:\/\/www.radiolimari.cl\/index.php?rest_route=\/wp\/v2\/media\/8039"}],"wp:attachment":[{"href":"https:\/\/www.radiolimari.cl\/index.php?rest_route=%2Fwp%2Fv2%2Fmedia&parent=8038"}],"wp:term":[{"taxonomy":"category","embeddable":true,"href":"https:\/\/www.radiolimari.cl\/index.php?rest_route=%2Fwp%2Fv2%2Fcategories&post=8038"},{"taxonomy":"post_tag","embeddable":true,"href":"https:\/\/www.radiolimari.cl\/index.php?rest_route=%2Fwp%2Fv2%2Ftags&post=8038"}],"curies":[{"name":"wp","href":"https:\/\/api.w.org\/{rel}","templated":true}]}}