{"id":8035,"date":"2022-10-25T19:24:55","date_gmt":"2022-10-25T19:24:55","guid":{"rendered":"http:\/\/www.radiolimari.cl\/?p=8035"},"modified":"2022-10-25T19:24:55","modified_gmt":"2022-10-25T19:24:55","slug":"gobierno-impulsa-dialogos-participativos-para-recoger-opiniones-y-formular-una-nueva-politica-nacional-de-migracion","status":"publish","type":"post","link":"https:\/\/www.radiolimari.cl\/?p=8035","title":{"rendered":"Gobierno impulsa di\u00e1logos participativos para recoger opiniones y formular una nueva pol\u00edtica nacional de migraci\u00f3n"},"content":{"rendered":"<p><a href=\"https:\/\/www.radiolimari.cl\/wp-content\/uploads\/2022\/10\/25.10-MIGRACION-IMG_0990-1.jpeg\"><img fetchpriority=\"high\" decoding=\"async\" class=\"alignnone size-medium wp-image-8036\" src=\"https:\/\/www.radiolimari.cl\/wp-content\/uploads\/2022\/10\/25.10-MIGRACION-IMG_0990-1-300x225.jpeg\" alt=\"25.10 MIGRACION - IMG_0990 (1)\" width=\"300\" height=\"225\" srcset=\"https:\/\/www.radiolimari.cl\/wp-content\/uploads\/2022\/10\/25.10-MIGRACION-IMG_0990-1-300x225.jpeg 300w, https:\/\/www.radiolimari.cl\/wp-content\/uploads\/2022\/10\/25.10-MIGRACION-IMG_0990-1-1024x768.jpeg 1024w, https:\/\/www.radiolimari.cl\/wp-content\/uploads\/2022\/10\/25.10-MIGRACION-IMG_0990-1.jpeg 1600w\" sizes=\"(max-width: 300px) 100vw, 300px\" \/><\/a><\/p>\n<p><strong><em>La academia, Naciones Unidas y las agrupaciones representativas de la poblaci\u00f3n migrante forman parte de este espacio que se desarrolla en todo el pa\u00eds. \u201cLo prudente es regularizar y ordenar la situaci\u00f3n. Queremos ponernos de acuerdo en materias claves\u201d, sostuvo el Delegado Presidencial, Rub\u00e9n Quezada.<\/em><\/strong><\/p>\n<p><!--more--><\/p>\n<p>Chile no ha estado exento del fen\u00f3meno migratorio y uno de los compromisos del Gobierno del Presidente Gabriel Boric es abordar esta realidad.<\/p>\n<p>Es por ello que se ha impulsado una serie de conversatorios en todo el pa\u00eds para ir recogiendo distintas miradas para la formulaci\u00f3n de una Pol\u00edtica Nacional de Migraci\u00f3n. <strong>\u201cLo prudente es regularizar y ordenar la situaci\u00f3n. Existe una Ley que va a derivar en una pol\u00edtica migratoria de la cual nos estamos haciendo cargo, llamando no solo al sector acad\u00e9mico, tambi\u00e9n a los ciudadanos y a las personas migrantes, y as\u00ed ponernos de acuerdo en materias claves, por ejemplo, c\u00f3mo se va a regularizar el tema o asuntos como el progreso econ\u00f3mico, seguridad, entre otros aspectos\u201d<\/strong>, explic\u00f3 el Delegado Presidencial Regional, Rub\u00e9n Quezada.<\/p>\n<p>Se trata de una instancia en la que participa un panel de expertos, compuesto por el Director Regional de Migraciones, el Centro de Pol\u00edticas P\u00fablicas de la UCN, la Organizaci\u00f3n de las Naciones Unidas a trav\u00e9s de la Organizaci\u00f3n Internacional para las Migraciones OMI, y representantes de la poblaci\u00f3n migrante en la regi\u00f3n. Estos \u00faltimos valoraron la invitaci\u00f3n a formar parte de estos espacios.<\/p>\n<p><strong>\u201cHoy la realidad del migrante es compleja. Estamos estigmatizados y criminalizados. Para hablar de nosotros hay que ponerse en nuestros zapatos, hay que ir a terreno, a los campamentos, a conversar con nosotros. Damos las gracias por habernos incluido\u201d<\/strong>, indic\u00f3 Mery Cortes, Presidenta de la Corporaci\u00f3n de Colectividades Extranjeras.<\/p>\n<p>Y es que Mery lleva 20 a\u00f1os en nuestro pa\u00eds y su agrupaci\u00f3n representa a 12 pa\u00edses. Para ella, falta m\u00e1s empat\u00eda, respeto y conciencia social. <strong>\u201cTodos, cuando nacemos, tenemos derechos humanos inalienables. Necesitamos que se nos reconozcan nuestros derechos, porque tambi\u00e9n venimos a aportar, en econom\u00eda, en interculturalidad, en deportes. No todos venimos a hacer maldades, muchos venimos a entregar conocimiento y a trabajar\u201d<\/strong>, expres\u00f3.<\/p>\n<p>En la Regi\u00f3n de Coquimbo, se estima que reside un 2,4% de la poblaci\u00f3n migrante total en Chile. Es decir, 34.871 de un universo de 1.482.390. El 59,4% de esta poblaci\u00f3n en la zona tiene entre 25 y 44 a\u00f1os.<\/p>\n<p>De ellos, 29,7% son de nacionalidad venezolana, 16,9% colombianas, 14,9% haitianas, 8,8% peruanas, 7,8% bolivianas, 5,8% argentinas y un 16,1% corresponde a otras nacionalidades. En cuanto a su g\u00e9nero, 18.340 personas son hombres, mientras que 16.531 corresponde a mujeres.<\/p>\n<p>&nbsp;<\/p>\n<p><strong>Elementos claves para una pol\u00edtica eficiente._<\/strong><strong>\u00a0<\/strong><\/p>\n<p>Para Luis Moncayo, Acad\u00e9mico Pol\u00edticas Publicas Universidad Cat\u00f3lica del Norte, una pol\u00edtica efectiva en esta materia debe considerar la diversidad territorial, ya que los procesos migratorios adquieren caracter\u00edsticas distintas seg\u00fan las regiones.<\/p>\n<p><strong>\u201cUn segundo elemento es que contenga un dise\u00f1o institucional que haga part\u00edcipe a los distintos niveles del Estado como los Gobiernos Regionales y los municipios porque ellos pueden contribuir a una buena gobernanza\u201d<\/strong>, se\u00f1al\u00f3 Moncayo ya que, agreg\u00f3 <strong>\u201cel dise\u00f1o de la Ley es centralista y hace descansar excesivamente en el Servicio Nacional de Migraciones, una serie de funciones\u00a0 que pueden ser compartidas\u201d<\/strong>.<\/p>\n<p>Y una tercera arista es que contemple la realidad sociocultural de los territorios, porque el fen\u00f3meno de la migraci\u00f3n, explic\u00f3 el acad\u00e9mico de la UCN, no solo depende de las normas o pol\u00edticas, tambi\u00e9n de la sociedad civil.<\/p>\n<p><strong>\u201cEl desaf\u00edo es c\u00f3mo la sociedad civil es capaz de integrar a la poblaci\u00f3n extranjera positivamente, para que contribuya al desarrollo del territorio y el pa\u00eds, creo que una nueva pol\u00edtica nacional, debe considerar las fortalezas y debilidades que tiene la sociedad respecto a este tema\u201d<\/strong>, puntualiz\u00f3 Luis Moncayo.<\/p>\n","protected":false},"excerpt":{"rendered":"<p>La academia, Naciones Unidas y las agrupaciones representativas de la poblaci\u00f3n migrante forman parte de este espacio que se desarrolla en todo el pa\u00eds. \u201cLo prudente es regularizar y ordenar la situaci\u00f3n. Queremos ponernos de acuerdo en materias claves\u201d, sostuvo el Delegado Presidencial, Rub\u00e9n Quezada.<\/p>\n","protected":false},"author":2,"featured_media":8036,"comment_status":"open","ping_status":"open","sticky":false,"template":"","format":"standard","meta":{"footnotes":""},"categories":[6],"tags":[],"class_list":["post-8035","post","type-post","status-publish","format-standard","has-post-thumbnail","hentry","category-regionales"],"_links":{"self":[{"href":"https:\/\/www.radiolimari.cl\/index.php?rest_route=\/wp\/v2\/posts\/8035","targetHints":{"allow":["GET"]}}],"collection":[{"href":"https:\/\/www.radiolimari.cl\/index.php?rest_route=\/wp\/v2\/posts"}],"about":[{"href":"https:\/\/www.radiolimari.cl\/index.php?rest_route=\/wp\/v2\/types\/post"}],"author":[{"embeddable":true,"href":"https:\/\/www.radiolimari.cl\/index.php?rest_route=\/wp\/v2\/users\/2"}],"replies":[{"embeddable":true,"href":"https:\/\/www.radiolimari.cl\/index.php?rest_route=%2Fwp%2Fv2%2Fcomments&post=8035"}],"version-history":[{"count":1,"href":"https:\/\/www.radiolimari.cl\/index.php?rest_route=\/wp\/v2\/posts\/8035\/revisions"}],"predecessor-version":[{"id":8037,"href":"https:\/\/www.radiolimari.cl\/index.php?rest_route=\/wp\/v2\/posts\/8035\/revisions\/8037"}],"wp:featuredmedia":[{"embeddable":true,"href":"https:\/\/www.radiolimari.cl\/index.php?rest_route=\/wp\/v2\/media\/8036"}],"wp:attachment":[{"href":"https:\/\/www.radiolimari.cl\/index.php?rest_route=%2Fwp%2Fv2%2Fmedia&parent=8035"}],"wp:term":[{"taxonomy":"category","embeddable":true,"href":"https:\/\/www.radiolimari.cl\/index.php?rest_route=%2Fwp%2Fv2%2Fcategories&post=8035"},{"taxonomy":"post_tag","embeddable":true,"href":"https:\/\/www.radiolimari.cl\/index.php?rest_route=%2Fwp%2Fv2%2Ftags&post=8035"}],"curies":[{"name":"wp","href":"https:\/\/api.w.org\/{rel}","templated":true}]}}