{"id":7996,"date":"2022-10-13T16:17:51","date_gmt":"2022-10-13T16:17:51","guid":{"rendered":"http:\/\/www.radiolimari.cl\/?p=7996"},"modified":"2022-10-13T16:17:51","modified_gmt":"2022-10-13T16:17:51","slug":"sercotec-beneficio-a-104-pymes-de-la-region-con-fondos-capital-semilla-y-capital-abeja-emprende","status":"publish","type":"post","link":"https:\/\/www.radiolimari.cl\/?p=7996","title":{"rendered":"SERCOTEC benefici\u00f3 a 104 pymes de la regi\u00f3n con fondos Capital Semilla y Capital Abeja Emprende"},"content":{"rendered":"<p><a href=\"https:\/\/www.radiolimari.cl\/wp-content\/uploads\/2022\/10\/13.10-sercotec1.jpeg\"><img fetchpriority=\"high\" decoding=\"async\" class=\"alignnone size-medium wp-image-7997\" src=\"https:\/\/www.radiolimari.cl\/wp-content\/uploads\/2022\/10\/13.10-sercotec1-300x225.jpeg\" alt=\"13.10 sercotec1\" width=\"300\" height=\"225\" srcset=\"https:\/\/www.radiolimari.cl\/wp-content\/uploads\/2022\/10\/13.10-sercotec1-300x225.jpeg 300w, https:\/\/www.radiolimari.cl\/wp-content\/uploads\/2022\/10\/13.10-sercotec1-1024x768.jpeg 1024w, https:\/\/www.radiolimari.cl\/wp-content\/uploads\/2022\/10\/13.10-sercotec1.jpeg 1600w\" sizes=\"(max-width: 300px) 100vw, 300px\" \/><\/a><\/p>\n<p><em>Las certificaciones se hicieron entrega a los beneficiarios y beneficiarias mediante una ceremonia que cont\u00f3 con la participaci\u00f3n de la Gobernadora Regional, Krist Naranjo; los seremis de Econom\u00eda y del Trabajo y el director de Sercotec Coquimbo, Pascal Lagunas. <\/em><!--more--><\/p>\n<p>Para apoyar y fortalecer a la peque\u00f1a y mediana empresa, el Gobierno ha impulsado programas como el Capital Semilla y Capital Abeja Emprende ambos pertenecientes al Servicio de Cooperaci\u00f3n T\u00e9cnica (SERCOTEC) los cuales han permitido concretar miles de ideas de negocio de emprendedores y emprendedoras a lo largo del pa\u00eds, consolidando una pol\u00edtica p\u00fablica que va en beneficio directo de dicho sector.<\/p>\n<p>En este sentido, el director Regional de SERCOTEC, Pascal Lagunas se\u00f1al\u00f3 que, \u201cestamos muy felices porque estos programas ayudan a formalizar ideas de negocio, mediante los cuales Sercotec entrega recursos a los emprendedores y los ayuda a concretar sus sue\u00f1os que de alguna manera mejorar\u00e1n sus vidas y las de sus familias\u201d.<\/p>\n<p>Por su parte, la Gobernadora Regional, Krist Naranjo recalc\u00f3 la importancia de estos fondos concursables, sobre todo por el contexto econ\u00f3mico mundial en el que nos encontramos. \u201cCon la crisis econ\u00f3mica, nuestro foco es fortalecer a todos los emprendedores de nuestra regi\u00f3n y es algo que llevamos haciendo, en un esfuerzo mancomunado con Sercotec con recursos del Gobierno Regional para fortalecer a las pymes en los distintos rubros y \u00e1reas productivas\u201d, explic\u00f3.<\/p>\n<p>En tanto, el Seremi de Econom\u00eda, Nicol\u00e1s Ledezma sostuvo que \u201cestoy muy contento de participar, hoy, de esta certificaci\u00f3n la que sin duda es una muestra m\u00e1s del compromiso que tiene el presidente Gabriel Boric por ayudar a las pymes de nuestro pa\u00eds mediante la entrega de recursos, en este caso, mediante programas del Sercotec que son aportes concretos para los emprendedores y emprendedoras de la regi\u00f3n de Coquimbo y a quienes queremos seguir apoyando\u201d.<\/p>\n<p>La actividad tuvo lugar en el Sal\u00f3n Gabriel Gonz\u00e1lez Videla del Gobierno Regional y cont\u00f3, adem\u00e1s, con la presencia del director regional de Corfo, Andr\u00e9s Zurita y la participaci\u00f3n de los 104 beneficiados quienes junto a sus familias recibieron con mucha emoci\u00f3n estos recursos que equivalen a Capital Semilla $171.290.000 y Capital Abeja Emprende $190.192.817 que ser\u00e1n destinados a emprendimientos pertenecientes a las comunas de Andacollo, Combarbal\u00e1, Coquimbo, Illapel, La Higuera, La Serena, Los Vilos, Monte Patria, Ovalle, Paihuano, Rio Hurtado y Salamanca.<\/p>\n<p>La beneficiada por el programa Capital Abeja Emprende por su emprendimiento Elqui Sandboard, B\u00e1rbara Veliz, expres\u00f3 que \u201ceste apoyo lo necesit\u00e1bamos 100%, sobretodo porque la implementaci\u00f3n de Sandboard es caro, las tablas y c\u00e1maras deportivas que usamos para grabar a nuestros clientes y subir material a las redes sociales, por lo que esto nos ha servido mucho, fue el impulso que necesit\u00e1bamos para salir adelante\u201d.<\/p>\n<p>Asimismo, Priscila Araya de CochaKids, emprendimiento de mordedores a base de cochayuyo en forma de flora y fauna marina end\u00e9mica de la regi\u00f3n y beneficiada con el Capital Abeja Emprende, sostuvo que estos recursos \u201cme ayudar\u00e1n tanto para la producci\u00f3n como para la masificaci\u00f3n de mi emprendimiento con la adquisici\u00f3n de maquinaria y, tambi\u00e9n, para la difusi\u00f3n de mis productos con la creaci\u00f3n de mi p\u00e1gina web\u201d.<\/p>\n<p>Por \u00faltimo, Stefi Rojas creadora de Comunicaciones Spa y ganadora del fondo Capital Abeja podr\u00e1 acceder a equipos y a una plataforma web para desarrollar sus sesiones de coaching. \u201cCon este fondo podr\u00e9 difundir mis cursos a trav\u00e9s de redes sociales y comprar algunos equipos, una c\u00e1mara y un proyector para tener mejor calidad y as\u00ed entregar un trabajo serio y m\u00e1s profesional\u201d, concluy\u00f3.<\/p>\n","protected":false},"excerpt":{"rendered":"<p>Las certificaciones se hicieron entrega a los beneficiarios y beneficiarias mediante una ceremonia que cont\u00f3 con la participaci\u00f3n de la Gobernadora Regional, Krist Naranjo; los seremis de Econom\u00eda y del Trabajo y el director de Sercotec Coquimbo, Pascal Lagunas.<\/p>\n","protected":false},"author":2,"featured_media":7997,"comment_status":"open","ping_status":"open","sticky":false,"template":"","format":"standard","meta":{"footnotes":""},"categories":[6],"tags":[],"class_list":["post-7996","post","type-post","status-publish","format-standard","has-post-thumbnail","hentry","category-regionales"],"_links":{"self":[{"href":"https:\/\/www.radiolimari.cl\/index.php?rest_route=\/wp\/v2\/posts\/7996","targetHints":{"allow":["GET"]}}],"collection":[{"href":"https:\/\/www.radiolimari.cl\/index.php?rest_route=\/wp\/v2\/posts"}],"about":[{"href":"https:\/\/www.radiolimari.cl\/index.php?rest_route=\/wp\/v2\/types\/post"}],"author":[{"embeddable":true,"href":"https:\/\/www.radiolimari.cl\/index.php?rest_route=\/wp\/v2\/users\/2"}],"replies":[{"embeddable":true,"href":"https:\/\/www.radiolimari.cl\/index.php?rest_route=%2Fwp%2Fv2%2Fcomments&post=7996"}],"version-history":[{"count":1,"href":"https:\/\/www.radiolimari.cl\/index.php?rest_route=\/wp\/v2\/posts\/7996\/revisions"}],"predecessor-version":[{"id":7998,"href":"https:\/\/www.radiolimari.cl\/index.php?rest_route=\/wp\/v2\/posts\/7996\/revisions\/7998"}],"wp:featuredmedia":[{"embeddable":true,"href":"https:\/\/www.radiolimari.cl\/index.php?rest_route=\/wp\/v2\/media\/7997"}],"wp:attachment":[{"href":"https:\/\/www.radiolimari.cl\/index.php?rest_route=%2Fwp%2Fv2%2Fmedia&parent=7996"}],"wp:term":[{"taxonomy":"category","embeddable":true,"href":"https:\/\/www.radiolimari.cl\/index.php?rest_route=%2Fwp%2Fv2%2Fcategories&post=7996"},{"taxonomy":"post_tag","embeddable":true,"href":"https:\/\/www.radiolimari.cl\/index.php?rest_route=%2Fwp%2Fv2%2Ftags&post=7996"}],"curies":[{"name":"wp","href":"https:\/\/api.w.org\/{rel}","templated":true}]}}