{"id":7992,"date":"2022-10-13T16:00:29","date_gmt":"2022-10-13T16:00:29","guid":{"rendered":"http:\/\/www.radiolimari.cl\/?p=7992"},"modified":"2022-10-13T16:01:16","modified_gmt":"2022-10-13T16:01:16","slug":"colocan-primera-piedra-de-la-futura-sede-social-de-la-localidad-de-limari","status":"publish","type":"post","link":"https:\/\/www.radiolimari.cl\/?p=7992","title":{"rendered":"Colocan \u201cPrimera Piedra\u201d de la futura sede social de la localidad de Limar\u00ed"},"content":{"rendered":"<p><a href=\"https:\/\/www.radiolimari.cl\/wp-content\/uploads\/2022\/10\/13.10-Primera-Piedra-Limar\u00ed.jpg\"><img fetchpriority=\"high\" decoding=\"async\" class=\"alignnone size-medium wp-image-7993\" src=\"https:\/\/www.radiolimari.cl\/wp-content\/uploads\/2022\/10\/13.10-Primera-Piedra-Limar\u00ed-300x225.jpg\" alt=\"13.10 Primera Piedra Limar\u00ed\" width=\"300\" height=\"225\" srcset=\"https:\/\/www.radiolimari.cl\/wp-content\/uploads\/2022\/10\/13.10-Primera-Piedra-Limar\u00ed-300x225.jpg 300w, https:\/\/www.radiolimari.cl\/wp-content\/uploads\/2022\/10\/13.10-Primera-Piedra-Limar\u00ed-1024x768.jpg 1024w\" sizes=\"(max-width: 300px) 100vw, 300px\" \/><\/a><\/p>\n<p><strong><em>El recinto comunitario, de la junta de vecinos Pedro Aguirre Cerda, tiene una inversi\u00f3n de 258 millones de pesos, que ser\u00e1 financiado gracias al programa DS27 del ministerio de Vivienda y Urbanismo, m\u00e1s un aporte municipal<\/em><\/strong><!--more--><\/p>\n<p>&nbsp;<\/p>\n<p>Es el sue\u00f1o m\u00e1s importante que tiene la junta de vecinos Pedro Aguirre Cerda de la localidad de Limar\u00ed. La construcci\u00f3n de su sede social dio un paso relevante para su concreci\u00f3n, ya que el alcalde Claudio Renter\u00eda, el delegado presidencial provincial, Galo Luna Penna y la presidenta de la organizaci\u00f3n, Juana Pizarro y residentes del sector pusieron la \u201cPrimera Piedra\u201d del futuro recinto comunitario.<\/p>\n<p>La obra cuenta con una inversi\u00f3n de 258 millones de pesos (7.500 UF), que ser\u00e1 financiada a trav\u00e9s del programa DS27 del ministerio de Vivienda y Urbanismo (MINVU) en conjunto con el municipio de Ovalle. En este punto, el MINVU aporta el 90% del costo de la obra y el 10% restante es proporcionado por el gobierno comunal.<\/p>\n<p>La sede social se construir\u00e1 en un terreno que adquiri\u00f3 el municipio y que se encuentra a un costado de la plaza central del pueblo, que tiene una superficie de 440,9 metros cuadrados, de los cuales tendr\u00e1 162,68 metros cuadrados construidos. El proyecto contempla recorridos peatonales en cumplimiento de accesibilidad universal, \u00e1rea de reuniones y de administraci\u00f3n, sal\u00f3n principal, servicios higi\u00e9nicos hombre y damas y de accesibilidad universal, cocina para la realizaci\u00f3n de distintas actividades,\u00a0bodega, cierre perimetrales y sistema de iluminaci\u00f3n LED. La construcci\u00f3n se contempla en hormig\u00f3n armado y un dise\u00f1o contempor\u00e1neo, para que la construcci\u00f3n sea reconocida e identificada y tenga una durabilidad mayor.<\/p>\n<p>La presidenta de la junta de vecinos, Juana Pizarro sostuvo que \u201cnuestra historia hoy inicia un periodo de cambio porque instalamos la \u201cprimera piedra\u201d de nuestra futura sede social y seguir con la importante labor que realizamos, que se caracteriza por apoyar a cada uno de los integrantes de nuestra organizaci\u00f3n. Estamos ansiosos de tener pronto nuestra casa propia\u201d.<\/p>\n<p>El alcalde Claudio Renter\u00eda indic\u00f3 que la materializaci\u00f3n de esta obra \u201ces fruto del trabajo conjunto entre el municipio de Ovalle, la junta de vecinos y el ministerio de Vivienda y Urbanismo. Estamos muy contentos, porque siempre como administraci\u00f3n municipal hemos impulsado iniciativas y obras que potencien a nuestras organizaciones sociales y el programa DS27 ha sido un gran aliado, para que las familias ovallinas mejoren su calidad de vida\u201d.<\/p>\n<p>En tanto, el delegado presidencial provincial, Galo Luna Penna afirm\u00f3 que es importante \u201chacer un reconocimiento al trabajo y al logro que est\u00e1 consiguiendo la junta de vecinos Pedro Aguirre Cerda de Limar\u00ed, para potenciar su instituci\u00f3n. El programa DS27 del MINVU es muy positivo porque entrega el 90% del financiamiento, pero tambi\u00e9n debe contar con el apoyo del 10% que le corresponde al municipio de Ovalle\u201d.<\/p>\n<p>El dise\u00f1o de la sede fue aportado por la Secretaria de Planificaci\u00f3n del municipio de Ovalle y postulado al DS27 Titulo 1, del MINVU, para la ejecuci\u00f3n de obras en espacio p\u00fablico y comunitario, a trav\u00e9s de la Entidad Patrocinante Oficina Municipal de la Vivienda, en el tercer y \u00faltimo proceso de calificaci\u00f3n del a\u00f1o 2021, seg\u00fan resoluci\u00f3n 2022 del 22 de diciembre del a\u00f1o 2021.<\/p>\n","protected":false},"excerpt":{"rendered":"<p>El recinto comunitario, de la junta de vecinos Pedro Aguirre Cerda, tiene una inversi\u00f3n de 258 millones de pesos, que ser\u00e1 financiado gracias al programa DS27 del ministerio de Vivienda y Urbanismo, m\u00e1s un aporte municipal<\/p>\n","protected":false},"author":2,"featured_media":7993,"comment_status":"open","ping_status":"open","sticky":false,"template":"","format":"standard","meta":{"footnotes":""},"categories":[5],"tags":[],"class_list":["post-7992","post","type-post","status-publish","format-standard","has-post-thumbnail","hentry","category-actualidad-limarina"],"_links":{"self":[{"href":"https:\/\/www.radiolimari.cl\/index.php?rest_route=\/wp\/v2\/posts\/7992","targetHints":{"allow":["GET"]}}],"collection":[{"href":"https:\/\/www.radiolimari.cl\/index.php?rest_route=\/wp\/v2\/posts"}],"about":[{"href":"https:\/\/www.radiolimari.cl\/index.php?rest_route=\/wp\/v2\/types\/post"}],"author":[{"embeddable":true,"href":"https:\/\/www.radiolimari.cl\/index.php?rest_route=\/wp\/v2\/users\/2"}],"replies":[{"embeddable":true,"href":"https:\/\/www.radiolimari.cl\/index.php?rest_route=%2Fwp%2Fv2%2Fcomments&post=7992"}],"version-history":[{"count":2,"href":"https:\/\/www.radiolimari.cl\/index.php?rest_route=\/wp\/v2\/posts\/7992\/revisions"}],"predecessor-version":[{"id":7995,"href":"https:\/\/www.radiolimari.cl\/index.php?rest_route=\/wp\/v2\/posts\/7992\/revisions\/7995"}],"wp:featuredmedia":[{"embeddable":true,"href":"https:\/\/www.radiolimari.cl\/index.php?rest_route=\/wp\/v2\/media\/7993"}],"wp:attachment":[{"href":"https:\/\/www.radiolimari.cl\/index.php?rest_route=%2Fwp%2Fv2%2Fmedia&parent=7992"}],"wp:term":[{"taxonomy":"category","embeddable":true,"href":"https:\/\/www.radiolimari.cl\/index.php?rest_route=%2Fwp%2Fv2%2Fcategories&post=7992"},{"taxonomy":"post_tag","embeddable":true,"href":"https:\/\/www.radiolimari.cl\/index.php?rest_route=%2Fwp%2Fv2%2Ftags&post=7992"}],"curies":[{"name":"wp","href":"https:\/\/api.w.org\/{rel}","templated":true}]}}