{"id":7981,"date":"2022-10-11T16:11:33","date_gmt":"2022-10-11T16:11:33","guid":{"rendered":"http:\/\/www.radiolimari.cl\/?p=7981"},"modified":"2022-10-11T16:11:33","modified_gmt":"2022-10-11T16:11:33","slug":"destacamos-el-trabajo-del-policlinico-del-dolor-y-cuidados-paliativos-del-hospital-de-ovalle-acompanando-a-los-pacientes-en-su-enfermedad-terminal","status":"publish","type":"post","link":"https:\/\/www.radiolimari.cl\/?p=7981","title":{"rendered":"Destacamos el trabajo del policl\u00ednico del dolor y cuidados paliativos del Hospital de Ovalle acompa\u00f1ando a los pacientes en su enfermedad terminal"},"content":{"rendered":"<p><a href=\"https:\/\/www.radiolimari.cl\/wp-content\/uploads\/2022\/10\/11.10-cuidados-paliativos-Dr.-Jes\u00fas-Romano.jpeg\"><img fetchpriority=\"high\" decoding=\"async\" class=\"alignnone size-medium wp-image-7982\" src=\"https:\/\/www.radiolimari.cl\/wp-content\/uploads\/2022\/10\/11.10-cuidados-paliativos-Dr.-Jes\u00fas-Romano-300x199.jpeg\" alt=\"11.10 cuidados paliativos Dr. Jes\u00fas Romano\" width=\"300\" height=\"199\" srcset=\"https:\/\/www.radiolimari.cl\/wp-content\/uploads\/2022\/10\/11.10-cuidados-paliativos-Dr.-Jes\u00fas-Romano-300x199.jpeg 300w, https:\/\/www.radiolimari.cl\/wp-content\/uploads\/2022\/10\/11.10-cuidados-paliativos-Dr.-Jes\u00fas-Romano-1024x682.jpeg 1024w, https:\/\/www.radiolimari.cl\/wp-content\/uploads\/2022\/10\/11.10-cuidados-paliativos-Dr.-Jes\u00fas-Romano.jpeg 1280w\" sizes=\"(max-width: 300px) 100vw, 300px\" \/><\/a><\/p>\n<p><em>El principal recinto de la Provincia de Limar\u00ed cuenta con un equipo multidisciplinario que est\u00e1 junto a las personas con diagn\u00f3stico terminal incluso m\u00e1s all\u00e1 del fin de una vida, entregando tratamientos para el dolor y el da\u00f1o emocional<\/em><!--more--><\/p>\n<p>Vivir con una patolog\u00eda en un estado terminal es un camino duro de seguir, sobre todo por el dolor f\u00edsico y emocional que conlleva, es por ello que el policl\u00ednico del dolor y cuidados paliativos del Hospital de Ovalle se especializa en acompa\u00f1ar a los pacientes que inician este proceso para manejar cl\u00ednicamente el dolor que pueda causar una enfermedad, para as\u00ed tener una calidad de vida m\u00e1s digna durante el tiempo en que la persona estar\u00e1 junto a su familia en su \u00faltima etapa de la vida.<\/p>\n<p>Seg\u00fan explica el Dr. Jes\u00fas Romano, m\u00e9dico paliativista del Hospital de Ovalle, \u201clos cuidados paliativos nacieron para el manejo de pacientes con c\u00e1ncer, ya que por el avance de su enfermedad sufr\u00edan distintos s\u00edntomas, principalmente mucho dolor\u201d.<\/p>\n<p>El dolor es uno de los problemas principales de los pacientes con c\u00e1ncer y otras patolog\u00edas en etapa terminal y junto a ello, el especialista explica que los pacientes viven esa \u201cangustia y ese dolor junto a su familia, principalmente en su domicilio\u201d. Es as\u00ed que el doctor junto a un grupo multidisciplinario de funcionarios se encarga de administrar medicamentos y cuidados que permitan a la persona vivir de manera digna hasta partir.<\/p>\n<p>El Dr. Romano, afirma que el objetivo de su equipo de funcionarios es \u201cdarles una mano a las familias, contenerlas cuando tienen esta necesidad y darles a estos pacientes que ya est\u00e1n en su etapa de fin de vida, una calidad de vida y de muerte que se ajuste a lo que merece cualquier ser humano en estos momentos\u201d.<\/p>\n<p>El policl\u00ednico del dolor y cuidados paliativos del Hospital de Ovalle trabaja con un enfoque biopsicosocial a la hora de aplicar tratamientos, ya que seg\u00fan explica el especialista, \u201cel paciente cuando tiene dolor, no s\u00f3lo siente eso, sino que tambi\u00e9n siente depresi\u00f3n, angustia, tiene problemas de alimentaci\u00f3n o de sue\u00f1o, tiene alteraciones en la movilidad, entonces mientras m\u00e1s multidisciplinario es el equipo, mejor es el manejo del paciente, porque cuando uno puede enfrentar esta situaci\u00f3n desde distintos puntos, la persona recibe una mejor calidad de atenci\u00f3n y eso se evidencia porque efectivamente mejora\u201d.<\/p>\n<p>El recinto de salud tambi\u00e9n brinda apoyo psicooncol\u00f3gico a los pacientes y su familia, el cual busca acompa\u00f1ar tanto a la persona que vive con una enfermedad terminal, como tambi\u00e9n a la familia que tendr\u00e1 que ver partir a un ser querido. La terapia psicol\u00f3gica durante el proceso de dolor y duelo es fundamental, seg\u00fan afirman los especialistas, dado que vivir una situaci\u00f3n como esta conlleva a episodios de estr\u00e9s y de mucha angustia.<\/p>\n<p>Junto a las familias m\u00e1s all\u00e1 del final<\/p>\n<p>Jocelyn Araya tuvo que llevar a su hija al policl\u00ednico del dolor y cuidados paliativos de Ovalle despu\u00e9s de que los m\u00e9dicos del Hospital Calvo Mackenna de Santiago definieran que el c\u00e1ncer que la afectaba ya estaba en una etapa terminal. Todo esto pas\u00f3 en plena pandemia, donde la atenci\u00f3n a pacientes oncol\u00f3gicos se complejiz\u00f3, debido a las restricciones de aforo y de medidas restrictivas adoptadas para prevenir los contagios del virus, por lo tanto, fue un proceso muy dif\u00edcil.<\/p>\n<p>Amanda Ibarra, su hija, ya no est\u00e1 junto a ella y su familia desde hace tres meses y seg\u00fan explica Jocelyn, todo el proceso que esto trajo \u201ces doloroso\u201d. Sin embargo, explica que, a pesar de eso, el acompa\u00f1amiento de los cuidados paliativos y la empat\u00eda de los funcionarios del Hospital de Ovalle fueron fundamental, puesto que \u201cen la etapa final uno se desespera, porque no sabes qu\u00e9 hacer en la casa\u201d.<\/p>\n<p>Jocelyn afirma que \u201ca los ni\u00f1os con esta enfermedad se les quita la infancia\u201d, entonces ella esper\u00f3 en todo momento empat\u00eda por su caso, porque \u201clos ni\u00f1os merecen otro trato y mi hija ac\u00e1 la trataron bien, fueron emp\u00e1ticos con ella\u201d. En esa misma l\u00ednea, la resiliente joven afirma que \u201chubo harta voluntad por parte de los funcionarios\u201d.<\/p>\n<p>El policl\u00ednico del hospital de Ovalle acompa\u00f1\u00f3 a Jocelyn en todo su proceso de duelo, es as\u00ed que actualmente mantiene sesiones psicol\u00f3gicas en el hospital, con el fin de acompa\u00f1arla e ir avanzando en un proceso tan doloso que incluso sigue m\u00e1s all\u00e1 de cuando termina una vida.<\/p>\n","protected":false},"excerpt":{"rendered":"<p>El principal recinto de la Provincia de Limar\u00ed cuenta con un equipo multidisciplinario que est\u00e1 junto a las personas con diagn\u00f3stico terminal incluso m\u00e1s all\u00e1 del fin de una vida, entregando tratamientos para el dolor y el da\u00f1o emocional<\/p>\n","protected":false},"author":2,"featured_media":7982,"comment_status":"open","ping_status":"open","sticky":false,"template":"","format":"standard","meta":{"footnotes":""},"categories":[5],"tags":[],"class_list":["post-7981","post","type-post","status-publish","format-standard","has-post-thumbnail","hentry","category-actualidad-limarina"],"_links":{"self":[{"href":"https:\/\/www.radiolimari.cl\/index.php?rest_route=\/wp\/v2\/posts\/7981","targetHints":{"allow":["GET"]}}],"collection":[{"href":"https:\/\/www.radiolimari.cl\/index.php?rest_route=\/wp\/v2\/posts"}],"about":[{"href":"https:\/\/www.radiolimari.cl\/index.php?rest_route=\/wp\/v2\/types\/post"}],"author":[{"embeddable":true,"href":"https:\/\/www.radiolimari.cl\/index.php?rest_route=\/wp\/v2\/users\/2"}],"replies":[{"embeddable":true,"href":"https:\/\/www.radiolimari.cl\/index.php?rest_route=%2Fwp%2Fv2%2Fcomments&post=7981"}],"version-history":[{"count":1,"href":"https:\/\/www.radiolimari.cl\/index.php?rest_route=\/wp\/v2\/posts\/7981\/revisions"}],"predecessor-version":[{"id":7983,"href":"https:\/\/www.radiolimari.cl\/index.php?rest_route=\/wp\/v2\/posts\/7981\/revisions\/7983"}],"wp:featuredmedia":[{"embeddable":true,"href":"https:\/\/www.radiolimari.cl\/index.php?rest_route=\/wp\/v2\/media\/7982"}],"wp:attachment":[{"href":"https:\/\/www.radiolimari.cl\/index.php?rest_route=%2Fwp%2Fv2%2Fmedia&parent=7981"}],"wp:term":[{"taxonomy":"category","embeddable":true,"href":"https:\/\/www.radiolimari.cl\/index.php?rest_route=%2Fwp%2Fv2%2Fcategories&post=7981"},{"taxonomy":"post_tag","embeddable":true,"href":"https:\/\/www.radiolimari.cl\/index.php?rest_route=%2Fwp%2Fv2%2Ftags&post=7981"}],"curies":[{"name":"wp","href":"https:\/\/api.w.org\/{rel}","templated":true}]}}