{"id":7910,"date":"2022-09-22T18:18:08","date_gmt":"2022-09-22T18:18:08","guid":{"rendered":"http:\/\/www.radiolimari.cl\/?p=7910"},"modified":"2022-09-22T18:18:08","modified_gmt":"2022-09-22T18:18:08","slug":"el-parque-tamelcura-de-ovalle-abrira-sus-dependencias-desde-este-jueves","status":"publish","type":"post","link":"https:\/\/www.radiolimari.cl\/?p=7910","title":{"rendered":"El Parque Tamelcura  de Ovalle abrir\u00e1 sus dependencias desde este jueves."},"content":{"rendered":"<p><a href=\"https:\/\/www.radiolimari.cl\/wp-content\/uploads\/2022\/09\/22.9-Parque-Tamelcura-5.jpg\"><img fetchpriority=\"high\" decoding=\"async\" class=\"alignnone size-medium wp-image-7911\" src=\"https:\/\/www.radiolimari.cl\/wp-content\/uploads\/2022\/09\/22.9-Parque-Tamelcura-5-300x225.jpg\" alt=\"22.9 Parque Tamelcura (5)\" width=\"300\" height=\"225\" srcset=\"https:\/\/www.radiolimari.cl\/wp-content\/uploads\/2022\/09\/22.9-Parque-Tamelcura-5-300x225.jpg 300w, https:\/\/www.radiolimari.cl\/wp-content\/uploads\/2022\/09\/22.9-Parque-Tamelcura-5-1024x768.jpg 1024w, https:\/\/www.radiolimari.cl\/wp-content\/uploads\/2022\/09\/22.9-Parque-Tamelcura-5.jpg 2016w\" sizes=\"(max-width: 300px) 100vw, 300px\" \/><\/a><\/p>\n<p><strong><em>Tras su primera apertura durante las Fiestas Patrias, el municipio de Ovalle decidi\u00f3 abrir el recinto de forma permanente de jueves a domingo, de 8.30 a 20.00 horas, con el fin de que las familias ovallinas y turistas tengan una alternativa para disfrutar de un lugar al aire libre y con todas las condiciones para pasar un momento agradable.<\/em><\/strong><!--more--><\/p>\n<p>Cientos de familias ovallinas y de otras zonas del pa\u00eds disfrutaron de las Fiestas Patrias en el Parque Tamelcura, el cual se convirti\u00f3 en una gran alternativa para realizar la tradicional \u201cpampilla\u201d. Esto motiv\u00f3 al municipio de Ovalle a activar este lugar y prolongar su funcionamiento. Desde esta semana, el recinto abrir\u00e1 sus puertas al p\u00fablico, de forma gratuita, de jueves a domingo, de 8.30 a 20.00 horas para que todos puedan utilizar este lugar, aunque respetando las normas internas establecidas por la administraci\u00f3n.<\/p>\n<p>Recordemos, que el Parque Tamelcura estuvo cerrado durante un largo periodo y tras un acuerdo con la Corporaci\u00f3n Nacional Forestal (CONAF), el municipio de Ovalle asumi\u00f3 la administraci\u00f3n y mantenci\u00f3n. Hace unas semanas, se realiz\u00f3 un operativo de limpieza, obras de mejoramiento y la habilitaci\u00f3n del acceso principal, a lo que se sum\u00f3 la instalaci\u00f3n de mobiliario y amplias parrillas, para que los visitantes puedan disfrutar de un asado familiar sin problemas.<\/p>\n<p>\u201cQueremos darle vida nuevamente a este lugar, ubicado en las cercan\u00edas del Embalse La Paloma, que es tan recordado por muchas familias como un \u00e1rea de recreaci\u00f3n y entretenci\u00f3n. Ac\u00e1 hay amplios espacios que todos pueden ocupar sin inconvenientes pero con los cuidados necesarios, como por ejemplo evitar incendios y ser responsables con la basura que generan durante la estad\u00eda\u201d indic\u00f3 el alcalde de Ovalle, Claudio Renter\u00eda.<\/p>\n<p>\u201cAl momento del ingreso al recinto se solicitar\u00e1 la patente del veh\u00edculo y la identidad de un adulto que se haga responsable del grupo, ante cualquier inconveniente. Toda familia asistente podr\u00e1 ocupar las parrillas, pero estas se facilitar\u00e1n con carnet de identidad\u201d sostuvo el administrador del Parque Tamelcura, Sebasti\u00e1n Guzm\u00e1n.<\/p>\n<p>Dentro de las recomendaciones para los asistentes est\u00e1 el no usar fuego en zonas no permitidas y utilizar solamente carb\u00f3n, por lo que est\u00e1 prohibido el uso de acelerantes, debido que podr\u00edan causar da\u00f1os en las especies del lugar y en el peor de los casos ocasionar un incendio forestal. Adem\u00e1s, se restringir\u00e1 la circulaci\u00f3n de personas en \u00e1reas de mucha vegetaci\u00f3n, con el fin de evitar accidentes.<\/p>\n","protected":false},"excerpt":{"rendered":"<p>Tras su primera apertura durante las Fiestas Patrias, el municipio de Ovalle decidi\u00f3 abrir el recinto de forma permanente de jueves a domingo, de 8.30 a 20.00 horas, con el fin de que las familias ovallinas y turistas tengan una alternativa para disfrutar de un lugar al aire libre y con todas las condiciones para &#8230;<\/p>\n","protected":false},"author":2,"featured_media":7911,"comment_status":"open","ping_status":"open","sticky":false,"template":"","format":"standard","meta":{"footnotes":""},"categories":[5],"tags":[],"class_list":["post-7910","post","type-post","status-publish","format-standard","has-post-thumbnail","hentry","category-actualidad-limarina"],"_links":{"self":[{"href":"https:\/\/www.radiolimari.cl\/index.php?rest_route=\/wp\/v2\/posts\/7910","targetHints":{"allow":["GET"]}}],"collection":[{"href":"https:\/\/www.radiolimari.cl\/index.php?rest_route=\/wp\/v2\/posts"}],"about":[{"href":"https:\/\/www.radiolimari.cl\/index.php?rest_route=\/wp\/v2\/types\/post"}],"author":[{"embeddable":true,"href":"https:\/\/www.radiolimari.cl\/index.php?rest_route=\/wp\/v2\/users\/2"}],"replies":[{"embeddable":true,"href":"https:\/\/www.radiolimari.cl\/index.php?rest_route=%2Fwp%2Fv2%2Fcomments&post=7910"}],"version-history":[{"count":1,"href":"https:\/\/www.radiolimari.cl\/index.php?rest_route=\/wp\/v2\/posts\/7910\/revisions"}],"predecessor-version":[{"id":7912,"href":"https:\/\/www.radiolimari.cl\/index.php?rest_route=\/wp\/v2\/posts\/7910\/revisions\/7912"}],"wp:featuredmedia":[{"embeddable":true,"href":"https:\/\/www.radiolimari.cl\/index.php?rest_route=\/wp\/v2\/media\/7911"}],"wp:attachment":[{"href":"https:\/\/www.radiolimari.cl\/index.php?rest_route=%2Fwp%2Fv2%2Fmedia&parent=7910"}],"wp:term":[{"taxonomy":"category","embeddable":true,"href":"https:\/\/www.radiolimari.cl\/index.php?rest_route=%2Fwp%2Fv2%2Fcategories&post=7910"},{"taxonomy":"post_tag","embeddable":true,"href":"https:\/\/www.radiolimari.cl\/index.php?rest_route=%2Fwp%2Fv2%2Ftags&post=7910"}],"curies":[{"name":"wp","href":"https:\/\/api.w.org\/{rel}","templated":true}]}}