 
   
   
   
   
  {"id":7901,"date":"2022-09-17T22:32:21","date_gmt":"2022-09-17T22:32:21","guid":{"rendered":"http:\/\/www.radiolimari.cl\/?p=7901"},"modified":"2023-04-06T12:58:14","modified_gmt":"2023-04-06T12:58:14","slug":"7901","status":"publish","type":"post","link":"https:\/\/www.radiolimari.cl\/?p=7901","title":{"rendered":""},"content":{"rendered":"<p><a href=\"https:\/\/www.radiolimari.cl\/wp-content\/uploads\/2022\/10\/general-programa-Fondo-Fomento-de-medios-de-comunicaci\u00f3n-2022-Radio-Limari-para-rrss.jpg\"><img fetchpriority=\"high\" decoding=\"async\" class=\"alignnone size-medium wp-image-8026\" src=\"https:\/\/www.radiolimari.cl\/wp-content\/uploads\/2022\/10\/general-programa-Fondo-Fomento-de-medios-de-comunicaci\u00f3n-2022-Radio-Limari-para-rrss-300x194.jpg\" alt=\"general programa Fondo Fomento de medios de comunicaci\u00f3n 2022 Radio Limari para rrss\" width=\"300\" height=\"194\" srcset=\"https:\/\/www.radiolimari.cl\/wp-content\/uploads\/2022\/10\/general-programa-Fondo-Fomento-de-medios-de-comunicaci\u00f3n-2022-Radio-Limari-para-rrss-300x194.jpg 300w, https:\/\/www.radiolimari.cl\/wp-content\/uploads\/2022\/10\/general-programa-Fondo-Fomento-de-medios-de-comunicaci\u00f3n-2022-Radio-Limari-para-rrss-1024x662.jpg 1024w\" sizes=\"(max-width: 300px) 100vw, 300px\" \/><\/a><\/p>\n<p><!--more--> <strong>proyecto, \u201cEducando a cuidar el agua y c\u00f3mo enfrentar la sequ\u00eda\u201d.<\/strong><\/p>\n<p>Escuche aqu\u00ed programas emitidos<\/p>\n<p><strong>PROGRAMA 1 <\/strong> <strong>Lunes 26 de Septiembre de 2022<\/strong><\/p>\n<p><strong>Nuestro medio de comunicaci\u00f3n <a href=\"https:\/\/www.radiolimari.cl\">www.radiolimari.cl<\/a> inici\u00f3 el proyecto denominado \u201cEducando a cuidar el agua y c\u00f3mo enfrentar la sequ\u00eda\u201d, que nos adjudicamos por parte del Fondo de Medios de Comunicaci\u00f3n Social Regionales 2022 que entrega la secretaria general de gobierno.<\/strong><\/p>\n<p>El primer invitado para iniciar este primer capito de cinco fue El Dr. Claudio Balbont\u00edn Nesvara, es Ing. Agr\u00f3nomo por la Universidad de Chile, Maestro en Ciencias del Colegio de Postgraduados de M\u00e9xico y Doctor en Ciencias Agrarias de Escuela T\u00e9cnica Superior de Ingenieros Agr\u00f3nomos de la Universidad Castilla-La Mancha, Espa\u00f1a. Su experiencia laboral est\u00e1 referida principalmente a trabajos de investigaci\u00f3n agraria en centros internacionales como el Laboratorio de Fertilidad de Suelos y Qu\u00edmica Ambiental del Colegio de Postgraduados de M\u00e9xico, la secci\u00f3n de Teledetecci\u00f3n y SIG del Instituto de Desarrollo Regional de la Universidad Castilla La Mancha en Espa\u00f1a y el Instituto de Investigaciones Agropecuarias-INIA de Chile.<\/p>\n<p>En la actualidad, el profesional se desempe\u00f1a como investigador en riego del Instituto de Investigaciones Agropecuarias INIA Chile, en el Centro Regional Intihuasi (La Serena) donde lidera el Laboratorio de Teledetecci\u00f3n y SIG &#8211; CAPRA y desarrolla proyectos nacionales e internacionales.<\/p>\n<p>Te invitamos a escuchar nuestro primer programa aqu\u00ed<\/p>\n\n\t<script type=\"text\/javascript\">\n    jQuery(document).ready(function(){\n      jQuery(\"#jquery_jplayer_15\").jPlayer({\n        ready: function () {\n          jQuery(this).jPlayer(\"setMedia\", {\n            mp3: \"https:\/\/www.radiolimari.cl\/wp-content\/uploads\/2022\/09\/Programa-Educando-a-cuidar-el-Agua-y-c\u00f3mo-enfrentar-la-sequ\u00eda-26-sep-2022.mp3\",\n            m4a: \"\",\n            oga: \"\"\n          });\n        },\n\t\tcssSelectorAncestor: \"#jp_container_15\",\n        supplied: \"m4a, oga, mp3\"\n      });\n    });\n  <\/script> \n  <div id=\"jquery_jplayer_15\" class=\"jp-jplayer\"><\/div>\n  <div id=\"jp_container_15\" class=\"jp-audio\">\n\t<div class=\"jp-type-single\">\n\t\t<div class=\"jp-gui jp-interface\">\n\t\t\t<div class=\"jp-progress\">\n\t\t\t  <div class=\"jp-seek-bar\">\n\t\t\t\t<div class=\"jp-play-bar\"><span><\/span><\/div>\n\t\t\t<\/div>\n\t\t<\/div>\n\t\t<a href=\"javascript:;\" class=\"jp-play\" tabindex=\"1\">play<\/a>\n\t\t<a href=\"javascript:;\" class=\"jp-pause\" tabindex=\"1\">pause<\/a>\n\t\t\t\n\t\t<div class=\"jp-volume-bar\">\n\t\t\t<div class=\"jp-volume-bar-value\"><span class=\"handle\"><\/span><\/div>\n\t\t<\/div>\n\t\t\n\t\t<a href=\"javascript:;\" class=\"jp-mute\" tabindex=\"1\" title=\"mute\">mute<\/a>\n\t\t<a href=\"javascript:;\" class=\"jp-unmute\" tabindex=\"1\" title=\"unmute\">unmute<\/a>\n\t<\/div>\n\n\t<div class=\"jp-no-solution\">\n\t\t<span>Update Required<\/span>\n\t\tTo play the media you will need to either update your browser to a recent version or update your <a href=\"http:\/\/get.adobe.com\/flashplayer\/\" target=\"_blank\">Flash plugin<\/a>.\n\t<\/div>\n  <\/div>\n  <\/div>\n<p>&nbsp;<\/p>\n<p>&nbsp;<\/p>\n<p><strong>PROGRAMA 2<\/strong> <strong>Lunes 3 de Octubre de 2022<\/strong><\/p>\n<p><strong>En el segundo cap\u00edtulo&nbsp; del proyecto denominado \u201cEducando a cuidar el agua y c\u00f3mo enfrentar la sequ\u00eda\u201d, que nos adjudicamos y financiado por el Fondo de Medios de Comunicaci\u00f3n Social&nbsp; 2022 del Gobierno de Chile que entrega la secretaria general de Gobierno y el Consejo Regional de Coquimbo, conversamos con la Seremi de la Mujer y la Equidad de G\u00e9nero, Maria Fernanda Glaser qui\u00e9n nos coment\u00f3 y analiz\u00f3&nbsp; el rol que juegan las mujeres en la sequ\u00eda y c\u00f3mo las brechas de g\u00e9nero afectan a las mujeres de la ruralidad.<\/strong><\/p>\n<p>La Seremi de la Mujer es Psic\u00f3loga Cl\u00ednica-Comunitaria por la U. de Santiago y Doctora en Estudios de G\u00e9nero y Globalizaci\u00f3n por la Universidad Estatal de Nueva York. Amplia trayectoria en investigaci\u00f3n acci\u00f3n, inserta en territorios vulnerables y segregados, tanto rurales como urbanos, de la regi\u00f3n de Coquimbo. Tambi\u00e9n se desempe\u00f1\u00f3 como cientista social a cargo de las \u00e1reas de estudios, educaci\u00f3n y promoci\u00f3n del Instituto Nacional de Derechos Humanos (INDH) sede La Serena.<\/p>\n<p>Escuche nuestro segundo programa aqu\u00ed<\/p>\n\n\t<script type=\"text\/javascript\">\n    jQuery(document).ready(function(){\n      jQuery(\"#jquery_jplayer_10\").jPlayer({\n        ready: function () {\n          jQuery(this).jPlayer(\"setMedia\", {\n            mp3: \"https:\/\/www.radiolimari.cl\/wp-content\/uploads\/2022\/10\/Programa-Educando-a-cuidar-el-Agua-y-c\u00f3mo-enfrentar-la-sequ\u00eda-03-octubre-2022.mp3\",\n            m4a: \"\",\n            oga: \"\"\n          });\n        },\n\t\tcssSelectorAncestor: \"#jp_container_10\",\n        supplied: \"m4a, oga, mp3\"\n      });\n    });\n  <\/script> \n  <div id=\"jquery_jplayer_10\" class=\"jp-jplayer\"><\/div>\n  <div id=\"jp_container_10\" class=\"jp-audio\">\n\t<div class=\"jp-type-single\">\n\t\t<div class=\"jp-gui jp-interface\">\n\t\t\t<div class=\"jp-progress\">\n\t\t\t  <div class=\"jp-seek-bar\">\n\t\t\t\t<div class=\"jp-play-bar\"><span><\/span><\/div>\n\t\t\t<\/div>\n\t\t<\/div>\n\t\t<a href=\"javascript:;\" class=\"jp-play\" tabindex=\"1\">play<\/a>\n\t\t<a href=\"javascript:;\" class=\"jp-pause\" tabindex=\"1\">pause<\/a>\n\t\t\t\n\t\t<div class=\"jp-volume-bar\">\n\t\t\t<div class=\"jp-volume-bar-value\"><span class=\"handle\"><\/span><\/div>\n\t\t<\/div>\n\t\t\n\t\t<a href=\"javascript:;\" class=\"jp-mute\" tabindex=\"1\" title=\"mute\">mute<\/a>\n\t\t<a href=\"javascript:;\" class=\"jp-unmute\" tabindex=\"1\" title=\"unmute\">unmute<\/a>\n\t<\/div>\n\n\t<div class=\"jp-no-solution\">\n\t\t<span>Update Required<\/span>\n\t\tTo play the media you will need to either update your browser to a recent version or update your <a href=\"http:\/\/get.adobe.com\/flashplayer\/\" target=\"_blank\">Flash plugin<\/a>.\n\t<\/div>\n  <\/div>\n  <\/div>\n<p>&nbsp;<\/p>\n<p>&nbsp;<\/p>\n<p><strong>PROGRAMA 3<\/strong> <strong>Lunes 10 de Octubre&nbsp; de 2022<\/strong><\/p>\n<h3 class=\"name post-title entry-title\" style=\"font-weight: normal;\"><strong>En el tercer programa de \u201cEducando a cuidar el agua y c\u00f3mo enfrentar la sequ\u00eda\u201d&nbsp; del proyecto Fondo de medios de comunicaci\u00f3n social&nbsp; y financiado por el Gobierno de Chile y Consejo regional de Coquimbo, dirigente Social relata crudos momentos que vive comunidad a causa de la sequ\u00eda.<\/strong><\/h3>\n<p>Mauricio Rojas Molina, es el secretario de la Agrupaci\u00f3n de Vecinos Los Olivos en La Serena. Mauricio asumi\u00f3 hace poco este cargo, sin embargo lleva a\u00f1os ligado a la acci\u00f3n y operativos sociales tanto en el sector donde vive como en distintos rincones de la regi\u00f3n Durante el tercer programa de \u201cEducando a cuidar el agua y c\u00f3mo enfrentar la sequ\u00eda\u201d, emitido el lunes 10 de octubre al mediod\u00eda,&nbsp; &nbsp;financiado por el Fondo de Medios Social 2022, conversamos con Mauricio Rojas quien nos relata los efectos y la problem\u00e1tica que tiene la falta de agua en la comunidad que \u00e9l es parte.<\/p>\n<p>Escuche el tercer Programa aqu\u00ed<\/p>\n\n\t<script type=\"text\/javascript\">\n    jQuery(document).ready(function(){\n      jQuery(\"#jquery_jplayer_8\").jPlayer({\n        ready: function () {\n          jQuery(this).jPlayer(\"setMedia\", {\n            mp3: \"https:\/\/www.radiolimari.cl\/wp-content\/uploads\/2022\/10\/Programa-Educando-a-cuidar-el-Agua-y-c\u00f3mo-enfrentar-la-sequ\u00eda-10-octubre-2022.mp3\",\n            m4a: \"\",\n            oga: \"\"\n          });\n        },\n\t\tcssSelectorAncestor: \"#jp_container_8\",\n        supplied: \"m4a, oga, mp3\"\n      });\n    });\n  <\/script> \n  <div id=\"jquery_jplayer_8\" class=\"jp-jplayer\"><\/div>\n  <div id=\"jp_container_8\" class=\"jp-audio\">\n\t<div class=\"jp-type-single\">\n\t\t<div class=\"jp-gui jp-interface\">\n\t\t\t<div class=\"jp-progress\">\n\t\t\t  <div class=\"jp-seek-bar\">\n\t\t\t\t<div class=\"jp-play-bar\"><span><\/span><\/div>\n\t\t\t<\/div>\n\t\t<\/div>\n\t\t<a href=\"javascript:;\" class=\"jp-play\" tabindex=\"1\">play<\/a>\n\t\t<a href=\"javascript:;\" class=\"jp-pause\" tabindex=\"1\">pause<\/a>\n\t\t\t\n\t\t<div class=\"jp-volume-bar\">\n\t\t\t<div class=\"jp-volume-bar-value\"><span class=\"handle\"><\/span><\/div>\n\t\t<\/div>\n\t\t\n\t\t<a href=\"javascript:;\" class=\"jp-mute\" tabindex=\"1\" title=\"mute\">mute<\/a>\n\t\t<a href=\"javascript:;\" class=\"jp-unmute\" tabindex=\"1\" title=\"unmute\">unmute<\/a>\n\t<\/div>\n\n\t<div class=\"jp-no-solution\">\n\t\t<span>Update Required<\/span>\n\t\tTo play the media you will need to either update your browser to a recent version or update your <a href=\"http:\/\/get.adobe.com\/flashplayer\/\" target=\"_blank\">Flash plugin<\/a>.\n\t<\/div>\n  <\/div>\n  <\/div>\n<p>&nbsp;<\/p>\n<p>&nbsp;<\/p>\n<p><strong>PROGRAMA 4&nbsp; &nbsp;Lunes 17 de Octubre<\/strong><\/p>\n<div dir=\"auto\" style=\"color: #222222;\"><strong>Jefe provincial de INIA en Limar\u00ed llama a tomar consciencia por el cuidado del agua y medio ambiente<\/strong><\/div>\n<div dir=\"auto\" style=\"color: #222222;\"><\/div>\n<div dir=\"auto\" style=\"color: #222222;\">En nuestro cuarto cap\u00edtulo del programa, \u00abEducando a Cuidar el Agua y C\u00f3mo Enfrentar la Sequ\u00eda\u00bb, conversamos con Luis Leris Garay, jefe provincial de la oficina de INIA en Limar\u00ed<\/div>\n<div dir=\"auto\" style=\"color: #222222;\"><\/div>\n<div dir=\"auto\" style=\"color: #222222;\">Luis Leris, es un t\u00e9cnico con una expertis destacada en el \u00e1mbito agropecuario. Lleva d\u00e9cadas en INIA y ha conocido como el proceso de la sequ\u00eda a afectado al Limar\u00ed<\/div>\n<div dir=\"auto\" style=\"color: #222222;\"><\/div>\n<div dir=\"auto\" style=\"color: #222222;\">De pasar a ser una zona semi \u00e1rida a \u00e1rida. En la conversaci\u00f3n con Leris profundizamos sobre los efectos de la sequ\u00eda, el cambio clim\u00e1tico y que debe hacer la ciudadan\u00eda y los productores para hacer frente a la escasez h\u00eddrica<\/div>\n<div dir=\"auto\" style=\"color: #222222;\"><\/div>\n<div dir=\"auto\" style=\"color: #222222;\">Escuche el cuarto programa aqu\u00ed<\/div>\n<div dir=\"auto\" style=\"color: #222222;\"><\/div>\n<div dir=\"auto\" style=\"color: #222222;\"><\/div>\n<div dir=\"auto\" style=\"color: #222222;\">\n\n\t<script type=\"text\/javascript\">\n    jQuery(document).ready(function(){\n      jQuery(\"#jquery_jplayer_9\").jPlayer({\n        ready: function () {\n          jQuery(this).jPlayer(\"setMedia\", {\n            mp3: \"https:\/\/www.radiolimari.cl\/wp-content\/uploads\/2022\/10\/Programa-Educando-a-cuidar-el-Agua-y-c\u00f3mo-enfrentar-la-sequ\u00eda-17-octubre-2022.mp3\",\n            m4a: \"\",\n            oga: \"\"\n          });\n        },\n\t\tcssSelectorAncestor: \"#jp_container_9\",\n        supplied: \"m4a, oga, mp3\"\n      });\n    });\n  <\/script> \n  <div id=\"jquery_jplayer_9\" class=\"jp-jplayer\"><\/div>\n  <div id=\"jp_container_9\" class=\"jp-audio\">\n\t<div class=\"jp-type-single\">\n\t\t<div class=\"jp-gui jp-interface\">\n\t\t\t<div class=\"jp-progress\">\n\t\t\t  <div class=\"jp-seek-bar\">\n\t\t\t\t<div class=\"jp-play-bar\"><span><\/span><\/div>\n\t\t\t<\/div>\n\t\t<\/div>\n\t\t<a href=\"javascript:;\" class=\"jp-play\" tabindex=\"1\">play<\/a>\n\t\t<a href=\"javascript:;\" class=\"jp-pause\" tabindex=\"1\">pause<\/a>\n\t\t\t\n\t\t<div class=\"jp-volume-bar\">\n\t\t\t<div class=\"jp-volume-bar-value\"><span class=\"handle\"><\/span><\/div>\n\t\t<\/div>\n\t\t\n\t\t<a href=\"javascript:;\" class=\"jp-mute\" tabindex=\"1\" title=\"mute\">mute<\/a>\n\t\t<a href=\"javascript:;\" class=\"jp-unmute\" tabindex=\"1\" title=\"unmute\">unmute<\/a>\n\t<\/div>\n\n\t<div class=\"jp-no-solution\">\n\t\t<span>Update Required<\/span>\n\t\tTo play the media you will need to either update your browser to a recent version or update your <a href=\"http:\/\/get.adobe.com\/flashplayer\/\" target=\"_blank\">Flash plugin<\/a>.\n\t<\/div>\n  <\/div>\n  <\/div>\n<\/div>\n<div dir=\"auto\" style=\"color: #222222;\"><\/div>\n<div dir=\"auto\" style=\"color: #222222;\"><\/div>\n<div dir=\"auto\" style=\"color: #222222;\"><\/div>\n<div dir=\"auto\" style=\"color: #222222;\"><strong>PROGRAMA 5&nbsp; Lunes 24 de Octubre de 2022<\/strong><\/div>\n<div dir=\"auto\" style=\"color: #222222;\"><b>Experta en tema h\u00eddrico y Delegado de Limar\u00ed cierran exitoso ciclo del programa \u201cEducando a cuidar el agua y c\u00f3mo enfrentar la sequ\u00eda\u201d<\/b><\/div>\n<div dir=\"auto\" style=\"color: #222222;\">\n<p style=\"color: #333333;\">En nuestro \u00faltimo programa \u201cEducando a cuidar el agua y c\u00f3mo enfrentar la sequ\u00eda\u201d,&nbsp; financiado por el Gobierno de Chile, la SEGEGOB y el Consejo Regional de Coquimbo conversamos con &nbsp;la Directora Ejecutiva de Fundaci\u00f3n un Alto en el Desierto, Natalia Rebolledo Robert, quien nos coment\u00f3 sobre el trabajo de la Fundaci\u00f3n, su an\u00e1lisis de la sequ\u00eda y c\u00f3mo prev\u00e9 el futuro de nuestra regi\u00f3n en esta materia.<\/p>\n<p style=\"color: #333333;\"><span style=\"color: #222222;\">Tambi\u00e9n, en este \u00faltimo programa dialogamos con el Delegado Presidencial de Limar\u00ed, Galo Luna Penna, quien abord\u00f3 c\u00f3mo el Gobierno est\u00e1 trabajando en esta materia y los desaf\u00edos que tiene.<\/span><\/p>\n<p><span style=\"color: #222222;\">Te invitamos a escuchar el \u00faltimo programa financiado por el Fondo de medios de comunicaci\u00f3n social&nbsp; 2022 de la Segegob. Financiado por el Gobierno de Chile y el Consejo Regional de Coquimbo<\/span><\/p>\n<p>Aqu\u00ed puedes escuchar el programa<\/p>\n\n\t<script type=\"text\/javascript\">\n    jQuery(document).ready(function(){\n      jQuery(\"#jquery_jplayer_9\").jPlayer({\n        ready: function () {\n          jQuery(this).jPlayer(\"setMedia\", {\n            mp3: \"https:\/\/www.radiolimari.cl\/wp-content\/uploads\/2022\/10\/Programa-Educando-a-cuidar-el-Agua-y-c\u00f3mo-enfrentar-la-sequ\u00eda-24-octubre-2022.mp3\",\n            m4a: \"\",\n            oga: \"\"\n          });\n        },\n\t\tcssSelectorAncestor: \"#jp_container_9\",\n        supplied: \"m4a, oga, mp3\"\n      });\n    });\n  <\/script> \n  <div id=\"jquery_jplayer_9\" class=\"jp-jplayer\"><\/div>\n  <div id=\"jp_container_9\" class=\"jp-audio\">\n\t<div class=\"jp-type-single\">\n\t\t<div class=\"jp-gui jp-interface\">\n\t\t\t<div class=\"jp-progress\">\n\t\t\t  <div class=\"jp-seek-bar\">\n\t\t\t\t<div class=\"jp-play-bar\"><span><\/span><\/div>\n\t\t\t<\/div>\n\t\t<\/div>\n\t\t<a href=\"javascript:;\" class=\"jp-play\" tabindex=\"1\">play<\/a>\n\t\t<a href=\"javascript:;\" class=\"jp-pause\" tabindex=\"1\">pause<\/a>\n\t\t\t\n\t\t<div class=\"jp-volume-bar\">\n\t\t\t<div class=\"jp-volume-bar-value\"><span class=\"handle\"><\/span><\/div>\n\t\t<\/div>\n\t\t\n\t\t<a href=\"javascript:;\" class=\"jp-mute\" tabindex=\"1\" title=\"mute\">mute<\/a>\n\t\t<a href=\"javascript:;\" class=\"jp-unmute\" tabindex=\"1\" title=\"unmute\">unmute<\/a>\n\t<\/div>\n\n\t<div class=\"jp-no-solution\">\n\t\t<span>Update Required<\/span>\n\t\tTo play the media you will need to either update your browser to a recent version or update your <a href=\"http:\/\/get.adobe.com\/flashplayer\/\" target=\"_blank\">Flash plugin<\/a>.\n\t<\/div>\n  <\/div>\n  <\/div>\n<\/div>\n<div dir=\"auto\" style=\"color: #222222;\"><\/div>\n<div dir=\"auto\" style=\"color: #222222;\"><\/div>\n<div dir=\"auto\" style=\"color: #222222;\"><\/div>\n<div dir=\"auto\" style=\"color: #222222;\"><\/div>\n","protected":false},"excerpt":{"rendered":"","protected":false},"author":2,"featured_media":8026,"comment_status":"open","ping_status":"open","sticky":false,"template":"","format":"standard","meta":{"footnotes":""},"categories":[1],"tags":[],"class_list":["post-7901","post","type-post","status-publish","format-standard","has-post-thumbnail","hentry","category-sin-categoria"],"_links":{"self":[{"href":"https:\/\/www.radiolimari.cl\/index.php?rest_route=\/wp\/v2\/posts\/7901","targetHints":{"allow":["GET"]}}],"collection":[{"href":"https:\/\/www.radiolimari.cl\/index.php?rest_route=\/wp\/v2\/posts"}],"about":[{"href":"https:\/\/www.radiolimari.cl\/index.php?rest_route=\/wp\/v2\/types\/post"}],"author":[{"embeddable":true,"href":"https:\/\/www.radiolimari.cl\/index.php?rest_route=\/wp\/v2\/users\/2"}],"replies":[{"embeddable":true,"href":"https:\/\/www.radiolimari.cl\/index.php?rest_route=%2Fwp%2Fv2%2Fcomments&post=7901"}],"version-history":[{"count":13,"href":"https:\/\/www.radiolimari.cl\/index.php?rest_route=\/wp\/v2\/posts\/7901\/revisions"}],"predecessor-version":[{"id":8801,"href":"https:\/\/www.radiolimari.cl\/index.php?rest_route=\/wp\/v2\/posts\/7901\/revisions\/8801"}],"wp:featuredmedia":[{"embeddable":true,"href":"https:\/\/www.radiolimari.cl\/index.php?rest_route=\/wp\/v2\/media\/8026"}],"wp:attachment":[{"href":"https:\/\/www.radiolimari.cl\/index.php?rest_route=%2Fwp%2Fv2%2Fmedia&parent=7901"}],"wp:term":[{"taxonomy":"category","embeddable":true,"href":"https:\/\/www.radiolimari.cl\/index.php?rest_route=%2Fwp%2Fv2%2Fcategories&post=7901"},{"taxonomy":"post_tag","embeddable":true,"href":"https:\/\/www.radiolimari.cl\/index.php?rest_route=%2Fwp%2Fv2%2Ftags&post=7901"}],"curies":[{"name":"wp","href":"https:\/\/api.w.org\/{rel}","templated":true}]}}