{"id":7894,"date":"2022-09-15T13:17:20","date_gmt":"2022-09-15T13:17:20","guid":{"rendered":"http:\/\/www.radiolimari.cl\/?p=7894"},"modified":"2022-09-15T13:17:20","modified_gmt":"2022-09-15T13:17:20","slug":"mujeres-de-la-region-dialogan-sobre-sus-necesidades-y-trazan-ideas-durante-encuentros-territoriales-feministas","status":"publish","type":"post","link":"https:\/\/www.radiolimari.cl\/?p=7894","title":{"rendered":"Mujeres de la regi\u00f3n dialogan sobre sus necesidades y trazan ideas durante \u201cEncuentros Territoriales Feministas\u201d"},"content":{"rendered":"<p><a href=\"https:\/\/www.radiolimari.cl\/wp-content\/uploads\/2022\/09\/129-sernameg-1.jpg\"><img fetchpriority=\"high\" decoding=\"async\" class=\"alignnone size-medium wp-image-7895\" src=\"https:\/\/www.radiolimari.cl\/wp-content\/uploads\/2022\/09\/129-sernameg-1-300x224.jpg\" alt=\"12,9 sernameg 1\" width=\"300\" height=\"224\" srcset=\"https:\/\/www.radiolimari.cl\/wp-content\/uploads\/2022\/09\/129-sernameg-1-300x224.jpg 300w, https:\/\/www.radiolimari.cl\/wp-content\/uploads\/2022\/09\/129-sernameg-1.jpg 960w\" sizes=\"(max-width: 300px) 100vw, 300px\" \/><\/a><\/p>\n<p><em>Mujeres lideres mapearon sus territorios y pudieron dar a conocer sus necesidades, opini\u00f3n y visi\u00f3n para reducir brechas de g\u00e9nero en sus entornos.<\/em><!--more--><\/p>\n<p>\u00abEncuentros Territoriales para un Gobierno Feminista\u00bb, as\u00ed se denominaron las reuniones con mujeres l\u00edderes que impuls\u00f3 el Ministerio de la Mujer y la Equidad de G\u00e9nero en las 3 provincias de la regi\u00f3n.<\/p>\n<p>El objetivo de estos 3 encuentros territoriales para un Gobierno Feminista fue escuchar la opini\u00f3n y visi\u00f3n de lideresas con la finalidad de incluir sus necesidades y \u00a0mirada en la Agenda Regional de G\u00e9nero que est\u00e1 \u00a0liderando y elaborando la seremi de la Mujer junto a la Delegaci\u00f3n Presidencial Regional.<\/p>\n<p>Los encuentros se llevaron a cabo en las 3 provincias de la regi\u00f3n, reuniendo a representantes de diferentes comunas en La Serena, Los Vilos y Ovalle. A trav\u00e9s de metodologias participativas como el mapeo colectivo, las mujeres dirigentas pudieron establecer sus lugares de residencias, sus entornos, sus conflictos, sus movimientos y c\u00f3mo conviven con distintos temas y actores. De este modo, dialogaron, discutieron y mapearon las necesidades y requerimientos m\u00e1s urgentes de sus territorios. Adem\u00e1s, analizaron cu\u00e1les son las problem\u00e1ticas y qu\u00e9 falta mejorar en sus territorios para as\u00ed avanzar en reducir barreras y brechas de g\u00e9nero.<\/p>\n<p>En esta in\u00e9dita iniciativa participaron dirigentas sociales, sindicales, representantes de pueblos originarios y de organizaciones migrantes, entre otras.<\/p>\n<p>La Seremi de la Mujer y Equidad de G\u00e9nero, valor\u00f3 la participaci\u00f3n de mujeres lideres y los resultados de estos encuentros \u201c<strong>Les agradecemos la participaci\u00f3n y las dejamos invitadas para un encuentro regional en el que prontamente haremos una devoluci\u00f3n de los temas levantados en estas actividades para presentarles c\u00f3mo ir\u00e1n incorporados en la agenda regional de g\u00e9nero. Asi, estableceremos una relaci\u00f3n constante con las mujeres en sus territorios y ser\u00e1n ellas las que puedan monitorear avances, opinar sobre c\u00f3mo sortear dificultades y sentirse parte de un gobierno feminista en los t\u00e9rminos que hemos consensuado a nivel comunitario<\/strong>\u201d<\/p>\n<p>Patricia Ceballos, representante de Los Vilos, se mostr\u00f3 agradecida por formar parte del mapeo territorial en la provincia de Choapa, <strong>\u201cfue una instancia muy buena. Es importante que las mujeres se puedan reunir y ver temas transversales para nosotras, sobre todo en las comunas\u00a0 de Los Vilos, Salamanca, Illapel y Canela. Pudimos abordar los temas que nos est\u00e1n afectando hoy en d\u00eda, como lo es la miner\u00eda en Choapa o las \u00a0brechas salariales que nos afectan\u201d<\/strong><\/p>\n<p>En tanto, Cecilia Valenzuela pertenece a la \u201cAgrupaci\u00f3n Mujer, Fuerza, Luz y Esperanza\u201d, se\u00f1al\u00f3, \u201c<strong>buen\u00edsimo el encuentro. Vimos las necesidades que tenemos como mujeres en la regi\u00f3n y los logros que hemos tenido. Por ejemplo, la parte de salud, que estamos tan alejados en tantas necesidades desde es la \u00f3ptica de comunas alejadas de La Serena o Coquimbo. Es muy interesante que se nos tome la opini\u00f3n, eso me parece bueno, que nos tomen en cuenta a un buen puerto, pero esperamos que se lleve a cabo las propuestas que entregamos\u201d,<\/strong> finaliz\u00f3.<\/p>\n","protected":false},"excerpt":{"rendered":"<p>Mujeres lideres mapearon sus territorios y pudieron dar a conocer sus necesidades, opini\u00f3n y visi\u00f3n para reducir brechas de g\u00e9nero en sus entornos.<\/p>\n","protected":false},"author":2,"featured_media":7895,"comment_status":"open","ping_status":"open","sticky":false,"template":"","format":"standard","meta":{"footnotes":""},"categories":[6],"tags":[],"class_list":["post-7894","post","type-post","status-publish","format-standard","has-post-thumbnail","hentry","category-regionales"],"_links":{"self":[{"href":"https:\/\/www.radiolimari.cl\/index.php?rest_route=\/wp\/v2\/posts\/7894","targetHints":{"allow":["GET"]}}],"collection":[{"href":"https:\/\/www.radiolimari.cl\/index.php?rest_route=\/wp\/v2\/posts"}],"about":[{"href":"https:\/\/www.radiolimari.cl\/index.php?rest_route=\/wp\/v2\/types\/post"}],"author":[{"embeddable":true,"href":"https:\/\/www.radiolimari.cl\/index.php?rest_route=\/wp\/v2\/users\/2"}],"replies":[{"embeddable":true,"href":"https:\/\/www.radiolimari.cl\/index.php?rest_route=%2Fwp%2Fv2%2Fcomments&post=7894"}],"version-history":[{"count":1,"href":"https:\/\/www.radiolimari.cl\/index.php?rest_route=\/wp\/v2\/posts\/7894\/revisions"}],"predecessor-version":[{"id":7896,"href":"https:\/\/www.radiolimari.cl\/index.php?rest_route=\/wp\/v2\/posts\/7894\/revisions\/7896"}],"wp:featuredmedia":[{"embeddable":true,"href":"https:\/\/www.radiolimari.cl\/index.php?rest_route=\/wp\/v2\/media\/7895"}],"wp:attachment":[{"href":"https:\/\/www.radiolimari.cl\/index.php?rest_route=%2Fwp%2Fv2%2Fmedia&parent=7894"}],"wp:term":[{"taxonomy":"category","embeddable":true,"href":"https:\/\/www.radiolimari.cl\/index.php?rest_route=%2Fwp%2Fv2%2Fcategories&post=7894"},{"taxonomy":"post_tag","embeddable":true,"href":"https:\/\/www.radiolimari.cl\/index.php?rest_route=%2Fwp%2Fv2%2Ftags&post=7894"}],"curies":[{"name":"wp","href":"https:\/\/api.w.org\/{rel}","templated":true}]}}