{"id":7886,"date":"2022-09-14T20:11:21","date_gmt":"2022-09-14T20:11:21","guid":{"rendered":"http:\/\/www.radiolimari.cl\/?p=7886"},"modified":"2022-09-14T20:32:09","modified_gmt":"2022-09-14T20:32:09","slug":"radio-limari-cl-realizara-programa-radial-para-hacer-consciencia-sobre-le-cuidado-del-agua-y-los-efectos-de-la-sequia","status":"publish","type":"post","link":"https:\/\/www.radiolimari.cl\/?p=7886","title":{"rendered":"Radio Limar\u00ed.cl realizar\u00e1 programa radial para hacer consciencia sobre le cuidado del agua y los efectos de la sequ\u00eda"},"content":{"rendered":"<p>&nbsp;<\/p>\n<p><a href=\"https:\/\/www.radiolimari.cl\/wp-content\/uploads\/2022\/09\/Programa-Fondo-Fomento-de-medios-de-comunicaci\u00f3n-2022-Radio-Limari6.jpg\"><img fetchpriority=\"high\" decoding=\"async\" class=\"alignnone size-medium wp-image-7890\" src=\"https:\/\/www.radiolimari.cl\/wp-content\/uploads\/2022\/09\/Programa-Fondo-Fomento-de-medios-de-comunicaci\u00f3n-2022-Radio-Limari6-300x194.jpg\" alt=\"Programa Fondo Fomento de medios de comunicaci\u00f3n 2022 Radio Limari\" width=\"300\" height=\"194\" srcset=\"https:\/\/www.radiolimari.cl\/wp-content\/uploads\/2022\/09\/Programa-Fondo-Fomento-de-medios-de-comunicaci\u00f3n-2022-Radio-Limari6-300x194.jpg 300w, https:\/\/www.radiolimari.cl\/wp-content\/uploads\/2022\/09\/Programa-Fondo-Fomento-de-medios-de-comunicaci\u00f3n-2022-Radio-Limari6-1024x662.jpg 1024w\" sizes=\"(max-width: 300px) 100vw, 300px\" \/><\/a><\/p>\n<p>\u201cEducando a cuidar el agua y c\u00f3mo enfrentar la sequ\u00eda\u201d, se denomina el proyecto que est\u00e1 ejecutando <a href=\"https:\/\/www.radiolimari.cl\">www.radiolimari.cl<\/a>, esto luego de obtener los recursos del Fondo de Medios de Comunicaci\u00f3n Social 2023 que entrega la Secretar\u00eda Regional de Gobierno (SEGEGOB).<!--more--><\/p>\n<p>La iniciativa busca realizar 5 programas radiales grabados para hablar y educar sobre la importancia de tomar consciencia sobre el uso responsable del agua y c\u00f3mo aportar desde los hogares acciones que permitan hacer frente a la cr\u00edtica sequ\u00eda que est\u00e1 viviendo hoy en la regi\u00f3n de Coquimbo. El primer programa se emitir\u00e1 a las 12:00 horas del lunes 26 de septiembre por www.radiolimari.cl<\/p>\n<p>En la pr\u00e1ctica se van a generar 5 programas radiales de 30 minutos. Se entrevistar\u00e1n expertos, autoridades y representante de la sociedad civil.<\/p>\n<p><a href=\"https:\/\/www.radiolimari.cl\/wp-content\/uploads\/2022\/09\/19.7-firma-de-convenio.jpg\"><img decoding=\"async\" class=\"alignnone size-medium wp-image-7888\" src=\"https:\/\/www.radiolimari.cl\/wp-content\/uploads\/2022\/09\/19.7-firma-de-convenio-300x199.jpg\" alt=\"19.7 firma de convenio\" width=\"300\" height=\"199\" srcset=\"https:\/\/www.radiolimari.cl\/wp-content\/uploads\/2022\/09\/19.7-firma-de-convenio-300x199.jpg 300w, https:\/\/www.radiolimari.cl\/wp-content\/uploads\/2022\/09\/19.7-firma-de-convenio-1024x682.jpg 1024w, https:\/\/www.radiolimari.cl\/wp-content\/uploads\/2022\/09\/19.7-firma-de-convenio.jpg 2048w\" sizes=\"(max-width: 300px) 100vw, 300px\" \/><\/a><\/p>\n<p>El representante legal de <a href=\"https:\/\/www.radiolimari.cl\">www.radiolimari.cl<\/a>, Sergio Parra Espinoza, agradeci\u00f3 al Gobierno que financie este tipo de proyectos, <strong>\u201ccomo provincia y regi\u00f3n estamos viviendo una situaci\u00f3n critica a causa de la sequ\u00eda y necesitamos que la poblaci\u00f3n o comunidad entienda que el agua es un recurso vital que se debe cuidar y respetar. Como medio de comunicaci\u00f3n agradecemos al Gobierno por su aporte a este tipo de iniciativas. Esperamos aportar con un grano de arena a combatir la escasez h\u00eddrica desde nuestro medio\u201d.<\/strong><\/p>\n<p><a href=\"https:\/\/www.radiolimari.cl\/wp-content\/uploads\/2022\/09\/19.7-firma-de-convenio-1.jpg\"><img decoding=\"async\" class=\"alignnone size-medium wp-image-7889\" src=\"https:\/\/www.radiolimari.cl\/wp-content\/uploads\/2022\/09\/19.7-firma-de-convenio-1-300x199.jpg\" alt=\"19.7 firma de convenio 1\" width=\"300\" height=\"199\" srcset=\"https:\/\/www.radiolimari.cl\/wp-content\/uploads\/2022\/09\/19.7-firma-de-convenio-1-300x199.jpg 300w, https:\/\/www.radiolimari.cl\/wp-content\/uploads\/2022\/09\/19.7-firma-de-convenio-1-1024x682.jpg 1024w, https:\/\/www.radiolimari.cl\/wp-content\/uploads\/2022\/09\/19.7-firma-de-convenio-1.jpg 2048w\" sizes=\"(max-width: 300px) 100vw, 300px\" \/><\/a><\/p>\n<p>Por su parte, el seremi de Gobierno, Fernando Viveros destac\u00f3 el aporte que realizan los medios regionales a visibilizar los temas importantes para las comunidades. <strong>\u201cLa sequ\u00eda es una problem\u00e1tica que estamos abordando como Gobierno, con pol\u00edticas concretas y propuestas que buscan reducir su impacto en los territorios. Sabemos que es una realidad que lleg\u00f3 para quedarse y es tan relevante que medios, como Radio Limar\u00ed, aborden las implicancias de la escasez h\u00eddrica y c\u00f3mo las personas, empresas y entidades p\u00fablicas y privadas pueden contribuir a cuidar este vital elemento. Es por esto, que con el Fondo de Fomento de Medios de Comunicaci\u00f3n, seguiremos apoyando el desarrollo de estas iniciativas, que reflejan las preocupaciones de nuestras localidades\u201d.<\/strong><\/p>\n<p>&nbsp;<\/p>\n<p>&nbsp;<\/p>\n","protected":false},"excerpt":{"rendered":"<p>&nbsp; \u201cEducando a cuidar el agua y c\u00f3mo enfrentar la sequ\u00eda\u201d, se denomina el proyecto que est\u00e1 ejecutando www.radiolimari.cl, esto luego de obtener los recursos del Fondo de Medios de Comunicaci\u00f3n Social 2023 que entrega la Secretar\u00eda Regional de Gobierno (SEGEGOB).<\/p>\n","protected":false},"author":2,"featured_media":7890,"comment_status":"open","ping_status":"open","sticky":false,"template":"","format":"standard","meta":{"footnotes":""},"categories":[3],"tags":[],"class_list":["post-7886","post","type-post","status-publish","format-standard","has-post-thumbnail","hentry","category-actualidad"],"_links":{"self":[{"href":"https:\/\/www.radiolimari.cl\/index.php?rest_route=\/wp\/v2\/posts\/7886","targetHints":{"allow":["GET"]}}],"collection":[{"href":"https:\/\/www.radiolimari.cl\/index.php?rest_route=\/wp\/v2\/posts"}],"about":[{"href":"https:\/\/www.radiolimari.cl\/index.php?rest_route=\/wp\/v2\/types\/post"}],"author":[{"embeddable":true,"href":"https:\/\/www.radiolimari.cl\/index.php?rest_route=\/wp\/v2\/users\/2"}],"replies":[{"embeddable":true,"href":"https:\/\/www.radiolimari.cl\/index.php?rest_route=%2Fwp%2Fv2%2Fcomments&post=7886"}],"version-history":[{"count":3,"href":"https:\/\/www.radiolimari.cl\/index.php?rest_route=\/wp\/v2\/posts\/7886\/revisions"}],"predecessor-version":[{"id":7893,"href":"https:\/\/www.radiolimari.cl\/index.php?rest_route=\/wp\/v2\/posts\/7886\/revisions\/7893"}],"wp:featuredmedia":[{"embeddable":true,"href":"https:\/\/www.radiolimari.cl\/index.php?rest_route=\/wp\/v2\/media\/7890"}],"wp:attachment":[{"href":"https:\/\/www.radiolimari.cl\/index.php?rest_route=%2Fwp%2Fv2%2Fmedia&parent=7886"}],"wp:term":[{"taxonomy":"category","embeddable":true,"href":"https:\/\/www.radiolimari.cl\/index.php?rest_route=%2Fwp%2Fv2%2Fcategories&post=7886"},{"taxonomy":"post_tag","embeddable":true,"href":"https:\/\/www.radiolimari.cl\/index.php?rest_route=%2Fwp%2Fv2%2Ftags&post=7886"}],"curies":[{"name":"wp","href":"https:\/\/api.w.org\/{rel}","templated":true}]}}