{"id":7868,"date":"2022-09-05T20:53:32","date_gmt":"2022-09-05T20:53:32","guid":{"rendered":"http:\/\/www.radiolimari.cl\/?p=7868"},"modified":"2022-09-05T20:53:32","modified_gmt":"2022-09-05T20:53:32","slug":"regresa-la-feria-del-libro-de-ovalle-a-la-plaza-de-armas-de-la-capital-limarina","status":"publish","type":"post","link":"https:\/\/www.radiolimari.cl\/?p=7868","title":{"rendered":"Regresa la Feria del Libro de Ovalle a la Plaza de Armas de la capital limarina."},"content":{"rendered":"<p><a href=\"https:\/\/www.radiolimari.cl\/wp-content\/uploads\/2022\/09\/5.9-ovalle-serenabrass.jpeg\"><img fetchpriority=\"high\" decoding=\"async\" class=\"alignnone size-medium wp-image-7869\" src=\"https:\/\/www.radiolimari.cl\/wp-content\/uploads\/2022\/09\/5.9-ovalle-serenabrass-300x200.jpeg\" alt=\"5.9 ovalle serenabrass\" width=\"300\" height=\"200\" srcset=\"https:\/\/www.radiolimari.cl\/wp-content\/uploads\/2022\/09\/5.9-ovalle-serenabrass-300x200.jpeg 300w, https:\/\/www.radiolimari.cl\/wp-content\/uploads\/2022\/09\/5.9-ovalle-serenabrass.jpeg 960w\" sizes=\"(max-width: 300px) 100vw, 300px\" \/><\/a><\/p>\n<p><em>Este martes comienza la celebraci\u00f3n en torno a la literatura organizada por la Corporaci\u00f3n Cultural Municipal, la cual se extender\u00e1 hasta el lunes 12, con una parrilla program\u00e1tica que incluir\u00e1 presentaciones de libros de destacados autores, n\u00fameros musicales y la tradicional oferta de libros en m\u00faltiples stands.<\/em><!--more--><\/p>\n<p>El tradicional evento literario organizado por la Corporaci\u00f3n Cultural Municipal de Ovalle realizar\u00e1 su 34\u00aa versi\u00f3n entre el 06 y el 12 de septiembre, con una agenda de actividades que convocar\u00e1 a toda la ciudadan\u00eda ovallina.<\/p>\n<p>En esta edici\u00f3n, la programaci\u00f3n se concentra en horas de la tarde para no desincentivar la afluencia de p\u00fablico por el fr\u00edo y la noche. Esto considerando que la fecha de realizaci\u00f3n habitual de la Feria, durante febrero, debi\u00f3 recalendarizarse por el alza de contagios del coronavirus en el verano 2022. \u201cLa Feria del Libro de Ovalle es una actividad tradicional de nuestra comuna y no quer\u00edamos desaprovechar la oportunidad de encontrarnos con nuestra comunidad cultural para celebrar la literatura nacional y local. La invitaci\u00f3n es a reencontrarnos y a disfrutar de la variada programaci\u00f3n que hemos preparado para este a\u00f1o\u201d, destaca Ifman Huerta Saavedra, director ejecutivo de la Corporaci\u00f3n.<\/p>\n<p>Descubre a continuaci\u00f3n los principales atractivos de la Feria del Libro de Ovalle 2022:<\/p>\n<p><strong>PRESENTACIONES DE LIBROS<\/strong><\/p>\n<p>Como cada a\u00f1o, las presentaciones de libros de destacados autores chilenos constituir\u00e1n las principales atracciones de cada jornada. Destacan en este apartado la presencia del ex Los Prisioneros Claudio Narea con su libro \u201cLos Prisioneros: biograf\u00eda de una amistad\u201d (martes 06 a las 17.30 hrs), el destacado cr\u00edtico de cine Gonzalo Fr\u00edas, con \u201cAbuelo Zombie\u201d (jueves 08 a las 18.30 hrs) y el escritor y periodista Francisco Ortega, con \u201cAlien\u00edgenas Americanos\u201d (viernes 09 a las 18.30 hrs).<\/p>\n<p>La escena literaria ovallina tambi\u00e9n tendr\u00e1 una especial relevancia. La jornada inaugural aparece con varios imperdibles, con el nuevo libro del prol\u00edfico Mario Banic (\u201cLa Invitaci\u00f3n\u201d, a partir de las 12.30 hrs), la presentaci\u00f3n de la Revista Patrimonial \u201cEl Sur del Norte\u201d de la Productora Gato\u2019ecampo (13.15 hrs) y, ya por la tarde, el lanzamiento de \u201cCaperucita Roja y Abuelita, detectives privados\u201d, de la educadora y escritora de literatura infantil, Paz Corral.<\/p>\n<p>Durante el resto de la Feria, no te puedes perder la presentaci\u00f3n de la recopilaci\u00f3n de poes\u00eda \u201cDetr\u00e1s de la Luna\u201d de la Agrupaci\u00f3n Lancuy\u00e9n (s\u00e1bado 10, a las 17.30 horas), \u201cYo Soy Diaguita\u201d, del antrop\u00f3logo y actual delegado presidencial provincial Galo Luna Penna (domingo 11 a las 18 hrs), y los m\u00faltiples lanzamientos del \u00e1rea de Identidad y Patrimonio de la Corporaci\u00f3n, liderada por el historiador Sergio Pe\u00f1a y que se realizar\u00e1n durante cada jornada a mediod\u00eda.<\/p>\n<p>&nbsp;<\/p>\n<p><strong>M\u00daSICA<\/strong><strong>\u00a0<\/strong><\/p>\n<p>La m\u00fasica tambi\u00e9n tendr\u00e1 su parte en la celebraci\u00f3n literaria ovallina. Un momento emotivo de la jornada lo marcar\u00e1 la presentaci\u00f3n de la agrupaci\u00f3n de bronces Serena Brass, quienes realizar\u00e1n un homenaje al fallecido trompetista y gestor cultural coquimbano Cristian Cuturrufo, la cual est\u00e1 programada para la noche del s\u00e1bado 11, a partir de las 20 horas.<\/p>\n<p>Cada d\u00eda tendr\u00e1 un cierre musical, con electr\u00f3nica el d\u00eda martes (MIOPEC, a las 18.30 hrs), rap y soul el mi\u00e9rcoles (SUKHA, a las 19.30 hrs), y el rock de D-43 (jueves 19.30 hrs), Oscar Hauy\u00f3n (viernes 19.30 hrs) y Hesper (domingo 20 hrs) para el resto de las jornadas.<\/p>\n<p><strong>STANDS<\/strong><strong>\u00a0<\/strong><\/p>\n<p>La oferta literaria ser\u00e1 variada en la 34\u00aa versi\u00f3n de la Feria del Libro de Ovalle, con 17 stands presentes durante toda la edici\u00f3n del evento. Destaca la Editorial Planeta, con t\u00edtulos de destacados creadores nacionales, stands con ilustraci\u00f3n y comics (Marlynbec\/Maclox y Biblioteca de Chilenia), libros especializados y conocimiento t\u00e9cnico (Viva Distribuidores, Librer\u00eda Kim\u00fcn y la Librer\u00eda Jur\u00eddica Del Norte), un stand dedicado a la distribuci\u00f3n de autores de la Regi\u00f3n de Coquimbo (Escritores Regionales), entre otros.<\/p>\n<p>Adem\u00e1s, se suma Gaming House y Over Game, tiendas de juegos de cartas y roles que seguramente llamar\u00e1n la atenci\u00f3n de adolescentes ovallinos, y las tradicionales librerias locales, como Alexis, Dominga, De Pedro, Publi-libros y Atenea.<\/p>\n<p>Finalmente, es importante resaltar que, si bien la programaci\u00f3n cultural ser\u00e1 hasta el domingo 11, la feria se extender\u00e1 hasta el lunes 12, la cual ser\u00e1 una jornada de remates, con ofertas especiales para los \u00faltimos t\u00edtulos a la venta.<\/p>\n","protected":false},"excerpt":{"rendered":"<p>Este martes comienza la celebraci\u00f3n en torno a la literatura organizada por la Corporaci\u00f3n Cultural Municipal, la cual se extender\u00e1 hasta el lunes 12, con una parrilla program\u00e1tica que incluir\u00e1 presentaciones de libros de destacados autores, n\u00fameros musicales y la tradicional oferta de libros en m\u00faltiples stands.<\/p>\n","protected":false},"author":2,"featured_media":7869,"comment_status":"open","ping_status":"open","sticky":false,"template":"","format":"standard","meta":{"footnotes":""},"categories":[6],"tags":[],"class_list":["post-7868","post","type-post","status-publish","format-standard","has-post-thumbnail","hentry","category-regionales"],"_links":{"self":[{"href":"https:\/\/www.radiolimari.cl\/index.php?rest_route=\/wp\/v2\/posts\/7868","targetHints":{"allow":["GET"]}}],"collection":[{"href":"https:\/\/www.radiolimari.cl\/index.php?rest_route=\/wp\/v2\/posts"}],"about":[{"href":"https:\/\/www.radiolimari.cl\/index.php?rest_route=\/wp\/v2\/types\/post"}],"author":[{"embeddable":true,"href":"https:\/\/www.radiolimari.cl\/index.php?rest_route=\/wp\/v2\/users\/2"}],"replies":[{"embeddable":true,"href":"https:\/\/www.radiolimari.cl\/index.php?rest_route=%2Fwp%2Fv2%2Fcomments&post=7868"}],"version-history":[{"count":1,"href":"https:\/\/www.radiolimari.cl\/index.php?rest_route=\/wp\/v2\/posts\/7868\/revisions"}],"predecessor-version":[{"id":7870,"href":"https:\/\/www.radiolimari.cl\/index.php?rest_route=\/wp\/v2\/posts\/7868\/revisions\/7870"}],"wp:featuredmedia":[{"embeddable":true,"href":"https:\/\/www.radiolimari.cl\/index.php?rest_route=\/wp\/v2\/media\/7869"}],"wp:attachment":[{"href":"https:\/\/www.radiolimari.cl\/index.php?rest_route=%2Fwp%2Fv2%2Fmedia&parent=7868"}],"wp:term":[{"taxonomy":"category","embeddable":true,"href":"https:\/\/www.radiolimari.cl\/index.php?rest_route=%2Fwp%2Fv2%2Fcategories&post=7868"},{"taxonomy":"post_tag","embeddable":true,"href":"https:\/\/www.radiolimari.cl\/index.php?rest_route=%2Fwp%2Fv2%2Ftags&post=7868"}],"curies":[{"name":"wp","href":"https:\/\/api.w.org\/{rel}","templated":true}]}}