{"id":7862,"date":"2022-09-05T20:18:28","date_gmt":"2022-09-05T20:18:28","guid":{"rendered":"http:\/\/www.radiolimari.cl\/?p=7862"},"modified":"2022-09-05T20:19:31","modified_gmt":"2022-09-05T20:19:31","slug":"actividades-protocolares-de-fiestas-patrias-se-retomaran-luego-de-dos-anos-en-ovalle","status":"publish","type":"post","link":"https:\/\/www.radiolimari.cl\/?p=7862","title":{"rendered":"Actividades protocolares de Fiestas Patrias se retomar\u00e1n luego de dos a\u00f1os en Ovalle"},"content":{"rendered":"<p><a href=\"https:\/\/www.radiolimari.cl\/wp-content\/uploads\/2022\/09\/5.9-Desfile-de-Fiestas-Patrias-2.jpg\"><img fetchpriority=\"high\" decoding=\"async\" class=\"alignnone size-medium wp-image-7863\" src=\"https:\/\/www.radiolimari.cl\/wp-content\/uploads\/2022\/09\/5.9-Desfile-de-Fiestas-Patrias-2-300x200.jpg\" alt=\"5.9 Desfile de Fiestas Patrias (2)\" width=\"300\" height=\"200\" srcset=\"https:\/\/www.radiolimari.cl\/wp-content\/uploads\/2022\/09\/5.9-Desfile-de-Fiestas-Patrias-2-300x200.jpg 300w, https:\/\/www.radiolimari.cl\/wp-content\/uploads\/2022\/09\/5.9-Desfile-de-Fiestas-Patrias-2-1024x682.jpg 1024w\" sizes=\"(max-width: 300px) 100vw, 300px\" \/><\/a><\/p>\n<p style=\"text-align: justify;\"><strong><em>La jornada, se realizar\u00e1 el pr\u00f3ximo jueves 15 de septiembre desde las 11.00 horas con el tradicional Te Deum y posteriormente el Desfile de Fiestas Patrias en la plaza de armas, acto en el que participar\u00e1n los establecimientos educacionales, organizaciones sociales de la comuna y representantes del Ej\u00e9rcito, Carabineros y de la Armada de Chile. <\/em><\/strong><!--more--><\/p>\n<p style=\"text-align: justify;\">Tras dos a\u00f1os, las actividades protocolares de Fiestas Patrias se retomar\u00e1n con normalidad en Ovalle. La jornada se realizar\u00e1 el pr\u00f3ximo jueves 15 de septiembre con la celebraci\u00f3n del Te Deum en la Parroquia San Vicente Ferrer y posteriormente, con el tradicional desfile en la plaza de armas, en el que participar\u00e1n los establecimientos educacionales y organizaciones sociales de la comuna.<\/p>\n<p style=\"text-align: justify;\">Ser\u00e1 un d\u00eda especial, puesto que tras las restricciones de la pandemia provocada por el Covid-19, se volver\u00e1 a vivir esta fiesta c\u00edvica en honor a un nuevo cumplea\u00f1os de nuestro pa\u00eds, que la comunidad ovallina podr\u00e1 disfrutar.<\/p>\n<p style=\"text-align: justify;\">Desde las 11.00 horas, se iniciar\u00e1n las actividades religiosas que ser\u00e1n presididas por el p\u00e1rroco Jorge Arancibia Mancilla, en el templo central de la Parroquia San Vicente Ferrer, en la que asistir\u00e1n los estandartes de las escuelas y liceos de Ovalle. Luego, autoridades e invitados especiales se trasladar\u00e1n al centro del principal paseo p\u00fablico de la ciudad, donde se efectuar\u00e1 el desfile de Fiestas Patrias, que se iniciar\u00e1 con el tradicional \u201cEsquinazo\u201d que estar\u00e1 a cargo del grupo folcl\u00f3rico Almahue. Ser\u00e1 un acto c\u00edvico militar, ya que participar\u00e1n representantes del Regimiento Coquimbo de La Serena, personal de la Armada de la Gobernaci\u00f3n Mar\u00edtima y e integrantes de la Escuela Formaci\u00f3n Policial de Carabineros de Ovalle.<\/p>\n<p style=\"text-align: justify;\">El alcalde de Ovalle, Claudio Renter\u00eda hizo una invitaci\u00f3n a la comunidad a disfrutar de estas actividades que se efectuar\u00e1n luego de dos a\u00f1os. \u201cDebemos ir retomando nuestras tradiciones y de forma presencial, aunque considerando siempre los cuidados sanitarios, ya que la pandemia a\u00fan no ha terminado. Queremos darle esta alegr\u00eda a las familias ovallinas, porque estas iniciativas son parte de nuestra idiosincrasia local\u201d.<\/p>\n<p style=\"text-align: justify;\">Cabe destacar, que el pr\u00f3ximo jueves 8 de septiembre, a las 13 horas en la plaza de armas, se realizar\u00e1 el lanzamiento de las actividades de Fiestas Patrias, instancia en que se informar\u00e1 sobre la parrilla de artistas, grupos tropicales y folcl\u00f3ricos que participar\u00e1n los d\u00edas 17, 18 y 19 de septiembre, tanto en el Parque Recreacional Los Pe\u00f1ones, como en el Parque Tamelcura, en las cercan\u00edas del Embalse La Paloma.<\/p>\n","protected":false},"excerpt":{"rendered":"<p>La jornada, se realizar\u00e1 el pr\u00f3ximo jueves 15 de septiembre desde las 11.00 horas con el tradicional Te Deum y posteriormente el Desfile de Fiestas Patrias en la plaza de armas, acto en el que participar\u00e1n los establecimientos educacionales, organizaciones sociales de la comuna y representantes del Ej\u00e9rcito, Carabineros y de la Armada de Chile.<\/p>\n","protected":false},"author":2,"featured_media":7863,"comment_status":"open","ping_status":"open","sticky":false,"template":"","format":"standard","meta":{"footnotes":""},"categories":[5],"tags":[],"class_list":["post-7862","post","type-post","status-publish","format-standard","has-post-thumbnail","hentry","category-actualidad-limarina"],"_links":{"self":[{"href":"https:\/\/www.radiolimari.cl\/index.php?rest_route=\/wp\/v2\/posts\/7862","targetHints":{"allow":["GET"]}}],"collection":[{"href":"https:\/\/www.radiolimari.cl\/index.php?rest_route=\/wp\/v2\/posts"}],"about":[{"href":"https:\/\/www.radiolimari.cl\/index.php?rest_route=\/wp\/v2\/types\/post"}],"author":[{"embeddable":true,"href":"https:\/\/www.radiolimari.cl\/index.php?rest_route=\/wp\/v2\/users\/2"}],"replies":[{"embeddable":true,"href":"https:\/\/www.radiolimari.cl\/index.php?rest_route=%2Fwp%2Fv2%2Fcomments&post=7862"}],"version-history":[{"count":1,"href":"https:\/\/www.radiolimari.cl\/index.php?rest_route=\/wp\/v2\/posts\/7862\/revisions"}],"predecessor-version":[{"id":7864,"href":"https:\/\/www.radiolimari.cl\/index.php?rest_route=\/wp\/v2\/posts\/7862\/revisions\/7864"}],"wp:featuredmedia":[{"embeddable":true,"href":"https:\/\/www.radiolimari.cl\/index.php?rest_route=\/wp\/v2\/media\/7863"}],"wp:attachment":[{"href":"https:\/\/www.radiolimari.cl\/index.php?rest_route=%2Fwp%2Fv2%2Fmedia&parent=7862"}],"wp:term":[{"taxonomy":"category","embeddable":true,"href":"https:\/\/www.radiolimari.cl\/index.php?rest_route=%2Fwp%2Fv2%2Fcategories&post=7862"},{"taxonomy":"post_tag","embeddable":true,"href":"https:\/\/www.radiolimari.cl\/index.php?rest_route=%2Fwp%2Fv2%2Ftags&post=7862"}],"curies":[{"name":"wp","href":"https:\/\/api.w.org\/{rel}","templated":true}]}}