{"id":7852,"date":"2022-09-02T14:23:10","date_gmt":"2022-09-02T14:23:10","guid":{"rendered":"http:\/\/www.radiolimari.cl\/?p=7852"},"modified":"2022-09-02T14:23:10","modified_gmt":"2022-09-02T14:23:10","slug":"plebiscito-constitucional-pronostico-del-tiempo-del-domingo-4-de-septiembre-en-la-region-de-coquimbo","status":"publish","type":"post","link":"https:\/\/www.radiolimari.cl\/?p=7852","title":{"rendered":"Plebiscito Constitucional: Pron\u00f3stico del tiempo del domingo 4 de septiembre en la Regi\u00f3n de Coquimbo"},"content":{"rendered":"<p><a href=\"https:\/\/www.radiolimari.cl\/wp-content\/uploads\/2022\/09\/Plebiscito-salida-2022.jpg\"><img fetchpriority=\"high\" decoding=\"async\" class=\"alignnone size-medium wp-image-7853\" src=\"https:\/\/www.radiolimari.cl\/wp-content\/uploads\/2022\/09\/Plebiscito-salida-2022-300x297.jpg\" alt=\"Plebiscito salida 2022\" width=\"300\" height=\"297\" srcset=\"https:\/\/www.radiolimari.cl\/wp-content\/uploads\/2022\/09\/Plebiscito-salida-2022-300x297.jpg 300w, https:\/\/www.radiolimari.cl\/wp-content\/uploads\/2022\/09\/Plebiscito-salida-2022-150x150.jpg 150w, https:\/\/www.radiolimari.cl\/wp-content\/uploads\/2022\/09\/Plebiscito-salida-2022-1024x1015.jpg 1024w, https:\/\/www.radiolimari.cl\/wp-content\/uploads\/2022\/09\/Plebiscito-salida-2022-70x70.jpg 70w, https:\/\/www.radiolimari.cl\/wp-content\/uploads\/2022\/09\/Plebiscito-salida-2022.jpg 1476w\" sizes=\"(max-width: 300px) 100vw, 300px\" \/><\/a><\/p>\n<p><b style=\"font-weight: bold; color: #000000;\">El \u00e1rea meteorol\u00f3gica del Centro Cient\u00edfico CEAZA entrega su pron\u00f3stico del tiempo para el domingo 4 de septiembre, jornada en la que se desarrollar\u00e1 el Plebiscito Constitucional de Chile.<\/b><!--more--><\/p>\n<p style=\"font-weight: 600; color: #000000;\">Desde el Centro Cient\u00edfico CEAZA pronostican cielos principalmente nublados a lo largo de la costa durante la ma\u00f1ana del domingo, para luego variar a nubosidad parcial durante la tarde.<\/p>\n<p style=\"font-weight: 600; color: #000000;\">Cristian Mu\u00f1oz, modelador estad\u00edstico de geociencias del CEAZA detalla que para la jornada se \u201cpronostican temperaturas m\u00ednimas que fluctuar\u00edan entre 8\u00b0 y 11\u00b0C en la costa de las provincias de Elqui y Choapa y en torno a 8\u00b0C en la costa de la provincia de Limar\u00ed. Las temperaturas m\u00e1ximas a lo largo de la costa, en cambio, fluctuar\u00edan entre 14\u00b0 y 21\u00b0C en la provincia de Elqui, entre 20\u00b0 y 21\u00b0C en la provincia de Limar\u00ed, y entre 14\u00b0 y 15\u00b0C en la provincia de Choapa\u201d.<\/p>\n<p style=\"font-weight: 600; color: #000000;\"><b style=\"font-weight: bold;\">Valles<\/b><\/p>\n<p style=\"font-weight: 600; color: #000000;\">Mientras que hacia el interior de la Regi\u00f3n de Coquimbo se espera cielo despejado durante todo el d\u00eda con temperaturas m\u00ednimas que se encontrar\u00edan entre 3\u00b0 y 6\u00b0C en los valles de la provincia de Elqui, entre 7\u00b0 y 8\u00b0C en la provincia de Limar\u00ed, y entre 7\u00b0 y 9\u00b0C\u00a0 en la provincia de Choapa, mientras que las temperaturas m\u00e1ximas hacia el interior estar\u00edan entre 22\u00b0 y 25\u00b0C en la provincia de Elqui, entre 20\u00b0 y 25\u00b0C en la provincia de Limar\u00ed, y entre 20\u00b0 y 23\u00b0C en la provincia de Choapa.<\/p>\n<p style=\"font-weight: 600; color: #000000;\">Con respecto al pron\u00f3stico de viento, se espera que tanto a lo largo de la costa como hacia el interior, \u00e9ste sea de intensidad normal, con rachas que fluctuar\u00edan desde 10 km\/h a lo largo de la costa, hasta 30 km\/h a lo largo de la precordillera.<\/p>\n<p style=\"font-weight: 600; color: #000000;\"><b style=\"font-weight: bold;\">Informaci\u00f3n en l\u00ednea<\/b><\/p>\n<p style=\"font-weight: 600; color: #000000;\">Para mayor detalle del pron\u00f3stico por localidad, visite la p\u00e1gina web\u00a0<a style=\"font-weight: normal; color: #c5d000;\" href=\"http:\/\/www.ceazamet.cl\/\">www.ceazamet.cl<\/a><\/p>\n","protected":false},"excerpt":{"rendered":"<p>El \u00e1rea meteorol\u00f3gica del Centro Cient\u00edfico CEAZA entrega su pron\u00f3stico del tiempo para el domingo 4 de septiembre, jornada en la que se desarrollar\u00e1 el Plebiscito Constitucional de Chile.<\/p>\n","protected":false},"author":2,"featured_media":7853,"comment_status":"open","ping_status":"open","sticky":false,"template":"","format":"standard","meta":{"footnotes":""},"categories":[3],"tags":[],"class_list":["post-7852","post","type-post","status-publish","format-standard","has-post-thumbnail","hentry","category-actualidad"],"_links":{"self":[{"href":"https:\/\/www.radiolimari.cl\/index.php?rest_route=\/wp\/v2\/posts\/7852","targetHints":{"allow":["GET"]}}],"collection":[{"href":"https:\/\/www.radiolimari.cl\/index.php?rest_route=\/wp\/v2\/posts"}],"about":[{"href":"https:\/\/www.radiolimari.cl\/index.php?rest_route=\/wp\/v2\/types\/post"}],"author":[{"embeddable":true,"href":"https:\/\/www.radiolimari.cl\/index.php?rest_route=\/wp\/v2\/users\/2"}],"replies":[{"embeddable":true,"href":"https:\/\/www.radiolimari.cl\/index.php?rest_route=%2Fwp%2Fv2%2Fcomments&post=7852"}],"version-history":[{"count":1,"href":"https:\/\/www.radiolimari.cl\/index.php?rest_route=\/wp\/v2\/posts\/7852\/revisions"}],"predecessor-version":[{"id":7854,"href":"https:\/\/www.radiolimari.cl\/index.php?rest_route=\/wp\/v2\/posts\/7852\/revisions\/7854"}],"wp:featuredmedia":[{"embeddable":true,"href":"https:\/\/www.radiolimari.cl\/index.php?rest_route=\/wp\/v2\/media\/7853"}],"wp:attachment":[{"href":"https:\/\/www.radiolimari.cl\/index.php?rest_route=%2Fwp%2Fv2%2Fmedia&parent=7852"}],"wp:term":[{"taxonomy":"category","embeddable":true,"href":"https:\/\/www.radiolimari.cl\/index.php?rest_route=%2Fwp%2Fv2%2Fcategories&post=7852"},{"taxonomy":"post_tag","embeddable":true,"href":"https:\/\/www.radiolimari.cl\/index.php?rest_route=%2Fwp%2Fv2%2Ftags&post=7852"}],"curies":[{"name":"wp","href":"https:\/\/api.w.org\/{rel}","templated":true}]}}