{"id":7840,"date":"2022-08-30T20:46:36","date_gmt":"2022-08-30T20:46:36","guid":{"rendered":"http:\/\/www.radiolimari.cl\/?p=7840"},"modified":"2022-08-30T20:46:36","modified_gmt":"2022-08-30T20:46:36","slug":"tasa-de-desocupacion-en-la-region-de-coquimbo-anota-importante-descenso","status":"publish","type":"post","link":"https:\/\/www.radiolimari.cl\/?p=7840","title":{"rendered":"Tasa de Desocupaci\u00f3n  en la regi\u00f3n de Coquimbo anota importante descenso"},"content":{"rendered":"<p><a href=\"https:\/\/www.radiolimari.cl\/wp-content\/uploads\/2022\/08\/30.8-Empleo.jpeg\"><img fetchpriority=\"high\" decoding=\"async\" class=\"alignnone size-medium wp-image-7841\" src=\"https:\/\/www.radiolimari.cl\/wp-content\/uploads\/2022\/08\/30.8-Empleo-300x225.jpeg\" alt=\"30.8 Empleo\" width=\"300\" height=\"225\" srcset=\"https:\/\/www.radiolimari.cl\/wp-content\/uploads\/2022\/08\/30.8-Empleo-300x225.jpeg 300w, https:\/\/www.radiolimari.cl\/wp-content\/uploads\/2022\/08\/30.8-Empleo-1024x768.jpeg 1024w, https:\/\/www.radiolimari.cl\/wp-content\/uploads\/2022\/08\/30.8-Empleo.jpeg 1280w\" sizes=\"(max-width: 300px) 100vw, 300px\" \/><\/a><\/p>\n<p><strong><em><strong>Se sit\u00faa en 8,3% en el trimestre mayo-julio y es l<\/strong>a cifra es la m\u00e1s baja desde el periodo Noviembre 2019 &#8211; Enero 2020, acerc\u00e1ndose a los niveles prepandemia.<\/em><\/strong><br \/>\n<!--more--><\/p>\n<p>Una disminuci\u00f3n anual de 1,6 punto porcentuales (pp) registr\u00f3 la Tasa de Desocupaci\u00f3n Regional en el trimestre mayo-julio situ\u00e1ndose en un 8,3%, presentando el segundo descenso consecutivo<\/p>\n<p>Seg\u00fan lo informado por el Instituto Nacional de Estad\u00edsticas (INE) el n\u00famero de personas ocupadas present\u00f3 un aumento de 12,0%, destacando la recuperaci\u00f3n de 38.520 puestos de trabajo.<\/p>\n<p>Los sectores econ\u00f3micos que m\u00e1s incidieron en la creaci\u00f3n de empleo fueron Comercio (20,7%), Ense\u00f1anza (26,8%) y Miner\u00eda (15,3%).<\/p>\n<p>Ante la importante diminuci\u00f3n de los desocupados y la recuperaci\u00f3n del empleo, el Delegado Presidencial Regional, Rub\u00e9n Quezada, dijo que \u201cestamos muy contentos y satisfecho con estos primeros resultados por el trabajo realizado. Porque durante mucho tiempo estuvimos dentro de los primeros lugares del desempleo a nivel nacional, incluso en el primer lugar, pero se ha ido mejorando, avanzando y generando empleos sobre todo para mujeres, personas j\u00f3venes y a trav\u00e9s del programa Chile Apoya se ha incentivado a la empresa privada para generar contratos de trabajo con ayuda del estado\u201d.<\/p>\n<p>Por su parte la Seremi del Trabajo, Claudio Santander, destac\u00f3 la cifra de 8,3% y manifest\u00f3 que \u201chacemos una evaluaci\u00f3n positiva ya que es una importante disminuci\u00f3n en la Tasa de Desocupaci\u00f3n donde dejamos el primer lugar nacional y ahora nos situamos en la sexta posici\u00f3n. Adem\u00e1s, debemos considerar que esta cifra es la m\u00e1s baja desde el periodo noviembre 2019- enero 2020 (8,0%)\u201d.<\/p>\n<p>\u201cEs importante destacar que el alza en la ocupaci\u00f3n est\u00e1 incidida por el empleo en mujeres y eso es muy relevante para nuestro gobierno porque ha sido un foco prioritario. Tambi\u00e9n hay que destacar el aumento en la Fuerza de Trabajo, pero tambi\u00e9n hemos aumentado en t\u00e9rminos de personas ocupadas, donde se han generado m\u00e1s de 38 mil nuevas ocupaciones en el periodo, lo que ha permitido avanzar notoriamente en la recuperaci\u00f3n de empleo llegando a cifras prepandemia\u201d, agreg\u00f3 la Seremi del Trabajo.<\/p>\n<p>La tasa de desocupaci\u00f3n de las mujeres en la regi\u00f3n de Coquimbo alcanz\u00f3 un 8,9%, disminuyendo 0,5 pp. Por su parte los hombres se situaron en 7,8%, registrando una baja de 2,5 pp.<\/p>\n<p>Mientras que, en el an\u00e1lisis por territorio, la provincia de Limar\u00ed registr\u00f3 una Tasa de Desocupaci\u00f3n de 5,9%, anotando un descenso trimestral de 1,2 (PP). De la misma forma la provincia de Elqui se contrajo trimestralmente registrando un 9,2%.<\/p>\n<p><strong>Chile Apoya<\/strong><\/p>\n<p>La autoridad laboral enfatiz\u00f3 en la implementaci\u00f3n de las herramientas de apoyo y fomento al empleo incluidas en el plan Chile Apoya y manifest\u00f3 que \u201chay que recordar que para nuestra regi\u00f3n ha sido una prioridad la recuperaci\u00f3n del empleo y en ese sentido las visitas de los diferentes ministros y ministras a nuestra regi\u00f3n ha sido enfocado en hacer la bajada de lo focalizaci\u00f3n de recursos de apoyo e incentivo a la generaci\u00f3n de empleo del plan Chile Apoya, especialmente con apoyo a las mipymes y que explica est\u00e1 alza tan relevante en el \u00e1rea de comercio\u201d,<\/p>\n<p>\u201cClaramente ha sido una direcci\u00f3n de trabajo muy adecuada a los requerimientos de este periodo. Por eso ha sido positivo el enfoque de los apoyos a los grupos (de trabajadores) que estaban m\u00e1s rezagados como es mujeres y j\u00f3venes donde es claro que ha habido un efecto positivo de las pol\u00edticas que ha impulsado nuestro Gobierno\u201d, finaliz\u00f3 la Seremi del Trabajo.<\/p>\n","protected":false},"excerpt":{"rendered":"<p>Se sit\u00faa en 8,3% en el trimestre mayo-julio y es la cifra es la m\u00e1s baja desde el periodo Noviembre 2019 &#8211; Enero 2020, acerc\u00e1ndose a los niveles prepandemia.<\/p>\n","protected":false},"author":2,"featured_media":7841,"comment_status":"open","ping_status":"open","sticky":false,"template":"","format":"standard","meta":{"footnotes":""},"categories":[6],"tags":[],"class_list":["post-7840","post","type-post","status-publish","format-standard","has-post-thumbnail","hentry","category-regionales"],"_links":{"self":[{"href":"https:\/\/www.radiolimari.cl\/index.php?rest_route=\/wp\/v2\/posts\/7840","targetHints":{"allow":["GET"]}}],"collection":[{"href":"https:\/\/www.radiolimari.cl\/index.php?rest_route=\/wp\/v2\/posts"}],"about":[{"href":"https:\/\/www.radiolimari.cl\/index.php?rest_route=\/wp\/v2\/types\/post"}],"author":[{"embeddable":true,"href":"https:\/\/www.radiolimari.cl\/index.php?rest_route=\/wp\/v2\/users\/2"}],"replies":[{"embeddable":true,"href":"https:\/\/www.radiolimari.cl\/index.php?rest_route=%2Fwp%2Fv2%2Fcomments&post=7840"}],"version-history":[{"count":1,"href":"https:\/\/www.radiolimari.cl\/index.php?rest_route=\/wp\/v2\/posts\/7840\/revisions"}],"predecessor-version":[{"id":7842,"href":"https:\/\/www.radiolimari.cl\/index.php?rest_route=\/wp\/v2\/posts\/7840\/revisions\/7842"}],"wp:featuredmedia":[{"embeddable":true,"href":"https:\/\/www.radiolimari.cl\/index.php?rest_route=\/wp\/v2\/media\/7841"}],"wp:attachment":[{"href":"https:\/\/www.radiolimari.cl\/index.php?rest_route=%2Fwp%2Fv2%2Fmedia&parent=7840"}],"wp:term":[{"taxonomy":"category","embeddable":true,"href":"https:\/\/www.radiolimari.cl\/index.php?rest_route=%2Fwp%2Fv2%2Fcategories&post=7840"},{"taxonomy":"post_tag","embeddable":true,"href":"https:\/\/www.radiolimari.cl\/index.php?rest_route=%2Fwp%2Fv2%2Ftags&post=7840"}],"curies":[{"name":"wp","href":"https:\/\/api.w.org\/{rel}","templated":true}]}}