{"id":7821,"date":"2022-08-23T21:18:45","date_gmt":"2022-08-23T21:18:45","guid":{"rendered":"http:\/\/www.radiolimari.cl\/?p=7821"},"modified":"2022-08-23T21:18:45","modified_gmt":"2022-08-23T21:18:45","slug":"delegado-presidencial-regional-de-coquimbo-ruben-quezada-detalla-cartera-de-proyectos-para-apoyar-la-agilizacion-de-ejecucion-presupuestaria","status":"publish","type":"post","link":"https:\/\/www.radiolimari.cl\/?p=7821","title":{"rendered":"Delegado Presidencial Regional de Coquimbo Rub\u00e9n Quezada detalla cartera de proyectos para apoyar la agilizaci\u00f3n de ejecuci\u00f3n presupuestaria"},"content":{"rendered":"<p><a href=\"https:\/\/www.radiolimari.cl\/wp-content\/uploads\/2022\/08\/23.8-delegado-proyectos.jpeg\"><img fetchpriority=\"high\" decoding=\"async\" class=\"alignnone size-medium wp-image-7822\" src=\"https:\/\/www.radiolimari.cl\/wp-content\/uploads\/2022\/08\/23.8-delegado-proyectos-300x168.jpeg\" alt=\"23.8 delegado proyectos\" width=\"300\" height=\"168\" srcset=\"https:\/\/www.radiolimari.cl\/wp-content\/uploads\/2022\/08\/23.8-delegado-proyectos-300x168.jpeg 300w, https:\/\/www.radiolimari.cl\/wp-content\/uploads\/2022\/08\/23.8-delegado-proyectos-1024x576.jpeg 1024w, https:\/\/www.radiolimari.cl\/wp-content\/uploads\/2022\/08\/23.8-delegado-proyectos.jpeg 1440w\" sizes=\"(max-width: 300px) 100vw, 300px\" \/><\/a><\/p>\n<p>&nbsp;<\/p>\n<p><strong><em>La autoridad regional expuso ante la Comisi\u00f3n de Presupuesto del Consejo Regional una serie de iniciativas sectoriales para el Fondo de Desarrollo Regional FNDR. Se trata de 42 iniciativas que, contemplan una inversi\u00f3n de 11 mil millones de pesos durante este 2022.<\/em><\/strong><!--more--><\/p>\n<p>Durante el trabajo en comisiones, el Consejo Regional de Coquimbo recibi\u00f3 al Delegado Presidencial Regional, Rub\u00e9n Quezada, para conocer los detalles de la cartera de proyectos que ingresar\u00e1 al FNDR para apoyar la agilizaci\u00f3n de la ejecuci\u00f3n presupuestaria.<\/p>\n<p>El Delegado Quezada explic\u00f3 que <strong>\u201csabemos que hay mucho por avanzar y como Gobierno vamos a redoblar los esfuerzos y por eso hemos puesto a disposici\u00f3n una cartera de proyectos con m\u00e1s de 11 mil millones de pesos que somos capaces de ejecutar durante este a\u00f1o\u201d<\/strong>.<\/p>\n<p>Dicha cartera est\u00e1 compuesta por 42 iniciativas las que fueron solicitadas a las seremis y servicios para conocer cu\u00e1les son los proyectos que se pueden llevar adelante. <strong>\u201cTambi\u00e9n nos hemos coordinado con el Ministerio de Desarrollo Social y con la Direcci\u00f3n de Arquitectura del MOP para generar un trabajo articulado con los equipos t\u00e9cnicos del Gobierno Regional y poder avanzar. Vamos a poner todo nuestro esfuerzo por poder colaborar en obras que son distribuidas en toda la regi\u00f3n, para poder llegar y cubrir las comunas con distintas iniciativas\u201d<\/strong>, acot\u00f3 el Delegado Presidencial.<\/p>\n<p>Entre las iniciativas expuestas, destac\u00f3 la conservaci\u00f3n de pavimentos de emergencia, un programa de normalizaci\u00f3n de luminaria deportiva para estadios y canchas de f\u00fatbol municipales, la recuperaci\u00f3n piloto de restauraci\u00f3n hidrol\u00f3gica y ambiental del acu\u00edfero Pan de Az\u00facar, entre otras.<\/p>\n<p>Desde el Consejo Regional valoraron la cartera, destacando, adem\u00e1s, que cada una de las propuestas va en sinton\u00eda con los desaf\u00edos y necesidades de la regi\u00f3n. En este sentido, el Presidente de la Comisi\u00f3n de Presupuesto, el Consejero Javier Vega, dijo que <strong>\u201cpara nosotros es muy importante trabajar mancomunadamente para hablar de esta cartera de proyectos y tratar de apoyarlos. Son 22 mil millones de pesos, 11 mil ejecutables durante este a\u00f1o. Sabemos que tenemos un presupuesto bastante bajo en la regi\u00f3n y vemos con buenos ojos que se hagan estas acciones, de trabajar en conjunto, que es lo que hemos estado esperando por mucho tiempo\u201d<\/strong>.<\/p>\n<p>El Consejero de Elqui acot\u00f3 que tras la presentaci\u00f3n, los proyectos se ver\u00e1n en las respectivas comisiones para tratar de sacarlos en las distintas l\u00edneas. <strong>\u201cYa hemos discutido sobre la baja ejecuci\u00f3n presupuestaria, pero queremos verla desde un punto de vista positivo y si nosotros los consejeros podemos aportar, vamos a ayudar a sacar los proyectos adelante\u201d<\/strong>, puntualiz\u00f3.<\/p>\n<p>En tanto, el Consejero de la Provincia de Limar\u00ed, Waldimir Pleticosic, acot\u00f3 que <strong>\u201cestamos muy conformes y contentos que nuestro Delegado est\u00e9 preocupado por la ejecuci\u00f3n presupuestaria y desde ah\u00ed c\u00f3mo somos capaces de generar proyectos que den mayor producci\u00f3n y financiamiento en el territorio regional\u201d<\/strong>.<\/p>\n<p>Mientras que Darwin Ibacache, Consejero de la Provincia del Choapa, puntualiz\u00f3 que <strong>\u201ces importante para nosotros que el Delegado presente esta iniciativa con pertinencia y territorio. Destacar, por ejemplo, los convenios que se deseen ejecutar con la DGA, en medio de la escasez h\u00eddrica que afrontamos, demuestra que las iniciativas inciden en el gasto presupuestario pero tambi\u00e9n van acorde a la realidad y cercan\u00eda con lo que estamos viviendo\u201d<\/strong>.<\/p>\n","protected":false},"excerpt":{"rendered":"<p>&nbsp; La autoridad regional expuso ante la Comisi\u00f3n de Presupuesto del Consejo Regional una serie de iniciativas sectoriales para el Fondo de Desarrollo Regional FNDR. Se trata de 42 iniciativas que, contemplan una inversi\u00f3n de 11 mil millones de pesos durante este 2022.<\/p>\n","protected":false},"author":2,"featured_media":7822,"comment_status":"open","ping_status":"open","sticky":false,"template":"","format":"standard","meta":{"footnotes":""},"categories":[6],"tags":[],"class_list":["post-7821","post","type-post","status-publish","format-standard","has-post-thumbnail","hentry","category-regionales"],"_links":{"self":[{"href":"https:\/\/www.radiolimari.cl\/index.php?rest_route=\/wp\/v2\/posts\/7821","targetHints":{"allow":["GET"]}}],"collection":[{"href":"https:\/\/www.radiolimari.cl\/index.php?rest_route=\/wp\/v2\/posts"}],"about":[{"href":"https:\/\/www.radiolimari.cl\/index.php?rest_route=\/wp\/v2\/types\/post"}],"author":[{"embeddable":true,"href":"https:\/\/www.radiolimari.cl\/index.php?rest_route=\/wp\/v2\/users\/2"}],"replies":[{"embeddable":true,"href":"https:\/\/www.radiolimari.cl\/index.php?rest_route=%2Fwp%2Fv2%2Fcomments&post=7821"}],"version-history":[{"count":1,"href":"https:\/\/www.radiolimari.cl\/index.php?rest_route=\/wp\/v2\/posts\/7821\/revisions"}],"predecessor-version":[{"id":7823,"href":"https:\/\/www.radiolimari.cl\/index.php?rest_route=\/wp\/v2\/posts\/7821\/revisions\/7823"}],"wp:featuredmedia":[{"embeddable":true,"href":"https:\/\/www.radiolimari.cl\/index.php?rest_route=\/wp\/v2\/media\/7822"}],"wp:attachment":[{"href":"https:\/\/www.radiolimari.cl\/index.php?rest_route=%2Fwp%2Fv2%2Fmedia&parent=7821"}],"wp:term":[{"taxonomy":"category","embeddable":true,"href":"https:\/\/www.radiolimari.cl\/index.php?rest_route=%2Fwp%2Fv2%2Fcategories&post=7821"},{"taxonomy":"post_tag","embeddable":true,"href":"https:\/\/www.radiolimari.cl\/index.php?rest_route=%2Fwp%2Fv2%2Ftags&post=7821"}],"curies":[{"name":"wp","href":"https:\/\/api.w.org\/{rel}","templated":true}]}}