{"id":7818,"date":"2022-08-23T13:18:26","date_gmt":"2022-08-23T13:18:26","guid":{"rendered":"http:\/\/www.radiolimari.cl\/?p=7818"},"modified":"2022-08-23T13:18:26","modified_gmt":"2022-08-23T13:18:26","slug":"se-entregaron-firmas-a-ministerio-de-trasportes-para-acelerar-licitacion-de-locomocion-publica-mayor-para-ovalle","status":"publish","type":"post","link":"https:\/\/www.radiolimari.cl\/?p=7818","title":{"rendered":"Se entregaron firmas a Ministerio de Trasportes para acelerar licitaci\u00f3n de locomoci\u00f3n p\u00fablica mayor para Ovalle"},"content":{"rendered":"<p><a href=\"https:\/\/www.radiolimari.cl\/wp-content\/uploads\/2022\/08\/23.8-subsecretario1.jpg\"><img fetchpriority=\"high\" decoding=\"async\" class=\"alignnone size-medium wp-image-7819\" src=\"https:\/\/www.radiolimari.cl\/wp-content\/uploads\/2022\/08\/23.8-subsecretario1-300x168.jpg\" alt=\"23.8 subsecretario1\" width=\"300\" height=\"168\" srcset=\"https:\/\/www.radiolimari.cl\/wp-content\/uploads\/2022\/08\/23.8-subsecretario1-300x168.jpg 300w, https:\/\/www.radiolimari.cl\/wp-content\/uploads\/2022\/08\/23.8-subsecretario1-1024x576.jpg 1024w\" sizes=\"(max-width: 300px) 100vw, 300px\" \/><\/a><\/p>\n<p><span style=\"color: #222222;\">Subsecretario de Transportes Crist\u00f3bal Pineda estuvo en Ovalle para dialogar con la ciudadan\u00eda sobre el tipo de transporte p\u00fablico que requiere dada la crisis que los golpea fuerte por la falta de micros en los diferentes sectores de la comuna<\/span><!--more--><\/p>\n<div style=\"color: #222222;\">La concejala Fanny Vega hizo entrega de las 2.468 firmas recolectadas bajo la campa\u00f1a \u00abMicros Para Ovalle\u00bb que dur\u00f3 dos meses, se agregaron tambi\u00e9n las firmas digitales. La concejala hizo ver al Gobierno la urgencia ciudadana de tener m\u00e1s micros en las calles.<\/div>\n<div style=\"color: #222222;\"><\/div>\n<div style=\"color: #222222;\">M\u00e1s de dos horas, diferentes organizaciones ovallinas\u00a0debatieron sobre los recorridos, sectores que m\u00e1s necesitan de nuevos buses, que contar\u00e1n con alto est\u00e1ndar de calidad para la ciudad, en el di\u00e1logo ciudadano \u00abServicios de Transporte P\u00fablico Urbano Mayor en Ovalle\u00bb. En las intervenciones ciudadanas, se reiter\u00f3 al Gobierno premura en la licitaci\u00f3n porque es agobiante la ausencia de micros en Ovalle.<\/div>\n<div style=\"color: #222222;\"><\/div>\n<div style=\"color: #222222;\">El Gobierno ha se\u00f1alado que se incrementar\u00e1n buses para Ovalle, mediante una licitaci\u00f3n que permita el ingreso de m\u00e1s operadores para cubrir 7 nuevos recorridos. La ciudadan\u00eda ovallina espera que esto se concrete antes del primer trimestre de 2024, plazo dado por el ejecutivo.<\/div>\n<div style=\"color: #222222;\"><\/div>\n<div style=\"color: #222222;\">Al respecto, Loreto Mu\u00f1oz, representante de Villa Los Parronales sostuvo que \u00abmuy interesante la reuni\u00f3n, tenemos un problema importante, mucha congesti\u00f3n, falta de micros. Me parece muy positivo que se hayan entregado las firmas y que se resuelva pronto\u00bb.<\/div>\n<div style=\"color: #222222;\"><\/div>\n<div style=\"color: #222222;\">Roc\u00edo Gonz\u00e1lez, presidenta de la CUT Limar\u00ed indic\u00f3 que \u00abmuy buena la actividad. Tanto sector alejado que existe y que necesitan una micro. Los colectivos est\u00e1n subiendo mucho las tarifas, no hay micros, 1.100 pesos me cuesta y m\u00e1s encima va una sola l\u00ednea donde vivo y olv\u00eddate el fin de semana, no hay nada. Entonces debemos ir al Hospital para tomar colectivo, esto se replica en Jos\u00e9 Tom\u00e1s Ovalle, la Tena, cuyos habitantes se deben acercar al centro y de ah\u00ed tomar transporte. Por eso, la entrega de firmas \u00abmicros para Ovalle\u00bb, es relevante, para que la licitaci\u00f3n sea lo antes posible, lo necesitamos con urgencia\u00bb.<\/div>\n<div style=\"color: #222222;\"><\/div>\n<div style=\"color: #222222;\">El senador Daniel N\u00fa\u00f1ez sostuvo que \u00able hicimos entrega de m\u00e1s de 2 mil firmas al subsecretario para que se habilite transporte p\u00fablico urbano en la ciudad, ya que est\u00e1 saliendo muy caro movilizarse. Estamos expectantes de lo que vaya a realizar el Gobierno el pr\u00f3ximo a\u00f1o una regulaci\u00f3n para generar transporte p\u00fablico en Ovalle. Tampoco nos cansaremos de repetirle al Gobierno que queremos la licitaci\u00f3n del electrocorredor\u00a0de buses el\u00e9ctricos que operar\u00edan en la Conurbaci\u00f3n\u00bb.<\/div>\n<div style=\"color: #222222;\"><\/div>\n<div style=\"color: #222222;\">La diputada Carolina Tello respald\u00f3 el sentir ciudadano. \u00abMe pareci\u00f3 muy relevante la campa\u00f1a, ya que al haber recolectado las firmas, tuvo mucho respaldo ciudadano, tambi\u00e9n las firmas digitales. Me solicitaron si esto se pod\u00eda replicar en otras comunas, por tanto, ha sido un trabajo arduo, con gran recepci\u00f3n y esperamos que las autoridades tomen en consideraci\u00f3n y se apuren con el proceso para Ovalle\u00bb.<\/div>\n<div style=\"color: #222222;\"><\/div>\n<div style=\"color: #222222;\">Su par, la diputada Nathalie Castillo destac\u00f3 que \u00abestamos muy satisfechas con la campa\u00f1a \u00abMicros Para Ovalle\u00bb, fue algo masivo, cont\u00f3 con el respaldo ciudadano, por un transporte de calidad y digno, que se terminen con las brechas que existen entre las localidades alejadas y la ciudad. Esperamos que se tomen decisiones importantes lo antes posible\u00bb.<\/div>\n<div style=\"color: #222222;\"><\/div>\n<div style=\"color: #222222;\">El Subsecretario de Transportes afirm\u00f3 que \u00abhay dos hitos importantes, cuando vinimos en abril pasado, hicimos un conversatorio ac\u00e1 y por otro lado la junta de firmas impulsada por el senador N\u00fa\u00f1ez que es un insumo fundamental para nosotros. Nos imprime mayor celeridad. Agradecemos al senador por este impulso, esperamos que sigamos colaborando con \u00e9l y las diputadas. Nuestro compromiso es tratar de acortar los plazos, hay plazos administrativos que hay que cumplir, pero nuestro compromiso est\u00e1 en acortar los plazos si podemos antes del primer trimestre de 2024\u00bb.<\/div>\n","protected":false},"excerpt":{"rendered":"<p>Subsecretario de Transportes Crist\u00f3bal Pineda estuvo en Ovalle para dialogar con la ciudadan\u00eda sobre el tipo de transporte p\u00fablico que requiere dada la crisis que los golpea fuerte por la falta de micros en los diferentes sectores de la comuna<\/p>\n","protected":false},"author":2,"featured_media":7819,"comment_status":"open","ping_status":"open","sticky":false,"template":"","format":"standard","meta":{"footnotes":""},"categories":[5],"tags":[],"class_list":["post-7818","post","type-post","status-publish","format-standard","has-post-thumbnail","hentry","category-actualidad-limarina"],"_links":{"self":[{"href":"https:\/\/www.radiolimari.cl\/index.php?rest_route=\/wp\/v2\/posts\/7818","targetHints":{"allow":["GET"]}}],"collection":[{"href":"https:\/\/www.radiolimari.cl\/index.php?rest_route=\/wp\/v2\/posts"}],"about":[{"href":"https:\/\/www.radiolimari.cl\/index.php?rest_route=\/wp\/v2\/types\/post"}],"author":[{"embeddable":true,"href":"https:\/\/www.radiolimari.cl\/index.php?rest_route=\/wp\/v2\/users\/2"}],"replies":[{"embeddable":true,"href":"https:\/\/www.radiolimari.cl\/index.php?rest_route=%2Fwp%2Fv2%2Fcomments&post=7818"}],"version-history":[{"count":1,"href":"https:\/\/www.radiolimari.cl\/index.php?rest_route=\/wp\/v2\/posts\/7818\/revisions"}],"predecessor-version":[{"id":7820,"href":"https:\/\/www.radiolimari.cl\/index.php?rest_route=\/wp\/v2\/posts\/7818\/revisions\/7820"}],"wp:featuredmedia":[{"embeddable":true,"href":"https:\/\/www.radiolimari.cl\/index.php?rest_route=\/wp\/v2\/media\/7819"}],"wp:attachment":[{"href":"https:\/\/www.radiolimari.cl\/index.php?rest_route=%2Fwp%2Fv2%2Fmedia&parent=7818"}],"wp:term":[{"taxonomy":"category","embeddable":true,"href":"https:\/\/www.radiolimari.cl\/index.php?rest_route=%2Fwp%2Fv2%2Fcategories&post=7818"},{"taxonomy":"post_tag","embeddable":true,"href":"https:\/\/www.radiolimari.cl\/index.php?rest_route=%2Fwp%2Fv2%2Ftags&post=7818"}],"curies":[{"name":"wp","href":"https:\/\/api.w.org\/{rel}","templated":true}]}}