{"id":7815,"date":"2022-08-22T17:37:13","date_gmt":"2022-08-22T17:37:13","guid":{"rendered":"http:\/\/www.radiolimari.cl\/?p=7815"},"modified":"2022-08-22T17:37:13","modified_gmt":"2022-08-22T17:37:13","slug":"instituto-de-politicas-publicas-ucn-es-parte-del-proceso-de-actualizacion-del-plan-regulador-de-monte-patria","status":"publish","type":"post","link":"https:\/\/www.radiolimari.cl\/?p=7815","title":{"rendered":"Instituto de Pol\u00edticas P\u00fablicas UCN es parte del proceso de actualizaci\u00f3n del Plan Regulador de Monte Patria"},"content":{"rendered":"<p><a href=\"https:\/\/www.radiolimari.cl\/wp-content\/uploads\/2022\/08\/22.8-monte-patria.jpg\"><img fetchpriority=\"high\" decoding=\"async\" class=\"alignnone size-medium wp-image-7816\" src=\"https:\/\/www.radiolimari.cl\/wp-content\/uploads\/2022\/08\/22.8-monte-patria-300x168.jpg\" alt=\"22.8 monte patria\" width=\"300\" height=\"168\" srcset=\"https:\/\/www.radiolimari.cl\/wp-content\/uploads\/2022\/08\/22.8-monte-patria-300x168.jpg 300w, https:\/\/www.radiolimari.cl\/wp-content\/uploads\/2022\/08\/22.8-monte-patria-1024x576.jpg 1024w\" sizes=\"(max-width: 300px) 100vw, 300px\" \/><\/a><\/p>\n<p><em>El IPP UCN &#8211; Coquimbo, el Municipio de Monte Patria y la Consultora Geodesus avanzan en el desarrollo de un nuevo Plan Regulador para la comuna, donde la participaci\u00f3n ciudadana es fundamental. <\/em><!--more--><\/p>\n<p>Conocer y validar las principales pautas que determinar\u00e1n el desarrollo territorial de Monte Patria, de aqu\u00ed a 10 a\u00f1os m\u00e1s, fueron los principales objetivos de la Primera Audiencia P\u00fablica en la que se realiz\u00f3 la presentaci\u00f3n de la Imagen Objetivo del Plan Regulador Comunal; aprobada inicialmente por el Concejo Municipal, actividad que fue organizada por la consultora Geodesus en colaboraci\u00f3n con la Municipalidad de Monte Patria, y el Instituto de Pol\u00edticas P\u00fablicas <a href=\"http:\/\/www.politicaspublicasdelnorte.cl\">(IPP)<\/a> de la Universidad Cat\u00f3lica del Norte\u00a0 <a href=\"http:\/\/www.ucn.cl\">(UCN)<\/a> &#8211; Coquimbo, en el Sal\u00f3n del Centro Tur\u00edstico y Recreacional de la comuna.<\/p>\n<p>En la instancia, las y los asistentes tuvieron la oportunidad de conocer en detalle la Imagen Objetivo de la Comuna y la localidad, consistente en la propuesta conceptual de desarrollo urbano para la Comuna en el futuro.<\/p>\n<p>En la propuesta se pudo identificar elementos relevantes para el desarrollo del territorio, tales como el equipamiento, ajustes Viales y del l\u00edmite urbano, Protecci\u00f3n Patrimonial y Ambiental, entre otros aspectos mencionados en la primera jornada de Participaci\u00f3n Ciudadana. As\u00ed lo declar\u00f3 el Secretario Comunal de Planificaci\u00f3n del Municipio de Monte Patria, Marco Echeverr\u00eda Olivares.<\/p>\n<p>\u201cEn esta segunda etapa de participaci\u00f3n ciudadana se present\u00f3 lo que es la imagen objetivo, una imagen objetivo que elabor\u00f3 la consultora en conjunto al Concejo Municipal sobre la base del diagn\u00f3stico que se hizo inicialmente y se puso a disposici\u00f3n conceptualmente, como se plantea una mirada de futuro y del desarrollo que la comuna y Monte Patria en particular puede tener en adelante\u201d, se\u00f1al\u00f3 el funcionario.<\/p>\n<p>Por su parte, el director del IPP UCN Coquimbo, Cristian Morales Letzkus, se refiri\u00f3 a la importancia del desarrollo de procesos participativos efectivos, adem\u00e1s destacar la labor del IPP en este sentido.<\/p>\n<p>\u00ablos procesos de participaci\u00f3n ciudadana son claves para acercar y validar la institucionalidad pol\u00edtica a la ciudadan\u00eda, en este sentido la labor del Instituto de Pol\u00edtica P\u00fablicas de la UCN es clave para que se realicen procesos de participaci\u00f3n efectivos, objetivos y transparentes. Hemos colaborado con distintos actores p\u00fablicos de nivel nacional (ministerios), regional (Gore y CORE) y locales (municipios) que permiten fortalecer la gesti\u00f3n p\u00fablica en todos los niveles\u00bb, afirm\u00f3 Morales.<\/p>\n<p>&nbsp;<\/p>\n<p><strong>\u00bfQu\u00e9 es una imagen objetivo?<\/strong><\/p>\n<p>Este concepto constituye una representaci\u00f3n escrita con soporte gr\u00e1fico sobre c\u00f3mo los habitantes y las autoridades visualizan el territorio en el futuro, para poder orientar los mecanismos de planificaci\u00f3n a trav\u00e9s del PRC. En este caso, los concejales coinciden en visualizar el territorio de Monte Patria como un espacio geogr\u00e1fico con un valor intr\u00ednseco basado en los recursos naturales y patrimoniales de los valles de la comuna, con una potente oportunidad de diversificar la matriz productiva que es la que brinda el soporte para el empleo local.<\/p>\n<p><strong>Participaci\u00f3n activa<\/strong><\/p>\n<p>Rodrigo Tapia Cerda, jefe de proyecto de la consultora Geodessus evalu\u00f3 de manera positiva la participaci\u00f3n de la comunidad, destacando que, en esta oportunidad las vecinas y los vecinos pudieron manifestar detalladamente las problem\u00e1ticas que aquejan a cada localidad.<\/p>\n<p>\u201cPudimos indagar a partir de la propuesta de imagen objetivo, precisiones que requiere el instrumento vigente en t\u00e9rminos, por ejemplo, de ajustes viales o ajustes de alguna zona que est\u00e1n afectando el desarrollo, ya sea en t\u00e9rminos residenciales o falta de equipamiento, por lo tanto, de todas maneras, una evaluaci\u00f3n positiva de la participaci\u00f3n de la comunidad y del creciente inter\u00e9s que ha tenido en los vecinos y a las vecinas en este proceso de modificaci\u00f3n de actualizaci\u00f3n del plan regulador\u201d indic\u00f3\u00a0 el jefe de proyecto.<\/p>\n<p>Por su parte, Ana Bernarda Herrera Castellano, presidenta de la Uni\u00f3n Comunal de Juntas de Vecinos de Monte Patria, manifest\u00f3 el inter\u00e9s que existe en la comunidad frente a este Plan Regulador. \u201cLa idea es trabajar y seguir pidiendo para que quede lo m\u00e1s lo m\u00e1s natural posible, para la comodidad de la gente, que sea un Plan Regulador apto para la comunidad, los suelos, las personas, los agricultores y para los Comit\u00e9s para ver todo ese tema, para que quede bien se\u00f1alado y resguardado\u201d.<\/p>\n<p><strong>Proceso de actualizaci\u00f3n en curso<\/strong><\/p>\n<p>Esta primera audiencia p\u00fablica busca que la comunidad pueda validar la Imagen Objetivo presentada en la jornada, las que se estar\u00e1n realizando en distintas localidades de la Comuna. Posterior a este proceso se iniciar\u00e1 la etapa de confecci\u00f3n de la actualizaci\u00f3n del Plan Regulador Comunal, lo que seg\u00fan explica el jefe de proyecto \u201csignifica generar zonificaciones m\u00e1s en detalle; atribuciones y coeficientes urban\u00edsticos en cada una de esas zonas, que finalmente van a precisar de manera muy detallada los \u00e9nfasis y las intenciones urban\u00edsticas que se est\u00e1n presentando hoy, en t\u00e9rminos de imagen objetivo que es una propuesta m\u00e1s conceptual\u201d.<\/p>\n<p>Las y los vecinos interesados en presentar observaciones a la Imagen Objetivo presentada, podr\u00e1n hacerlo hasta el 31 de agosto, accediendo al sitio web www.munimontepatria.cl, donde encontrar\u00e1n el documento de resumen ejecutivo y el plano de Imagen Objetivo para posteriormente realizar la observaci\u00f3n formal al correo electr\u00f3nico <a href=\"mailto:sebastianbravo@mpatria.cl\">sebastianbravo@mpatria.cl<\/a>.<\/p>\n","protected":false},"excerpt":{"rendered":"<p>El IPP UCN &#8211; Coquimbo, el Municipio de Monte Patria y la Consultora Geodesus avanzan en el desarrollo de un nuevo Plan Regulador para la comuna, donde la participaci\u00f3n ciudadana es fundamental.<\/p>\n","protected":false},"author":2,"featured_media":7816,"comment_status":"open","ping_status":"open","sticky":false,"template":"","format":"standard","meta":{"footnotes":""},"categories":[5],"tags":[],"class_list":["post-7815","post","type-post","status-publish","format-standard","has-post-thumbnail","hentry","category-actualidad-limarina"],"_links":{"self":[{"href":"https:\/\/www.radiolimari.cl\/index.php?rest_route=\/wp\/v2\/posts\/7815","targetHints":{"allow":["GET"]}}],"collection":[{"href":"https:\/\/www.radiolimari.cl\/index.php?rest_route=\/wp\/v2\/posts"}],"about":[{"href":"https:\/\/www.radiolimari.cl\/index.php?rest_route=\/wp\/v2\/types\/post"}],"author":[{"embeddable":true,"href":"https:\/\/www.radiolimari.cl\/index.php?rest_route=\/wp\/v2\/users\/2"}],"replies":[{"embeddable":true,"href":"https:\/\/www.radiolimari.cl\/index.php?rest_route=%2Fwp%2Fv2%2Fcomments&post=7815"}],"version-history":[{"count":1,"href":"https:\/\/www.radiolimari.cl\/index.php?rest_route=\/wp\/v2\/posts\/7815\/revisions"}],"predecessor-version":[{"id":7817,"href":"https:\/\/www.radiolimari.cl\/index.php?rest_route=\/wp\/v2\/posts\/7815\/revisions\/7817"}],"wp:featuredmedia":[{"embeddable":true,"href":"https:\/\/www.radiolimari.cl\/index.php?rest_route=\/wp\/v2\/media\/7816"}],"wp:attachment":[{"href":"https:\/\/www.radiolimari.cl\/index.php?rest_route=%2Fwp%2Fv2%2Fmedia&parent=7815"}],"wp:term":[{"taxonomy":"category","embeddable":true,"href":"https:\/\/www.radiolimari.cl\/index.php?rest_route=%2Fwp%2Fv2%2Fcategories&post=7815"},{"taxonomy":"post_tag","embeddable":true,"href":"https:\/\/www.radiolimari.cl\/index.php?rest_route=%2Fwp%2Fv2%2Ftags&post=7815"}],"curies":[{"name":"wp","href":"https:\/\/api.w.org\/{rel}","templated":true}]}}