{"id":7812,"date":"2022-08-22T17:18:54","date_gmt":"2022-08-22T17:18:54","guid":{"rendered":"http:\/\/www.radiolimari.cl\/?p=7812"},"modified":"2022-08-22T17:18:54","modified_gmt":"2022-08-22T17:18:54","slug":"encuentro-nacional-de-canto-a-lo-poeta-se-celebrara-en-ovalle-este-martes","status":"publish","type":"post","link":"https:\/\/www.radiolimari.cl\/?p=7812","title":{"rendered":"Encuentro Nacional de Canto a lo Poeta se celebrar\u00e1 en Ovalle este martes"},"content":{"rendered":"<p><a href=\"https:\/\/www.radiolimari.cl\/wp-content\/uploads\/2022\/08\/22.8-Cultores-del-1er-Encuentro-de-Canto-a-lo-Poeta-de-Ovalle-2022.jpg\"><img fetchpriority=\"high\" decoding=\"async\" class=\"alignnone size-medium wp-image-7813\" src=\"https:\/\/www.radiolimari.cl\/wp-content\/uploads\/2022\/08\/22.8-Cultores-del-1er-Encuentro-de-Canto-a-lo-Poeta-de-Ovalle-2022-300x225.jpg\" alt=\"22.8 Cultores del 1er Encuentro de Canto a lo Poeta de Ovalle 2022\" width=\"300\" height=\"225\" srcset=\"https:\/\/www.radiolimari.cl\/wp-content\/uploads\/2022\/08\/22.8-Cultores-del-1er-Encuentro-de-Canto-a-lo-Poeta-de-Ovalle-2022-300x225.jpg 300w, https:\/\/www.radiolimari.cl\/wp-content\/uploads\/2022\/08\/22.8-Cultores-del-1er-Encuentro-de-Canto-a-lo-Poeta-de-Ovalle-2022-1024x768.jpg 1024w\" sizes=\"(max-width: 300px) 100vw, 300px\" \/><\/a><\/p>\n<p><b style=\"color: #222222;\">El evento parte a las 19:00 horas citando en escena a algunos de los m\u00e1s relevantes exponentes de esta expresi\u00f3n popular de la poes\u00eda y la m\u00fasica en el Teatro Municipal de la ciudad de Ovalle.<\/b><!--more--><\/p>\n<p style=\"font-weight: 400;\">Este martes 23 de agosto, el escenario del Teatro Municipal de Ovalle ser\u00e1 el punto de encuentro para el Primer Encuentro Nacional de Canto a lo Poeta, instancia que contar\u00e1 con la presencia de 6 exponentes del canto de tradici\u00f3n, los cuales vienen de diversas localidades del pa\u00eds, y que durante el espect\u00e1culo, pondr\u00e1n en valor nuestra oralidad y tradici\u00f3n musical.<\/p>\n<p style=\"font-weight: 400;\">El programa presentar\u00e1 los cantos entretejidos que nacen desde el octos\u00edlabo de la cuarteta de la tradici\u00f3n (cuartetas antiguas que han coexistido durante varias generaciones), \u201cconoceremos el \u201cverso encuartetado\u201d, de car\u00e1cter aprendido que est\u00e1 presente en el Canto a lo Divino y el Canto a lo humano con rituales que lo sostienen de manera natural por siglos junto a la d\u00e9cima espinela\u201d -especifican los int\u00e9rpretes.<\/p>\n<p style=\"font-weight: 400;\">Tambi\u00e9n se compartir\u00e1 un momento de improvisaci\u00f3n donde los payadores har\u00e1n gala de \u00e9ste rito donde tanto el p\u00fablico asistente como los cultores mismos, interact\u00faan para dar vida a momentos hoy conocidos como \u201cfacetas de la paya chilena\u201d, \u00a0la que con fecha 3 de mayo del 2016 fue declarada como Patrimonio Cultural del MERCOSUR.<\/p>\n<p style=\"font-weight: 400;\">Los cultores que dar\u00e1n vida al encuentro junto a sus guitarras, guitarrones chilenos y rabel \u00a0son los siguientes:<\/p>\n<p style=\"font-weight: 400;\"><strong>Ignacio Reyes Guzm\u00e1n;\u00a0<\/strong>Payador y poeta popular habitante de la comuna de Fresia.<\/p>\n<p style=\"font-weight: 400;\">Ha editado numerosos discos y libros y se ha presentado en distintos escenarios de Chile, Uruguay, Argentina, M\u00e9xico y Francia.<\/p>\n<p style=\"font-weight: 400;\"><strong>Eduardo Albornoz<\/strong>,\u00a0<em>\u201cel profe\u201d<\/em>. Narrador oral y cantor a lo poeta. Desde 2011 he orientado la ense\u00f1anza sobre la pr\u00e1ctica de las artes de la oralidad. Desde Villa Alemana. Alumno del taller de los Madariaga.<\/p>\n<p style=\"font-weight: 400;\"><strong>Arturo Varela.\u00a0<\/strong>Cantor a lo poeta. Recopilador del folclor chileno, constructor de instrumentos de cuerdas y promotor de la oralidad y la creaci\u00f3n art\u00edstica como medio de sanaci\u00f3n. Actualmente reside en la ciudad de Ovalle.<\/p>\n<p style=\"font-weight: 400;\"><strong>Pancho Lewero.\u00a0<\/strong>Cantautor y payador. 11 a\u00f1os de trayectoria en encuentros de payadores a nivel nacional. Tambi\u00e9n ha participado en el Encuentro de decimeros, Soledad, Colombia y el Festival Internacional de Poes\u00eda Improvisada Trovalia, Cartagena de Murcia, Espa\u00f1a.<\/p>\n<p style=\"font-weight: 400;\"><strong>Alvaro D\u00edaz Parada.\u00a0<\/strong>Cultor radicado en Paihuano. Ha participado en varios encuentros (desde la virtualidad y presencial). Amante de la guitarra traspuesta.\u00a0 Ha producido y participado en varios discos desde diversas miradas estil\u00edsticas como productor y multinstrumentista. Tiene presentaciones en Argentina, Francia e Inglaterra y en variados cert\u00e1menes musicales folcl\u00f3ricos nacionales.<strong>\u00a0<\/strong><\/p>\n<p style=\"font-weight: 400;\"><strong>Sergio Fuentes Zamorano<\/strong>, dramaturgo, director teatral y poeta popular. Parte de su formaci\u00f3n, la ha desarrollado al alero de los saberes de Alfonso Ureta, Alfonso Rubio, Manuel S\u00e1nchez y Cecilia Astorga, entre otros. Desde Recoleta viene para compartir su b\u00fasqueda de la voz del cantor, su mensaje y legado.<\/p>\n<p style=\"font-weight: 400;\">Descarga de entradas gratuitas disponible en Ticketplus:\u00a0<a href=\"https:\/\/ticketplus.cl\/events\/encuentro-naciona-de-canto-a-lo-poeta\" data-saferedirecturl=\"https:\/\/www.google.com\/url?q=https:\/\/ticketplus.cl\/events\/encuentro-naciona-de-canto-a-lo-poeta&amp;source=gmail&amp;ust=1661274710661000&amp;usg=AOvVaw3dU-I8Pg7llw8eszfeBd6M\">https:\/\/ticketplus.cl\/events\/encuentro-naciona-de-canto-a-lo-poeta<\/a><\/p>\n","protected":false},"excerpt":{"rendered":"<p>El evento parte a las 19:00 horas citando en escena a algunos de los m\u00e1s relevantes exponentes de esta expresi\u00f3n popular de la poes\u00eda y la m\u00fasica en el Teatro Municipal de la ciudad de Ovalle.<\/p>\n","protected":false},"author":2,"featured_media":7813,"comment_status":"open","ping_status":"open","sticky":false,"template":"","format":"standard","meta":{"footnotes":""},"categories":[3],"tags":[],"class_list":["post-7812","post","type-post","status-publish","format-standard","has-post-thumbnail","hentry","category-actualidad"],"_links":{"self":[{"href":"https:\/\/www.radiolimari.cl\/index.php?rest_route=\/wp\/v2\/posts\/7812","targetHints":{"allow":["GET"]}}],"collection":[{"href":"https:\/\/www.radiolimari.cl\/index.php?rest_route=\/wp\/v2\/posts"}],"about":[{"href":"https:\/\/www.radiolimari.cl\/index.php?rest_route=\/wp\/v2\/types\/post"}],"author":[{"embeddable":true,"href":"https:\/\/www.radiolimari.cl\/index.php?rest_route=\/wp\/v2\/users\/2"}],"replies":[{"embeddable":true,"href":"https:\/\/www.radiolimari.cl\/index.php?rest_route=%2Fwp%2Fv2%2Fcomments&post=7812"}],"version-history":[{"count":1,"href":"https:\/\/www.radiolimari.cl\/index.php?rest_route=\/wp\/v2\/posts\/7812\/revisions"}],"predecessor-version":[{"id":7814,"href":"https:\/\/www.radiolimari.cl\/index.php?rest_route=\/wp\/v2\/posts\/7812\/revisions\/7814"}],"wp:featuredmedia":[{"embeddable":true,"href":"https:\/\/www.radiolimari.cl\/index.php?rest_route=\/wp\/v2\/media\/7813"}],"wp:attachment":[{"href":"https:\/\/www.radiolimari.cl\/index.php?rest_route=%2Fwp%2Fv2%2Fmedia&parent=7812"}],"wp:term":[{"taxonomy":"category","embeddable":true,"href":"https:\/\/www.radiolimari.cl\/index.php?rest_route=%2Fwp%2Fv2%2Fcategories&post=7812"},{"taxonomy":"post_tag","embeddable":true,"href":"https:\/\/www.radiolimari.cl\/index.php?rest_route=%2Fwp%2Fv2%2Ftags&post=7812"}],"curies":[{"name":"wp","href":"https:\/\/api.w.org\/{rel}","templated":true}]}}