{"id":7803,"date":"2022-08-17T13:25:13","date_gmt":"2022-08-17T13:25:13","guid":{"rendered":"http:\/\/www.radiolimari.cl\/?p=7803"},"modified":"2022-08-17T13:25:13","modified_gmt":"2022-08-17T13:25:13","slug":"plan-de-seguridad-publica-recibe-aprobacion-unanime-de-municipios-y-actores-regionales","status":"publish","type":"post","link":"https:\/\/www.radiolimari.cl\/?p=7803","title":{"rendered":"Plan de Seguridad P\u00fablica recibe aprobaci\u00f3n un\u00e1nime de municipios y actores regionales"},"content":{"rendered":"<p><a href=\"https:\/\/www.radiolimari.cl\/wp-content\/uploads\/2022\/08\/17.8-PLAN-IMG_5009-3.jpeg\"><img fetchpriority=\"high\" decoding=\"async\" class=\"alignnone size-medium wp-image-7804\" src=\"https:\/\/www.radiolimari.cl\/wp-content\/uploads\/2022\/08\/17.8-PLAN-IMG_5009-3-300x200.jpeg\" alt=\"17.8 PLAN - IMG_5009 (3)\" width=\"300\" height=\"200\" srcset=\"https:\/\/www.radiolimari.cl\/wp-content\/uploads\/2022\/08\/17.8-PLAN-IMG_5009-3-300x200.jpeg 300w, https:\/\/www.radiolimari.cl\/wp-content\/uploads\/2022\/08\/17.8-PLAN-IMG_5009-3.jpeg 1024w\" sizes=\"(max-width: 300px) 100vw, 300px\" \/><\/a><\/p>\n<p><strong><em>La estrategia abordar\u00e1 de ac\u00e1 a fin de a\u00f1o cinco prioridades, a trav\u00e9s de medidas en la l\u00ednea de la prevenci\u00f3n, control, rehabilitaci\u00f3n, atenci\u00f3n a v\u00edctimas, entre otras <\/em><\/strong><!--more--><\/p>\n<p>Un respaldo total recibi\u00f3 el Plan de Regional de Seguridad P\u00fablica. Iniciativa impulsada por el Delegado Presidencial Rub\u00e9n Quezada que abordar\u00e1 de manera integral los factores que inciden con mayor fuerza en la inseguridad.<\/p>\n<p><strong>\u00abEs nuestra hoja de ruta, con indicadores claros y transparentes, de cara a la ciudadan\u00eda para ir avanzando en distintos ejes que han sido prioritarios para nosotros\u00bb<\/strong>, declar\u00f3 el Delegado Presidencial, Rub\u00e9n Quezada.<\/p>\n<p>La autoridad detall\u00f3 que la estrategia contempla cinco prioridades: Violencia intrafamiliar, Consumo de Alcohol en la V\u00eda P\u00fablica, Robo en Lugar Habitado, Infracci\u00f3n a la Ley de Drogas, y Situaci\u00f3n en el Comercio e incivilidades.<\/p>\n<p><strong>\u00abRatificamos una propuesta consensuada entre todos y todas, trabajando con los municipios, con las polic\u00edas, el Gobierno Regional y el Consejo Regional. Estamos todos involucrados en materia de seguridad\u00bb<\/strong>, enfatiz\u00f3 el Delegado Quezada.<\/p>\n<p>Por su parte, la Consejera Regional Paola Cortes, destac\u00f3 la articulaciones de cada servicio y las propuestas que se ir\u00e1n ejecutando de aqu\u00ed a fin de a\u00f1o. Al respecto, sostuvo que <strong>\u00abagradecemos esta presentaci\u00f3n. Sabemos que la delincuencia se ha apoderado de los sectores y que hayamos juntado a todos los actores, ser\u00e1 una buena forma y eficiente para ir en ayuda de quienes m\u00e1s lo necesitan. No solo recuperar espacios, sino darle seguridad a sus habitantes\u00bb<\/strong>.<\/p>\n<p>De acuerdo a la presentaci\u00f3n del Delegado Presidencia, Rub\u00e9n Quezada, las prioridades se ir\u00e1n afrontando a trav\u00e9s de acciones que van en la l\u00ednea de la prevenci\u00f3n, el control, rehabilitaci\u00f3n, atenci\u00f3n a v\u00edctimas, entre otras.<\/p>\n<p><strong>Recuperaci\u00f3n de espacios p\u00fablicos._<\/strong><\/p>\n<p>Dentro del Plan Regional, est\u00e1n incluidas las acciones para la recuperaci\u00f3n de Espacios P\u00fablicos, la que se han ido ejecutando en varias etapas desde hace algunos d\u00edas.<\/p>\n<p>Coordinaciones con Impuestos Internos, Seremi de Salud, los municipios de La Serena y Coquimbo, adem\u00e1s de las polic\u00edas, han permitido desarrollar despliegues en terreno para ir educando y apoyando el establecimiento del comercio informal y fiscalizando al comercio il\u00edcito.<\/p>\n<p>Este martes, por medio de una coordinaci\u00f3n con inspectores municipales y Carabineros se pudo implementar un operativo con mayor presencia policial y fiscalizadora en el centro de la capital regional.<\/p>\n<p><strong>\u00abRealizamos una intervenci\u00f3n en el centro para hacer ocupaciones del espacio y poder eliminar el comercio il\u00edcito del centro, en un proceso que lleva tiempo y no se acabar\u00e1 ma\u00f1ana. Despu\u00e9s de esto, viene la recuperaci\u00f3n, donde ocuparemos ese espacio y se lo entregaremos a las personas\u00bb<\/strong>, explic\u00f3 el Delegado Presidencial.<\/p>\n<p>Se trat\u00f3 de un despliegue que no report\u00f3 inconvenientes, salvo manifestaciones aisladas que fueron controladas por personal policial.<\/p>\n<p>El Alcalde de La Serena, Roberto Jacob, manifest\u00f3 que <strong>\u00abfue un trabajo en conjunto y hab\u00eda que hacerlo. Ten\u00edamos problemas de movilidades porque las calles estaban tomadas y no hab\u00eda alternativa para los ciudadanos. Hoy (martes) fue el primer d\u00eda y debemos terminarlo bien. Lo haremos por un tiempo indefinido\u00bb<\/strong>.<\/p>\n<p>Finalmente, el Jefe de la IV Zona de Carabineros, General Rodrigo Espinoza, puntualiz\u00f3 que <strong>\u00absabemos de la necesidad de la comunidad y este es un trabajo progresivo. En esta planificaci\u00f3n se decidi\u00f3 empezar por etapas, esta es una primera intervenci\u00f3n, y nosotros estaremos desplegados en\u00a0 algunos sectores y la idea es ir trabajando tambi\u00e9n en otros sectores\u00bb<\/strong>.<\/p>\n","protected":false},"excerpt":{"rendered":"<p>La estrategia abordar\u00e1 de ac\u00e1 a fin de a\u00f1o cinco prioridades, a trav\u00e9s de medidas en la l\u00ednea de la prevenci\u00f3n, control, rehabilitaci\u00f3n, atenci\u00f3n a v\u00edctimas, entre otras<\/p>\n","protected":false},"author":2,"featured_media":7804,"comment_status":"open","ping_status":"open","sticky":false,"template":"","format":"standard","meta":{"footnotes":""},"categories":[6],"tags":[],"class_list":["post-7803","post","type-post","status-publish","format-standard","has-post-thumbnail","hentry","category-regionales"],"_links":{"self":[{"href":"https:\/\/www.radiolimari.cl\/index.php?rest_route=\/wp\/v2\/posts\/7803","targetHints":{"allow":["GET"]}}],"collection":[{"href":"https:\/\/www.radiolimari.cl\/index.php?rest_route=\/wp\/v2\/posts"}],"about":[{"href":"https:\/\/www.radiolimari.cl\/index.php?rest_route=\/wp\/v2\/types\/post"}],"author":[{"embeddable":true,"href":"https:\/\/www.radiolimari.cl\/index.php?rest_route=\/wp\/v2\/users\/2"}],"replies":[{"embeddable":true,"href":"https:\/\/www.radiolimari.cl\/index.php?rest_route=%2Fwp%2Fv2%2Fcomments&post=7803"}],"version-history":[{"count":1,"href":"https:\/\/www.radiolimari.cl\/index.php?rest_route=\/wp\/v2\/posts\/7803\/revisions"}],"predecessor-version":[{"id":7805,"href":"https:\/\/www.radiolimari.cl\/index.php?rest_route=\/wp\/v2\/posts\/7803\/revisions\/7805"}],"wp:featuredmedia":[{"embeddable":true,"href":"https:\/\/www.radiolimari.cl\/index.php?rest_route=\/wp\/v2\/media\/7804"}],"wp:attachment":[{"href":"https:\/\/www.radiolimari.cl\/index.php?rest_route=%2Fwp%2Fv2%2Fmedia&parent=7803"}],"wp:term":[{"taxonomy":"category","embeddable":true,"href":"https:\/\/www.radiolimari.cl\/index.php?rest_route=%2Fwp%2Fv2%2Fcategories&post=7803"},{"taxonomy":"post_tag","embeddable":true,"href":"https:\/\/www.radiolimari.cl\/index.php?rest_route=%2Fwp%2Fv2%2Ftags&post=7803"}],"curies":[{"name":"wp","href":"https:\/\/api.w.org\/{rel}","templated":true}]}}