{"id":7761,"date":"2022-08-05T19:44:28","date_gmt":"2022-08-05T19:44:28","guid":{"rendered":"http:\/\/www.radiolimari.cl\/?p=7761"},"modified":"2022-08-05T19:44:28","modified_gmt":"2022-08-05T19:44:28","slug":"gobierno-impulsa-comision-tecnica-para-crear-agenda-regional-de-genero-que-permitira-derribar-brechas-y-barreras-en-el-sector-publico","status":"publish","type":"post","link":"https:\/\/www.radiolimari.cl\/?p=7761","title":{"rendered":"Gobierno impulsa Comisi\u00f3n T\u00e9cnica para crear Agenda Regional de G\u00e9nero que permitir\u00e1 derribar brechas y barreras en el sector p\u00fablico"},"content":{"rendered":"<p><a href=\"https:\/\/www.radiolimari.cl\/wp-content\/uploads\/2022\/08\/5.8-mujer-1.jpg\"><img fetchpriority=\"high\" decoding=\"async\" class=\"alignnone size-medium wp-image-7762\" src=\"https:\/\/www.radiolimari.cl\/wp-content\/uploads\/2022\/08\/5.8-mujer-1-300x225.jpg\" alt=\"5.8 mujer 1\" width=\"300\" height=\"225\" srcset=\"https:\/\/www.radiolimari.cl\/wp-content\/uploads\/2022\/08\/5.8-mujer-1-300x225.jpg 300w, https:\/\/www.radiolimari.cl\/wp-content\/uploads\/2022\/08\/5.8-mujer-1-1024x768.jpg 1024w\" sizes=\"(max-width: 300px) 100vw, 300px\" \/><\/a><\/p>\n<p>&nbsp;<\/p>\n<p>Cerca de 80 funcionarias y funcionarios p\u00fablicos participaron en la Comisi\u00f3n T\u00e9cnica para la igualdad de derechos y equidad de g\u00e9nero que lidera la secretaria regional ministerial de la Mujer y la Equidad de G\u00e9nero de Coquimbo<!--more--><\/p>\n<p>La\u00a0 comisi\u00f3n\u00a0 t\u00e9cnica tiene por objetivo levantar un diagn\u00f3stico sobre las brechas y barreras de g\u00e9nero en el sector p\u00fablico, para luego generar compromisos sectoriales y construir la agenda regional de g\u00e9nero que permita que la transversalizaci\u00f3n con perspectiva de g\u00e9nero, de manera que llegue a cada ente p\u00fablico, y por ende, a la comunidad.<\/p>\n<p>La comisi\u00f3n t\u00e9cnica est\u00e1 liderada por la seremi de la Mujer y la Equidad de G\u00e9nero y est\u00e1 compuesta por encargados de g\u00e9nero que representan a cada organismo del gobierno, tanto seremis, direcciones regionales o servicios.<\/p>\n<p>El Delegado Presidencial de la regi\u00f3n de Coquimbo, Rub\u00e9n Quezada destac\u00f3 la instancia impulsada desde el Ejecutivo, <strong>\u201cesta comisi\u00f3n t\u00e9cnica va\u00a0 a aportar al proceso de toma de decisiones pol\u00edticas, por lo mismo es clave poder tomar el peso de lo que significa, sobre todo para este Gobierno declarado abiertamente feminista. Esta instancia refleja el compromiso de cada servicio p\u00fablico de nuestro Gobierno para avanzar hacia la transversalizaci\u00f3n de g\u00e9nero\u201d.<\/strong><\/p>\n<p>Por su parte, la seremi de la Mujer y la Equidad de G\u00e9nero, Mar\u00eda Fernanda Glaser realiz\u00f3 una clase magistral a los cerca de 80 participantes, sobre la historia de los movimientos feministas en Chile y qu\u00e9 significa la transversalizaci\u00f3n de g\u00e9nero.<\/p>\n<p>Glaser destac\u00f3 la importancia de la Comisi\u00f3n T\u00e9cnica y la significancia de la transversalizaci\u00f3n de g\u00e9nero, <strong>\u201cNuestra ministra lo ha se\u00f1alado muy claramente, por mucho tiempo los temas de las mujeres no han sido parte de la agenda p\u00fablica y hoy en d\u00eda tenemos la obligaci\u00f3n, como Estado y como gobierno, de identificar aquellas barreras estructurales que impiden el ejercicio y la garant\u00eda de los derechos de las mujeres y las disidencias sexo-gen\u00e9ricas en condiciones de igualdad sustantiva. De eso se trata un gobierno feminista, de la igualdad de derechos entre hombres y mujeres, as\u00ed como la erradicaci\u00f3n de todas las formas de discriminaci\u00f3n por razones de sexo\/g\u00e9nero\u201d<\/strong>, explic\u00f3<\/p>\n<p>Asimismo, la seremi agreg\u00f3, <strong>\u201cno es una tarea f\u00e1cil y para eso necesitamos el compromiso transversal de los funcionarios y funcionarias que componen los servicios p\u00fablicos y que son parte de la comisi\u00f3n t\u00e9cnica. Son quienes finalmente ejecutan las pol\u00edticas p\u00fablicas y pueden identificar los nudos cr\u00edticos y ofrecer soluciones para resolver y avanzar en equidad de g\u00e9nero, no podemos avanzar sin ellos y ellas\u201d<\/strong><\/p>\n<p>Los encargados de genero son designados o designadas por sus jefaturas y est\u00e1n a cargo de levantar los compromisos de g\u00e9nero del servicio que representan.<\/p>\n<p>&nbsp;<\/p>\n","protected":false},"excerpt":{"rendered":"<p>&nbsp; Cerca de 80 funcionarias y funcionarios p\u00fablicos participaron en la Comisi\u00f3n T\u00e9cnica para la igualdad de derechos y equidad de g\u00e9nero que lidera la secretaria regional ministerial de la Mujer y la Equidad de G\u00e9nero de Coquimbo<\/p>\n","protected":false},"author":2,"featured_media":7762,"comment_status":"open","ping_status":"open","sticky":false,"template":"","format":"standard","meta":{"footnotes":""},"categories":[3],"tags":[],"class_list":["post-7761","post","type-post","status-publish","format-standard","has-post-thumbnail","hentry","category-actualidad"],"_links":{"self":[{"href":"https:\/\/www.radiolimari.cl\/index.php?rest_route=\/wp\/v2\/posts\/7761","targetHints":{"allow":["GET"]}}],"collection":[{"href":"https:\/\/www.radiolimari.cl\/index.php?rest_route=\/wp\/v2\/posts"}],"about":[{"href":"https:\/\/www.radiolimari.cl\/index.php?rest_route=\/wp\/v2\/types\/post"}],"author":[{"embeddable":true,"href":"https:\/\/www.radiolimari.cl\/index.php?rest_route=\/wp\/v2\/users\/2"}],"replies":[{"embeddable":true,"href":"https:\/\/www.radiolimari.cl\/index.php?rest_route=%2Fwp%2Fv2%2Fcomments&post=7761"}],"version-history":[{"count":1,"href":"https:\/\/www.radiolimari.cl\/index.php?rest_route=\/wp\/v2\/posts\/7761\/revisions"}],"predecessor-version":[{"id":7763,"href":"https:\/\/www.radiolimari.cl\/index.php?rest_route=\/wp\/v2\/posts\/7761\/revisions\/7763"}],"wp:featuredmedia":[{"embeddable":true,"href":"https:\/\/www.radiolimari.cl\/index.php?rest_route=\/wp\/v2\/media\/7762"}],"wp:attachment":[{"href":"https:\/\/www.radiolimari.cl\/index.php?rest_route=%2Fwp%2Fv2%2Fmedia&parent=7761"}],"wp:term":[{"taxonomy":"category","embeddable":true,"href":"https:\/\/www.radiolimari.cl\/index.php?rest_route=%2Fwp%2Fv2%2Fcategories&post=7761"},{"taxonomy":"post_tag","embeddable":true,"href":"https:\/\/www.radiolimari.cl\/index.php?rest_route=%2Fwp%2Fv2%2Ftags&post=7761"}],"curies":[{"name":"wp","href":"https:\/\/api.w.org\/{rel}","templated":true}]}}