{"id":7739,"date":"2022-07-28T14:14:47","date_gmt":"2022-07-28T14:14:47","guid":{"rendered":"http:\/\/www.radiolimari.cl\/?p=7739"},"modified":"2022-07-28T14:14:47","modified_gmt":"2022-07-28T14:14:47","slug":"en-ovalle-hasta-diciembre-estara-habilitado-el-albergue-municipal","status":"publish","type":"post","link":"https:\/\/www.radiolimari.cl\/?p=7739","title":{"rendered":"En Ovalle hasta diciembre estar\u00e1 habilitado el Albergue Municipal."},"content":{"rendered":"<p><a href=\"https:\/\/www.radiolimari.cl\/wp-content\/uploads\/2022\/07\/28.7-Albergue-Municipal-visita-1.jpg\"><img fetchpriority=\"high\" decoding=\"async\" class=\"alignnone size-medium wp-image-7740\" src=\"https:\/\/www.radiolimari.cl\/wp-content\/uploads\/2022\/07\/28.7-Albergue-Municipal-visita-1-300x225.jpg\" alt=\"28.7 Albergue Municipal visita (1)\" width=\"300\" height=\"225\" srcset=\"https:\/\/www.radiolimari.cl\/wp-content\/uploads\/2022\/07\/28.7-Albergue-Municipal-visita-1-300x225.jpg 300w, https:\/\/www.radiolimari.cl\/wp-content\/uploads\/2022\/07\/28.7-Albergue-Municipal-visita-1-1024x768.jpg 1024w\" sizes=\"(max-width: 300px) 100vw, 300px\" \/><\/a><\/p>\n<p><strong><em>El alcalde Claudio Renter\u00eda y el seremi de Desarrollo Social, Eduardo Alcayaga visitaron las dependencias que tienen una capacidad para 20 personas, que, principalmente, se encuentran en situaci\u00f3n de calle.<\/em><\/strong><!--more--><\/p>\n<p>Dar protecci\u00f3n, abrigo y alimentaci\u00f3n a personas en situaci\u00f3n de calle es el principal objetivo del Albergue Municipal, que abri\u00f3 sus puertas el pasado lunes 25 de julio y que prolongar\u00e1 su funcionamiento por los pr\u00f3ximos 150 d\u00edas, es decir hasta diciembre de este a\u00f1o.<\/p>\n<p>El alcalde Claudio Renter\u00eda y el seremi de Desarrollo Social, Eduardo Alcayaga visitaron las dependencias que se encuentran en la intersecci\u00f3n de las calles Libertad y Santiago y que cuentan con una capacidad para 20 personas, quienes tienen un lugar donde se pueden proteger de las bajas temperaturas, de las precipitaciones y reciben alimentaci\u00f3n. El lugar cuenta con amplias dependencias, camas, personal municipal de apoyo por cualquier requerimiento y servicio de alimentaci\u00f3n.<\/p>\n<p>Al respecto, el seremi de Desarrollo Social, Eduardo Alcayaga sostuvo que \u201ctenemos personas en situaci\u00f3n de calle, un invierno frio y lluvioso. Hemos recorrido las instalaciones de este albergue y es muy confortable, que cumple con las condiciones y las personas que est\u00e1n ac\u00e1 con un buen resguardo. Estamos contentos porque cumple con los objetivos de poder proteger a las personas en situaci\u00f3n de calle. Este es un programa del ministerio de Desarrollo Social y que tendr\u00e1 una duraci\u00f3n de 150 d\u00edas\u201d. Alcayaga agreg\u00f3 que lo importante es que las personas cuiden su salud \u201cy asegurar su vida y que no se expongan a los riesgos de estar a la intemperie, en medio de las noches de invierno\u201d.<\/p>\n<p>En este sentido, el alcalde Claudio Renter\u00eda indic\u00f3 que se est\u00e1 haciendo un trabajo en conjunto con el ministerio de Desarrollo Social, lo que \u201cnos ha permitido dar esta importante cobertura y alternativa para proteger a personas que se encuentran en situaci\u00f3n de calle y tambi\u00e9n a poblaci\u00f3n migrante y que no tienen como resguardarse de las inclemencias del tiempo, como las lluvias y las bajas temperaturas que ha sido la t\u00f3nica de este invierno en nuestra comuna\u201d.<\/p>\n<p>Este convenio entre el municipio de Ovalle y el ministerio de Desarrollo Social, se extender\u00e1 hasta diciembre, donde los actuales beneficiados tendr\u00e1n este periodo de tiempo para buscar alternativas de trabajo o un lugar definitivo para vivir.<\/p>\n<p>&nbsp;<\/p>\n","protected":false},"excerpt":{"rendered":"<p>El alcalde Claudio Renter\u00eda y el seremi de Desarrollo Social, Eduardo Alcayaga visitaron las dependencias que tienen una capacidad para 20 personas, que, principalmente, se encuentran en situaci\u00f3n de calle.<\/p>\n","protected":false},"author":2,"featured_media":7740,"comment_status":"open","ping_status":"open","sticky":false,"template":"","format":"standard","meta":{"footnotes":""},"categories":[5],"tags":[],"class_list":["post-7739","post","type-post","status-publish","format-standard","has-post-thumbnail","hentry","category-actualidad-limarina"],"_links":{"self":[{"href":"https:\/\/www.radiolimari.cl\/index.php?rest_route=\/wp\/v2\/posts\/7739","targetHints":{"allow":["GET"]}}],"collection":[{"href":"https:\/\/www.radiolimari.cl\/index.php?rest_route=\/wp\/v2\/posts"}],"about":[{"href":"https:\/\/www.radiolimari.cl\/index.php?rest_route=\/wp\/v2\/types\/post"}],"author":[{"embeddable":true,"href":"https:\/\/www.radiolimari.cl\/index.php?rest_route=\/wp\/v2\/users\/2"}],"replies":[{"embeddable":true,"href":"https:\/\/www.radiolimari.cl\/index.php?rest_route=%2Fwp%2Fv2%2Fcomments&post=7739"}],"version-history":[{"count":1,"href":"https:\/\/www.radiolimari.cl\/index.php?rest_route=\/wp\/v2\/posts\/7739\/revisions"}],"predecessor-version":[{"id":7741,"href":"https:\/\/www.radiolimari.cl\/index.php?rest_route=\/wp\/v2\/posts\/7739\/revisions\/7741"}],"wp:featuredmedia":[{"embeddable":true,"href":"https:\/\/www.radiolimari.cl\/index.php?rest_route=\/wp\/v2\/media\/7740"}],"wp:attachment":[{"href":"https:\/\/www.radiolimari.cl\/index.php?rest_route=%2Fwp%2Fv2%2Fmedia&parent=7739"}],"wp:term":[{"taxonomy":"category","embeddable":true,"href":"https:\/\/www.radiolimari.cl\/index.php?rest_route=%2Fwp%2Fv2%2Fcategories&post=7739"},{"taxonomy":"post_tag","embeddable":true,"href":"https:\/\/www.radiolimari.cl\/index.php?rest_route=%2Fwp%2Fv2%2Ftags&post=7739"}],"curies":[{"name":"wp","href":"https:\/\/api.w.org\/{rel}","templated":true}]}}