{"id":7731,"date":"2022-07-27T21:02:12","date_gmt":"2022-07-27T21:02:12","guid":{"rendered":"http:\/\/www.radiolimari.cl\/?p=7731"},"modified":"2022-07-27T21:02:12","modified_gmt":"2022-07-27T21:02:12","slug":"en-ovalle-municipio-se-encuentra-funcionando-en-mas-de-un-80-en-dependencias-del-ex-hospital-de-la-ciudad","status":"publish","type":"post","link":"https:\/\/www.radiolimari.cl\/?p=7731","title":{"rendered":"En Ovalle Municipio se encuentra funcionando en m\u00e1s de un 80% en dependencias del ex hospital de la ciudad."},"content":{"rendered":"<p><a href=\"https:\/\/www.radiolimari.cl\/wp-content\/uploads\/2022\/07\/27.7-Hospital-de-Ovalle-nuevas-dependencias-municipales-3.jpg\"><img fetchpriority=\"high\" decoding=\"async\" class=\"alignnone size-medium wp-image-7733\" src=\"https:\/\/www.radiolimari.cl\/wp-content\/uploads\/2022\/07\/27.7-Hospital-de-Ovalle-nuevas-dependencias-municipales-3-300x225.jpg\" alt=\"27.7 Hospital de Ovalle, nuevas dependencias municipales (3)\" width=\"300\" height=\"225\" srcset=\"https:\/\/www.radiolimari.cl\/wp-content\/uploads\/2022\/07\/27.7-Hospital-de-Ovalle-nuevas-dependencias-municipales-3-300x225.jpg 300w, https:\/\/www.radiolimari.cl\/wp-content\/uploads\/2022\/07\/27.7-Hospital-de-Ovalle-nuevas-dependencias-municipales-3-1024x768.jpg 1024w\" sizes=\"(max-width: 300px) 100vw, 300px\" \/><\/a><\/p>\n<p><strong><em>A\u00fan resta el traslado de la Direcci\u00f3n de Obras, Asesor\u00eda Jur\u00eddica y alcald\u00eda que se realizar\u00e1 en los pr\u00f3ximos d\u00edas, con el fin de desocupar el actual recinto, para dar paso a las obras de construcci\u00f3n del nuevo Edificio Consistorial de Ovalle.<\/em><\/strong><br \/>\n<!--more--><\/p>\n<p>Casi la totalidad de las oficinas municipales de Ovalle se encuentran funcionando en las dependencias del ex hospital Antonio Tirado Lanas, debido a que pr\u00f3ximamente comenzar\u00e1n las obras de construcci\u00f3n del nuevo Edificio Consistorial.<\/p>\n<p>Hace un mes aproximadamente, se inici\u00f3 el cambio de los funcionarios municipales, proceso que se prolongar\u00e1 hasta fines de julio o la primera semana de agosto. Actualmente, se est\u00e1 llevando a cabo una \u201cmarcha blanca\u201d en medio de la instalaci\u00f3n de las oficinas.<\/p>\n<p>PRIMER PISO: Cuando est\u00e9n en un 100% operativas las nuevas instalaciones en el primer piso se encontrar\u00e1 la Direcci\u00f3n de Obras Municipales, Servicios Generales, Adquisiciones, Alcald\u00eda, Tesorer\u00eda Municipal, Secretar\u00eda Municipal, Rentas, Oficina del Adulto Mayor y la Oficina Municipal de Intermediaci\u00f3n Laboral (OMIL). A esto se suma, la Oficina de Asuntos Ind\u00edgenas, Oficina Mujeres Jefas de Hogar y Oficina Mujeres, Sexualidad y Maternidad, Farmacia Municipal, Bienestar Municipal y algunas \u00e1reas del departamento de Salud.<\/p>\n<p>SEGUNDO PISO: En el segundo piso estar\u00e1n ubicados los departamentos de Desarrollo Comunitario, Fomento Productivo y Turismo, Secretaria de Planificaci\u00f3n Comunal (SECPLAN), departamento de Recursos Humanos, Direcci\u00f3n de Control y Direcci\u00f3n de Asesor\u00eda Jur\u00eddica.<\/p>\n<p>TERCER PISO: En tanto, en el tercer nivel se encuentran todas las \u00e1reas del Departamento de Educaci\u00f3n Municipal, Departamento de Rendiciones, Contabilidad y Finanzas. En tanto, en el z\u00f3calo estar\u00e1 el Departamento de Aseo y Ornato, Oficina Comunal de la Vivienda y un \u00e1rea para la Academia Municipal de Ajedrez.<\/p>\n<p>Al respecto, el alcalde de Ovalle, Claudio Renter\u00eda indic\u00f3 que \u201cestamos en pleno proceso de cambio, por lo que le pedimos la comprensi\u00f3n a nuestros usuarios, que necesitan hacer sus tr\u00e1mites. De todas formas, en las dependencias del ex hospital hay funcionarios municipales que los orientar\u00e1n en las ubicaciones de los departamentos y tambi\u00e9n donde deben hacer su respectiva diligencia. Esperamos estar 100% operativos en las pr\u00f3ximas dos semanas\u201d.<\/p>\n<p>Cabe destacar, que el departamento de Rentas comenzar\u00e1 su proceso de cambio despu\u00e9s del 1 de agosto, debido a que en la actualidad est\u00e1 vigente el pago de patentes comerciales, industriales, profesionales y de alcoholes.<\/p>\n<p>&nbsp;<\/p>\n","protected":false},"excerpt":{"rendered":"<p>A\u00fan resta el traslado de la Direcci\u00f3n de Obras, Asesor\u00eda Jur\u00eddica y alcald\u00eda que se realizar\u00e1 en los pr\u00f3ximos d\u00edas, con el fin de desocupar el actual recinto, para dar paso a las obras de construcci\u00f3n del nuevo Edificio Consistorial de Ovalle.<\/p>\n","protected":false},"author":2,"featured_media":7733,"comment_status":"open","ping_status":"open","sticky":false,"template":"","format":"standard","meta":{"footnotes":""},"categories":[5],"tags":[],"class_list":["post-7731","post","type-post","status-publish","format-standard","has-post-thumbnail","hentry","category-actualidad-limarina"],"_links":{"self":[{"href":"https:\/\/www.radiolimari.cl\/index.php?rest_route=\/wp\/v2\/posts\/7731","targetHints":{"allow":["GET"]}}],"collection":[{"href":"https:\/\/www.radiolimari.cl\/index.php?rest_route=\/wp\/v2\/posts"}],"about":[{"href":"https:\/\/www.radiolimari.cl\/index.php?rest_route=\/wp\/v2\/types\/post"}],"author":[{"embeddable":true,"href":"https:\/\/www.radiolimari.cl\/index.php?rest_route=\/wp\/v2\/users\/2"}],"replies":[{"embeddable":true,"href":"https:\/\/www.radiolimari.cl\/index.php?rest_route=%2Fwp%2Fv2%2Fcomments&post=7731"}],"version-history":[{"count":1,"href":"https:\/\/www.radiolimari.cl\/index.php?rest_route=\/wp\/v2\/posts\/7731\/revisions"}],"predecessor-version":[{"id":7734,"href":"https:\/\/www.radiolimari.cl\/index.php?rest_route=\/wp\/v2\/posts\/7731\/revisions\/7734"}],"wp:featuredmedia":[{"embeddable":true,"href":"https:\/\/www.radiolimari.cl\/index.php?rest_route=\/wp\/v2\/media\/7733"}],"wp:attachment":[{"href":"https:\/\/www.radiolimari.cl\/index.php?rest_route=%2Fwp%2Fv2%2Fmedia&parent=7731"}],"wp:term":[{"taxonomy":"category","embeddable":true,"href":"https:\/\/www.radiolimari.cl\/index.php?rest_route=%2Fwp%2Fv2%2Fcategories&post=7731"},{"taxonomy":"post_tag","embeddable":true,"href":"https:\/\/www.radiolimari.cl\/index.php?rest_route=%2Fwp%2Fv2%2Ftags&post=7731"}],"curies":[{"name":"wp","href":"https:\/\/api.w.org\/{rel}","templated":true}]}}