{"id":7728,"date":"2022-07-27T13:31:18","date_gmt":"2022-07-27T13:31:18","guid":{"rendered":"http:\/\/www.radiolimari.cl\/?p=7728"},"modified":"2022-07-27T13:31:18","modified_gmt":"2022-07-27T13:31:18","slug":"albergue-protege-de-la-comuna-de-coquimbo-brinda-hospedaje-abrigo-y-alimentacion-a-personas-en-situacion-de-calle","status":"publish","type":"post","link":"https:\/\/www.radiolimari.cl\/?p=7728","title":{"rendered":"Albergue Protege de la comuna de Coquimbo brinda hospedaje, abrigo y alimentaci\u00f3n a personas en situaci\u00f3n de calle"},"content":{"rendered":"<p><a href=\"https:\/\/www.radiolimari.cl\/wp-content\/uploads\/2022\/07\/27.7-VISITA-SUBSECRETARIA-ALBERGUE-COQUIMBO-2-min.jpg\"><img fetchpriority=\"high\" decoding=\"async\" class=\"alignnone size-medium wp-image-7729\" src=\"https:\/\/www.radiolimari.cl\/wp-content\/uploads\/2022\/07\/27.7-VISITA-SUBSECRETARIA-ALBERGUE-COQUIMBO-2-min-300x225.jpg\" alt=\"27.7 VISITA SUBSECRETARIA ALBERGUE COQUIMBO (2)-min\" width=\"300\" height=\"225\" srcset=\"https:\/\/www.radiolimari.cl\/wp-content\/uploads\/2022\/07\/27.7-VISITA-SUBSECRETARIA-ALBERGUE-COQUIMBO-2-min-300x225.jpg 300w, https:\/\/www.radiolimari.cl\/wp-content\/uploads\/2022\/07\/27.7-VISITA-SUBSECRETARIA-ALBERGUE-COQUIMBO-2-min-1024x768.jpg 1024w\" sizes=\"(max-width: 300px) 100vw, 300px\" \/><\/a><\/p>\n<p><strong>Las personas que se hospedan en el recinto dialogaron con la Subsecretaria de Servicios Sociales en un recorrido al albergue, como parte de su visita la Regi\u00f3n de Coquimbo.<\/strong><!--more--><\/p>\n<p>Hasta el Albergue Protege ubicado en el sector El Llano de Coquimbo, lleg\u00f3 la Subsecretaria de Servicios Sociales, Francisca Perales, para conocer las instalaciones del recinto destinado a resguardar durante 6 meses a personas en situaci\u00f3n de calle, como parte del Plan Protege Calle del Ministerio de Desarrollo Social y Familia, generando una capacidad de 20 cupos.<\/p>\n<p>Al respecto, la autoridad nacional destac\u00f3 que \u201cme pareci\u00f3 una muy buena visita, es importante el trabajo de articulaci\u00f3n que est\u00e1 realizando el Ministerio de Desarrollo Social y Familia con las distintas organizaciones que pueden manejar albergues, que hacen la apertura de distintas residencias y lo m\u00e1s destacable es que aqu\u00ed la Fundaci\u00f3n Mission Golden est\u00e1 realizando un trabajo de acompa\u00f1amiento a las personas que han estado arribando a esta residencia, porque una orientaci\u00f3n que a nosotros nos interesa poder relevar es precisamente que la situaci\u00f3n de calle se puede superar\u201d. Concluy\u00f3 la Subsecretaria de Servicios Sociales, Francisca Perales.<\/p>\n<p>Por su parte, el Seremi de Desarrollo Social y Familia, Eduardo Alcayaga, explic\u00f3 que \u201cson habitaciones, equipamiento, todo de muy buen nivel, que nos permite asegurar una atenci\u00f3n a las personas en situaci\u00f3n de calle, acorde a lo que es esa necesidad de poder darle un buen trato, iniciar un proceso en lo posible de reinserci\u00f3n. Ojal\u00e1 que puedan salir de esa situaci\u00f3n, que no es un tema f\u00e1cil, es un desaf\u00edo permanente para que las personas puedan reinsertarse\u201d.<\/p>\n<p>Cabe destacar, que el Plan Protege Calle en la Regi\u00f3n de Coquimbo contempla adem\u00e1s, dos albergues en La Serena y dos en Ovalle, cada uno con capacidad para 20 personas, donde reciben hospedaje, abrigo, alimentaci\u00f3n y las atenciones que necesitan para resguardar su salud.<\/p>\n<p>De esta forma, el Albergue Protege de la comuna de Coquimbo est\u00e1 bajo la ejecuci\u00f3n de Fundaci\u00f3n Mission Golden en convenio con el Ministerio de Desarrollo Social y Familia. Precisamente el fundador de esta instituci\u00f3n, Marcelo Ovalle indic\u00f3: \u201cDamos muchas gracias a la subsecretaria, al seremi por darnos la oportunidad de realizar una apertura ac\u00e1 en Coquimbo, en una casa que est\u00e1 habilitada completamente, perfecta para que los usuarios puedan pasar ac\u00e1 la noche digna, y eso es important\u00edsimo porque podemos darles a estas personas la importancia que deber\u00edamos darle a una persona en situaci\u00f3n de calle\u201d.<\/p>\n<p>Asimismo, en la comuna de Coquimbo, el Plan Protege Calle contempla dos rutas sociales para brindar alimentaci\u00f3n art\u00edculos de aseo y elementos de protecci\u00f3n personal a quienes pernoctan en diferentes puntos de la ciudad, realizando en total 55 atenciones diarias.<\/p>\n","protected":false},"excerpt":{"rendered":"<p>Las personas que se hospedan en el recinto dialogaron con la Subsecretaria de Servicios Sociales en un recorrido al albergue, como parte de su visita la Regi\u00f3n de Coquimbo.<\/p>\n","protected":false},"author":2,"featured_media":7729,"comment_status":"open","ping_status":"open","sticky":false,"template":"","format":"standard","meta":{"footnotes":""},"categories":[6],"tags":[],"class_list":["post-7728","post","type-post","status-publish","format-standard","has-post-thumbnail","hentry","category-regionales"],"_links":{"self":[{"href":"https:\/\/www.radiolimari.cl\/index.php?rest_route=\/wp\/v2\/posts\/7728","targetHints":{"allow":["GET"]}}],"collection":[{"href":"https:\/\/www.radiolimari.cl\/index.php?rest_route=\/wp\/v2\/posts"}],"about":[{"href":"https:\/\/www.radiolimari.cl\/index.php?rest_route=\/wp\/v2\/types\/post"}],"author":[{"embeddable":true,"href":"https:\/\/www.radiolimari.cl\/index.php?rest_route=\/wp\/v2\/users\/2"}],"replies":[{"embeddable":true,"href":"https:\/\/www.radiolimari.cl\/index.php?rest_route=%2Fwp%2Fv2%2Fcomments&post=7728"}],"version-history":[{"count":1,"href":"https:\/\/www.radiolimari.cl\/index.php?rest_route=\/wp\/v2\/posts\/7728\/revisions"}],"predecessor-version":[{"id":7730,"href":"https:\/\/www.radiolimari.cl\/index.php?rest_route=\/wp\/v2\/posts\/7728\/revisions\/7730"}],"wp:featuredmedia":[{"embeddable":true,"href":"https:\/\/www.radiolimari.cl\/index.php?rest_route=\/wp\/v2\/media\/7729"}],"wp:attachment":[{"href":"https:\/\/www.radiolimari.cl\/index.php?rest_route=%2Fwp%2Fv2%2Fmedia&parent=7728"}],"wp:term":[{"taxonomy":"category","embeddable":true,"href":"https:\/\/www.radiolimari.cl\/index.php?rest_route=%2Fwp%2Fv2%2Fcategories&post=7728"},{"taxonomy":"post_tag","embeddable":true,"href":"https:\/\/www.radiolimari.cl\/index.php?rest_route=%2Fwp%2Fv2%2Ftags&post=7728"}],"curies":[{"name":"wp","href":"https:\/\/api.w.org\/{rel}","templated":true}]}}