{"id":7718,"date":"2022-07-26T16:59:25","date_gmt":"2022-07-26T16:59:25","guid":{"rendered":"http:\/\/www.radiolimari.cl\/?p=7718"},"modified":"2022-07-26T16:59:25","modified_gmt":"2022-07-26T16:59:25","slug":"en-la-comuna-de-rio-hurtado-familias-se-benefician-con-kits-de-eficiencia-energetica-para-sus-hogares","status":"publish","type":"post","link":"https:\/\/www.radiolimari.cl\/?p=7718","title":{"rendered":"En la Comuna de R\u00edo Hurtado Familias se benefician con kits de eficiencia energ\u00e9tica para sus hogares"},"content":{"rendered":"<p><a href=\"https:\/\/www.radiolimari.cl\/wp-content\/uploads\/2022\/07\/27.6-rio-hurtado-energia.jpg\"><img fetchpriority=\"high\" decoding=\"async\" class=\"alignnone size-medium wp-image-7719\" src=\"https:\/\/www.radiolimari.cl\/wp-content\/uploads\/2022\/07\/27.6-rio-hurtado-energia-300x176.jpg\" alt=\"27.6 rio hurtado energia\" width=\"300\" height=\"176\" srcset=\"https:\/\/www.radiolimari.cl\/wp-content\/uploads\/2022\/07\/27.6-rio-hurtado-energia-300x176.jpg 300w, https:\/\/www.radiolimari.cl\/wp-content\/uploads\/2022\/07\/27.6-rio-hurtado-energia-1024x602.jpg 1024w\" sizes=\"(max-width: 300px) 100vw, 300px\" \/><\/a><\/p>\n<p><b style=\"color: #000000;\">A trav\u00e9s del programa \u201cCon Buena Energ\u00eda\u201d unas 45 vecinas y vecinos aprendieron a ahorrar energ\u00eda y podr\u00e1n hacer recambio de ampolletas.<\/b><span style=\"color: #000000;\">\u00a0<\/span><!--more--><\/p>\n<p style=\"color: #000000;\">La SEREMI de Energ\u00eda, a trav\u00e9s del programa \u201cCon Buena Energ\u00eda, lleg\u00f3 hasta la localidad de Hurtado para beneficiar a 45 vecinas y vecinos de esta localidad con consejos de ahorro energ\u00e9tico y lograr una disminuci\u00f3n en sus consumos de luz y gas.<\/p>\n<p style=\"color: #000000;\">La capacitaci\u00f3n, realizada en coordinaci\u00f3n con la Municipalidad de R\u00edo Hurtado, en la sede social, permiti\u00f3 fomentar la eficiencia en el uso de artefactos, adoptar cuidados en el refrigerador, aprender sobre el etiquetado de los productos, entre otras medidas. Junto con ello, las beneficiarias y beneficiarios recibieron un kit de 3 ampolletas led, un alargador zapatilla y una gu\u00eda educativa, que contribuyen a un ahorro anual de 80 mil pesos.<\/p>\n<p style=\"color: #000000;\">La Seremi de Energ\u00eda, Mar\u00eda Castillo, destac\u00f3 que \u201cpara nosotros, llegar a comunas rurales tan alejadas de las cabeceras comunales, poniendo \u00e9nfasis en la descentralizaci\u00f3n, es un hito muy importante, para ense\u00f1arle a las familias sobre la eficiencia energ\u00e9tica, entregando tips y consejos que les ayuden a ahorrar energ\u00eda en sus hogares y en su vida cotidiana, tanto en los sistemas de iluminaci\u00f3n como calefacci\u00f3n\u2026 Son consejos que van a contribuir a su econom\u00eda familiar\u201d.<\/p>\n<p style=\"color: #000000;\">\u00a0La Alcaldesa de R\u00edo Hurtado, Carmen Juana Olivares, subray\u00f3 que \u201cpara nosotros es super importante que la Seremi haya llegado a Hurtado, un lugar pre cordillerano, y con novedades sobre c\u00f3mo utilizar bien la energ\u00eda el\u00e9ctrica, cu\u00e1l es la ampolleta m\u00e1s correcta para el uso domiciliario, y tambi\u00e9n aprender de los vampiros energ\u00e9ticos, en que uno muchas veces termina pagando el 20 por ciento m\u00e1s de la cuenta por desconocimiento. Y tambi\u00e9n la alegr\u00eda de que cada uno de los vecinos pudieran llevarse un kit con ampolletas led; es un beneficio que se agradece y adem\u00e1s la gente aprende a transmitirlo al resto de las familias y a sus vecinos\u201d.<\/p>\n<p style=\"color: #000000;\">Una de las personas beneficiadas, Bernarda Aguirre, agradeci\u00f3 la capacitaci\u00f3n y el beneficio del programa. \u201cEs bueno que a uno le recuerden, porque hay cosas que uno olvida, y es bueno tenerlas pendientes, porque as\u00ed podemos ahorrar. Tenemos enchufada la tele con un alargador y est\u00e1 la luz prendida, y pensamos que cuando la apagamos ya no estamos gastando energ\u00eda, y es al rev\u00e9s\u201d.<\/p>\n<p style=\"color: #000000;\">El programa Con Buena Energ\u00eda est\u00e1 destinado a personas que pertenezcan al Registro Social de Hogares, entre los tramos 0 al 70% de menores ingresos o mayor vulnerabilidad, y que no hayan sido beneficiados por esta iniciativa con anterioridad.<\/p>\n<p style=\"color: #000000;\">\n","protected":false},"excerpt":{"rendered":"<p>A trav\u00e9s del programa \u201cCon Buena Energ\u00eda\u201d unas 45 vecinas y vecinos aprendieron a ahorrar energ\u00eda y podr\u00e1n hacer recambio de ampolletas.\u00a0<\/p>\n","protected":false},"author":2,"featured_media":7719,"comment_status":"open","ping_status":"open","sticky":false,"template":"","format":"standard","meta":{"footnotes":""},"categories":[5],"tags":[],"class_list":["post-7718","post","type-post","status-publish","format-standard","has-post-thumbnail","hentry","category-actualidad-limarina"],"_links":{"self":[{"href":"https:\/\/www.radiolimari.cl\/index.php?rest_route=\/wp\/v2\/posts\/7718","targetHints":{"allow":["GET"]}}],"collection":[{"href":"https:\/\/www.radiolimari.cl\/index.php?rest_route=\/wp\/v2\/posts"}],"about":[{"href":"https:\/\/www.radiolimari.cl\/index.php?rest_route=\/wp\/v2\/types\/post"}],"author":[{"embeddable":true,"href":"https:\/\/www.radiolimari.cl\/index.php?rest_route=\/wp\/v2\/users\/2"}],"replies":[{"embeddable":true,"href":"https:\/\/www.radiolimari.cl\/index.php?rest_route=%2Fwp%2Fv2%2Fcomments&post=7718"}],"version-history":[{"count":1,"href":"https:\/\/www.radiolimari.cl\/index.php?rest_route=\/wp\/v2\/posts\/7718\/revisions"}],"predecessor-version":[{"id":7720,"href":"https:\/\/www.radiolimari.cl\/index.php?rest_route=\/wp\/v2\/posts\/7718\/revisions\/7720"}],"wp:featuredmedia":[{"embeddable":true,"href":"https:\/\/www.radiolimari.cl\/index.php?rest_route=\/wp\/v2\/media\/7719"}],"wp:attachment":[{"href":"https:\/\/www.radiolimari.cl\/index.php?rest_route=%2Fwp%2Fv2%2Fmedia&parent=7718"}],"wp:term":[{"taxonomy":"category","embeddable":true,"href":"https:\/\/www.radiolimari.cl\/index.php?rest_route=%2Fwp%2Fv2%2Fcategories&post=7718"},{"taxonomy":"post_tag","embeddable":true,"href":"https:\/\/www.radiolimari.cl\/index.php?rest_route=%2Fwp%2Fv2%2Ftags&post=7718"}],"curies":[{"name":"wp","href":"https:\/\/api.w.org\/{rel}","templated":true}]}}