{"id":7714,"date":"2022-07-26T14:02:09","date_gmt":"2022-07-26T14:02:09","guid":{"rendered":"http:\/\/www.radiolimari.cl\/?p=7714"},"modified":"2022-07-26T15:24:36","modified_gmt":"2022-07-26T15:24:36","slug":"equipo-de-gobierno-llega-a-rio-hurtado-conectividad-y-apoyo-agricola-entre-las-necesidades-mas-urgentes","status":"publish","type":"post","link":"https:\/\/www.radiolimari.cl\/?p=7714","title":{"rendered":"Equipo de Gobierno llega a R\u00edo Hurtado: conectividad y apoyo agr\u00edcola entre las necesidades m\u00e1s urgentes"},"content":{"rendered":"<p><a href=\"https:\/\/www.radiolimari.cl\/wp-content\/uploads\/2022\/07\/26.7-gobierno1.jpg\"><img fetchpriority=\"high\" decoding=\"async\" class=\"alignnone size-medium wp-image-7715\" src=\"https:\/\/www.radiolimari.cl\/wp-content\/uploads\/2022\/07\/26.7-gobierno1-300x200.jpg\" alt=\"26.7 gobierno1\" width=\"300\" height=\"200\" srcset=\"https:\/\/www.radiolimari.cl\/wp-content\/uploads\/2022\/07\/26.7-gobierno1-300x200.jpg 300w, https:\/\/www.radiolimari.cl\/wp-content\/uploads\/2022\/07\/26.7-gobierno1-1024x682.jpg 1024w, https:\/\/www.radiolimari.cl\/wp-content\/uploads\/2022\/07\/26.7-gobierno1.jpg 1500w\" sizes=\"(max-width: 300px) 100vw, 300px\" \/><\/a><\/p>\n<p><strong><em>Tras una nueva reuni\u00f3n del Gabinete Descentralizado, los servicios p\u00fablicos abordaron tem\u00e1ticas como el mejoramiento de las v\u00edas interiores de la comuna. Jornada en la que tambi\u00e9n se realiz\u00f3 la primera reuni\u00f3n de la Comisi\u00f3n Pol\u00edtica de Igualdad de Derechos y Equidad de G\u00e9nero.<\/em><\/strong><!--more--> El Centro de Difusi\u00f3n del Patrimonio ubicado en el Monumento Natural Pichasca de R\u00edo Hurtado, alberg\u00f3 una nueva sesi\u00f3n del\u00a0 Gabinete Descentralizado. Como ha sido la t\u00f3nica, el equipo de Gobierno, liderado por el Delegado Presidencial Rub\u00e9n Quezada, junto a los Seremis y autoridades municipales, revis\u00f3 las principales problem\u00e1ticas del territorio, las que, en el caso de la comuna limarina, manifiesta una fuerte necesidad\u00a0 en el \u00e1mbito de la conectividad. <strong>\u00abEstamos continuando con nuestros Gabinetes, conversando sobre las preocupaciones y problemas y c\u00f3mo cada una de las ciudadan\u00eda puede colaborar. Cada una de nuestras carteras tiene mucho que ofrecer en virtud de lo que plantean los territorios. Tenemos buenas noticias en t\u00e9rmino de las mejoras de algunos caminos y que dentro de la emergencia se pudo poner la importancia de mejorar caminos rurales en Limar\u00ed. Tenemos compromisos <\/strong>\u00ab, indic\u00f3 el Delegado Presidencial, Rub\u00e9n Quezada. Despliegue territorial que se da posterior a las precipitaciones, las que dejaron buenas expectativas en materia agr\u00edcola, pero que mantiene en alerta a la comunidad. En este sentido, la Alcaldesa de R\u00edo Hurtado, Carmen Juana Olivares, manifest\u00f3 que <strong>\u00abfue un privilegio ser sede de esta jornada y tener el espacio de contar c\u00f3mo es R\u00edo Hurtado y mostrar sus potencialidades. Tuvimos un frente clim\u00e1tico que nos trajo un regalo con el agua, pero tuvimos problemas. Nuestros crianceros estaban desbastecidos. Es una esperanza, pero seguimos necesitando de todos los esfuerzos pol\u00edticos y las seremis para el desarrollo de programas para el mundo rural<\/strong>\u00ab. Desde el Ministerio de Agricultura remarcaron en la declaraci\u00f3n de Emergencia por nevazones, lo que ha impulsado el levantamiento de informaci\u00f3n de las familias afectadas para llegar con las soluciones. <strong>\u00abHoy tenemos un catastro de 122 personas, crianceros no INDAP y 9 crianceros INDAP. En este contexto, la semana instalamos la comisi\u00f3n regional de emergencia agr\u00edcola para identificar, seg\u00fan informes t\u00e9cnicos, cu\u00e1les fueron los niveles de afectaci\u00f3n que tuvo la regi\u00f3n y no solo por nevadas, tambi\u00e9n por anegaciones o problemas en los canales. INDAP ya tiene las resoluciones vigentes para ir en apoyo de los crianceros de la regi\u00f3n y entregarles recursos frescos y enfrentar este per\u00edodo\u00bb<\/strong>, sostuvo Hern\u00e1n Saavedra, Seremi de Agricultura. Tema que tambi\u00e9n fue abordado por la Comisi\u00f3n T\u00e9cnica H\u00eddrica Regional, la que inform\u00f3 al municipio sobre su trabajo en materia de promoci\u00f3n de iniciativas de car\u00e1cter productivo, medio ambiente y eje productivo en beneficio del mundo campesino. \u00a0 <strong>Gabinete Descentralizado y Feminista.<\/strong> R\u00edo Hurtado es la \u00fanica comuna de la regi\u00f3n con liderazgo femenino, por ello es que en medio del Gabinete Descentralizado se llev\u00f3 a cabo la primera sesi\u00f3n de la Comisi\u00f3n Pol\u00edtica de Igualdad de Derechos y Equidad de G\u00e9nero. Maria Fernanda Glaser, Seremi de la Mujer y la Equidad de G\u00e9nero detall\u00f3 que <strong>\u00abrevisamos cifras de autonom\u00eda pol\u00edtica, que son las m\u00e1s cr\u00edticas, y que tienen que ver con los puestos de liderazgo de toma de decisiones en la regi\u00f3n y que estamos al debe, porque hay municipios que est\u00e1n completamente compuestos por hombres, entre otros \u00e1mbitos. Y cada servicio p\u00fablico se comprometi\u00f3 a establecer un diagn\u00f3stico para detectar, reducir brechas y avanzar en un plan que compondr\u00e1 la agenda regional de g\u00e9nero\u00bb<\/strong>. \u00a0 <strong>Voto informado.<\/strong><strong>\u00a0<\/strong> En esta oportunidad, el Gobierno tambi\u00e9n lanz\u00f3 la campa\u00f1a \u201cChile Vota Informado\u201d, entregando copias de la propuesta de la nueva Constituci\u00f3n a los vecinos y vecinas. Fernando Viveros, Seremi de Gobierno, puntualiz\u00f3 que <strong>\u201chemos iniciado una descentralizaci\u00f3n muy importante en lo pr\u00e1ctico. Y precisamente, en esta campa\u00f1a del Voto Informado, busca hacer un llamado a la poblaci\u00f3n a leer el texto constituyente. Como Gobierno, presentamos ambas propuestas, tanto el apruebo como el rechazo. Estamos en un despliegue, visitando todas las comunas, entregando el texto en papel de forma gratuita en lugares apartados, para que llegue a las personas o adultos mayores que no tengan buena conectividad. Es un llamado a que la gente lea y se informe\u201d<\/strong>.<\/p>\n","protected":false},"excerpt":{"rendered":"<p>Tras una nueva reuni\u00f3n del Gabinete Descentralizado, los servicios p\u00fablicos abordaron tem\u00e1ticas como el mejoramiento de las v\u00edas interiores de la comuna. Jornada en la que tambi\u00e9n se realiz\u00f3 la primera reuni\u00f3n de la Comisi\u00f3n Pol\u00edtica de Igualdad de Derechos y Equidad de G\u00e9nero.<\/p>\n","protected":false},"author":2,"featured_media":7715,"comment_status":"open","ping_status":"open","sticky":false,"template":"","format":"standard","meta":{"footnotes":""},"categories":[6],"tags":[],"class_list":["post-7714","post","type-post","status-publish","format-standard","has-post-thumbnail","hentry","category-regionales"],"_links":{"self":[{"href":"https:\/\/www.radiolimari.cl\/index.php?rest_route=\/wp\/v2\/posts\/7714","targetHints":{"allow":["GET"]}}],"collection":[{"href":"https:\/\/www.radiolimari.cl\/index.php?rest_route=\/wp\/v2\/posts"}],"about":[{"href":"https:\/\/www.radiolimari.cl\/index.php?rest_route=\/wp\/v2\/types\/post"}],"author":[{"embeddable":true,"href":"https:\/\/www.radiolimari.cl\/index.php?rest_route=\/wp\/v2\/users\/2"}],"replies":[{"embeddable":true,"href":"https:\/\/www.radiolimari.cl\/index.php?rest_route=%2Fwp%2Fv2%2Fcomments&post=7714"}],"version-history":[{"count":2,"href":"https:\/\/www.radiolimari.cl\/index.php?rest_route=\/wp\/v2\/posts\/7714\/revisions"}],"predecessor-version":[{"id":7717,"href":"https:\/\/www.radiolimari.cl\/index.php?rest_route=\/wp\/v2\/posts\/7714\/revisions\/7717"}],"wp:featuredmedia":[{"embeddable":true,"href":"https:\/\/www.radiolimari.cl\/index.php?rest_route=\/wp\/v2\/media\/7715"}],"wp:attachment":[{"href":"https:\/\/www.radiolimari.cl\/index.php?rest_route=%2Fwp%2Fv2%2Fmedia&parent=7714"}],"wp:term":[{"taxonomy":"category","embeddable":true,"href":"https:\/\/www.radiolimari.cl\/index.php?rest_route=%2Fwp%2Fv2%2Fcategories&post=7714"},{"taxonomy":"post_tag","embeddable":true,"href":"https:\/\/www.radiolimari.cl\/index.php?rest_route=%2Fwp%2Fv2%2Ftags&post=7714"}],"curies":[{"name":"wp","href":"https:\/\/api.w.org\/{rel}","templated":true}]}}