{"id":7709,"date":"2022-07-21T17:24:08","date_gmt":"2022-07-21T17:24:08","guid":{"rendered":"http:\/\/www.radiolimari.cl\/?p=7709"},"modified":"2022-07-21T17:24:21","modified_gmt":"2022-07-21T17:24:21","slug":"tres-proyectos-comunitarios-seran-financiados-por-el-programa-de-ds27-en-ovalle","status":"publish","type":"post","link":"https:\/\/www.radiolimari.cl\/?p=7709","title":{"rendered":"Tres proyectos comunitarios ser\u00e1n financiados por el programa de DS27 en Ovalle"},"content":{"rendered":"<p><a href=\"https:\/\/www.radiolimari.cl\/wp-content\/uploads\/2022\/07\/21.7-Poblaci\u00f3n-Canihuante-ok.jpg\"><img fetchpriority=\"high\" decoding=\"async\" class=\"alignnone size-medium wp-image-7710\" src=\"https:\/\/www.radiolimari.cl\/wp-content\/uploads\/2022\/07\/21.7-Poblaci\u00f3n-Canihuante-ok-300x225.jpg\" alt=\"21.7 Poblaci\u00f3n Canihuante ok\" width=\"300\" height=\"225\" srcset=\"https:\/\/www.radiolimari.cl\/wp-content\/uploads\/2022\/07\/21.7-Poblaci\u00f3n-Canihuante-ok-300x225.jpg 300w, https:\/\/www.radiolimari.cl\/wp-content\/uploads\/2022\/07\/21.7-Poblaci\u00f3n-Canihuante-ok-1024x768.jpg 1024w, https:\/\/www.radiolimari.cl\/wp-content\/uploads\/2022\/07\/21.7-Poblaci\u00f3n-Canihuante-ok.jpg 1080w\" sizes=\"(max-width: 300px) 100vw, 300px\" \/><\/a><\/p>\n<p><strong><em>En esta oportunidad, las organizaciones beneficiadas por el financiamiento proveniente del ministerio de Vivienda y Urbanismo, y el aporte del municipio de Ovalle, ser\u00e1n las juntas de vecinos La Costanera de Ovalle, Poblaci\u00f3n Tapia y de la Poblaci\u00f3n Canihuante, quienes podr\u00e1n concretar sus proyectos comunitarios.\u00a0 <\/em><\/strong><!--more--><\/p>\n<p>Tres iniciativas de organizaciones sociales de Ovalle podr\u00e1n concretarse, gracias al financiamiento del ministerio de Vivienda y Urbanismo (MINVU) y el aporte municipal. Los recursos provienen del Programa de Mejoramiento de Vivienda y Barrios y favorecer\u00e1n en esta oportunidad a las juntas de vecinos La Costanera del Limar\u00ed, Poblaci\u00f3n Tapia y Poblaci\u00f3n Canihuante.<\/p>\n<p>Los proyectos ganadores fueron informados, a trav\u00e9s de la resoluci\u00f3n del ministerio de Vivienda y Urbanismo del pasado 15 de julio, donde se hace alusi\u00f3n a las iniciativas que obtuvieron financiamiento para el desarrollo de proyectos de equipamiento comunitario del Programa de Mejoramiento de Vivienda y Barrios regulado por el Decreto Supremo 27 (DS27) de 2016, para organizaciones comunitarias y juntas de vecinos regidas por la ley 19.418.<\/p>\n<p>Recordemos, que este mecanismo se ejecuta a trav\u00e9s del 90% del financiamiento del MINVU y el aporte del 10% del municipio local, recursos que servir\u00e1n para ejecutar obras de un alto valor social.<\/p>\n<p>En el caso de la junta de vecinos La Costanera de Ovalle recibir\u00e1 un total de 3.150 UF para la construcci\u00f3n y mejoramiento de \u00e1reas verdes y el aporte municipal de 362.25 UF. Asimismo, los vecinos de la Poblaci\u00f3n Tapia podr\u00e1n concretar su proyecto de construcci\u00f3n de un recinto comunitario con dineros gubernamentales que alcanzan las 6.750 UF y con recursos municipales por un total de 742,50 UF. Finalmente, la junta de vecinos de la poblaci\u00f3n Canihuante podr\u00e1 materializar la iniciativa denominada \u201cConstrucci\u00f3n de edificaciones comunitarias\u201d por un total de 6.210 UF y el aporte municipal de 683,10 UF.<\/p>\n<p>El alcalde de Ovalle, Claudio Renter\u00eda sostuvo que la aprobaci\u00f3n de estos recursos \u201ces fruto del trabajo sostenido que hemos ejecutado en la comuna, con el fin de apoyar a nuestras organizaciones sociales locales, quienes han podido concretar importantes proyectos comunitarios, tanto con financiamiento municipal, como a trav\u00e9s del DS27, que ha sido un gran apoyo para materializar la construcci\u00f3n de sedes sociales y la habilitaci\u00f3n de espacios destinados a la recreaci\u00f3n de nuestra comunidad\u201d.<\/p>\n<p>A trav\u00e9s de este mismo programa, se est\u00e1 realizando la construcci\u00f3n de la nueva sede social de la poblaci\u00f3n Fray Jorge que se encuentra pr\u00e1cticamente terminada, a lo que se suma un espacio recreativo a un costado del recinto, adem\u00e1s de la habilitaci\u00f3n del nuevo recinto comunitario de Villa Los Alcones y pr\u00f3ximamente se concretar\u00e1 la construcci\u00f3n de la nueva sede social del sector El Mirador de Ovalle.<\/p>\n<p>Otras iniciativas que se materializar\u00e1n con este financiamiento ser\u00e1n la nueva sede social de villa Manuel Lobos, el mejoramiento del \u00e1rea verde la Plaza Sargento Aldea de la poblaci\u00f3n 21 de mayo, el mejoramiento de la sede social de la junta de vecinos Duplos de Vista Bella, el mejoramiento del \u00e1rea verde de la plaza de villa El Portal de Limar\u00ed y el mejoramiento de la plaza de villa Los Parronales.<\/p>\n<p>&nbsp;<\/p>\n","protected":false},"excerpt":{"rendered":"<p>En esta oportunidad, las organizaciones beneficiadas por el financiamiento proveniente del ministerio de Vivienda y Urbanismo, y el aporte del municipio de Ovalle, ser\u00e1n las juntas de vecinos La Costanera de Ovalle, Poblaci\u00f3n Tapia y de la Poblaci\u00f3n Canihuante, quienes podr\u00e1n concretar sus proyectos comunitarios.\u00a0<\/p>\n","protected":false},"author":2,"featured_media":7710,"comment_status":"open","ping_status":"open","sticky":false,"template":"","format":"standard","meta":{"footnotes":""},"categories":[5],"tags":[],"class_list":["post-7709","post","type-post","status-publish","format-standard","has-post-thumbnail","hentry","category-actualidad-limarina"],"_links":{"self":[{"href":"https:\/\/www.radiolimari.cl\/index.php?rest_route=\/wp\/v2\/posts\/7709","targetHints":{"allow":["GET"]}}],"collection":[{"href":"https:\/\/www.radiolimari.cl\/index.php?rest_route=\/wp\/v2\/posts"}],"about":[{"href":"https:\/\/www.radiolimari.cl\/index.php?rest_route=\/wp\/v2\/types\/post"}],"author":[{"embeddable":true,"href":"https:\/\/www.radiolimari.cl\/index.php?rest_route=\/wp\/v2\/users\/2"}],"replies":[{"embeddable":true,"href":"https:\/\/www.radiolimari.cl\/index.php?rest_route=%2Fwp%2Fv2%2Fcomments&post=7709"}],"version-history":[{"count":1,"href":"https:\/\/www.radiolimari.cl\/index.php?rest_route=\/wp\/v2\/posts\/7709\/revisions"}],"predecessor-version":[{"id":7711,"href":"https:\/\/www.radiolimari.cl\/index.php?rest_route=\/wp\/v2\/posts\/7709\/revisions\/7711"}],"wp:featuredmedia":[{"embeddable":true,"href":"https:\/\/www.radiolimari.cl\/index.php?rest_route=\/wp\/v2\/media\/7710"}],"wp:attachment":[{"href":"https:\/\/www.radiolimari.cl\/index.php?rest_route=%2Fwp%2Fv2%2Fmedia&parent=7709"}],"wp:term":[{"taxonomy":"category","embeddable":true,"href":"https:\/\/www.radiolimari.cl\/index.php?rest_route=%2Fwp%2Fv2%2Fcategories&post=7709"},{"taxonomy":"post_tag","embeddable":true,"href":"https:\/\/www.radiolimari.cl\/index.php?rest_route=%2Fwp%2Fv2%2Ftags&post=7709"}],"curies":[{"name":"wp","href":"https:\/\/api.w.org\/{rel}","templated":true}]}}