{"id":7701,"date":"2022-07-20T20:14:02","date_gmt":"2022-07-20T20:14:02","guid":{"rendered":"http:\/\/www.radiolimari.cl\/?p=7701"},"modified":"2022-07-20T20:14:02","modified_gmt":"2022-07-20T20:14:02","slug":"municipio-de-ovalle-inicia-campana-para-prevenir-robos-violentos-y-portonazos-en-la-comuna","status":"publish","type":"post","link":"https:\/\/www.radiolimari.cl\/?p=7701","title":{"rendered":"Municipio de Ovalle inicia campa\u00f1a para prevenir robos violentos y portonazos en la comuna."},"content":{"rendered":"<p><a href=\"https:\/\/www.radiolimari.cl\/wp-content\/uploads\/2022\/07\/20.7-Entrega-de-informaci\u00f3n-sobre-robos-violentos-y-portonazos-1.jpg\"><img fetchpriority=\"high\" decoding=\"async\" class=\"alignnone size-medium wp-image-7702\" src=\"https:\/\/www.radiolimari.cl\/wp-content\/uploads\/2022\/07\/20.7-Entrega-de-informaci\u00f3n-sobre-robos-violentos-y-portonazos-1-300x225.jpg\" alt=\"20.7 Entrega de informaci\u00f3n sobre robos violentos y portonazos (1)\" width=\"300\" height=\"225\" srcset=\"https:\/\/www.radiolimari.cl\/wp-content\/uploads\/2022\/07\/20.7-Entrega-de-informaci\u00f3n-sobre-robos-violentos-y-portonazos-1-300x225.jpg 300w, https:\/\/www.radiolimari.cl\/wp-content\/uploads\/2022\/07\/20.7-Entrega-de-informaci\u00f3n-sobre-robos-violentos-y-portonazos-1-1024x768.jpg 1024w\" sizes=\"(max-width: 300px) 100vw, 300px\" \/><\/a><\/p>\n<p><strong><em>Se trata de un trabajo en conjunto entre el municipio de Ovalle, a trav\u00e9s de la Oficina Comunal de Seguridad P\u00fablica, la Fiscal\u00eda local y Carabineros. Adem\u00e1s, en la oportunidad se dio a conocer un sistema de detecci\u00f3n de veh\u00edculos robados, que funciona mediante una aplicaci\u00f3n de lectura de patentes, que desde ahora tendr\u00e1n los veh\u00edculos de seguridad que recorren la comuna. <\/em><\/strong><!--more--><\/p>\n<p>Los robos violentos y los llamados \u201cportonazos\u201d se han convertido en un problema de car\u00e1cter nacional y que, lamentablemente, la comuna de Ovalle no ha estado ajena a esta acci\u00f3n delictual. Teniendo estos antecedentes, el municipio local, a trav\u00e9s de la Oficina Comunal de Seguridad P\u00fablica, en conjunto con el Ministerio P\u00fablico y Carabineros de Chile lanz\u00f3 una campa\u00f1a que busca prevenir estos delitos e informar a la comunidad ovallina, para que no sean v\u00edctimas de estas intervenciones por parte de delincuentes.<\/p>\n<p>En la ocasi\u00f3n, las autoridades hicieron un llamado a tomar resguardos y todas las precauciones, con el fin de no darle facilidades a quienes buscan sustraer diversos tipos de autom\u00f3viles, para posteriormente venderlos con placas falsificadas o desarmarlos y comercializar sus repuestos. Fue as\u00ed como el alcalde de Ovalle, Claudio Renter\u00eda y los representantes de Carabineros y del Ministerio P\u00fablico repartieron material informativo con tips para evitar este tipo de robos.<\/p>\n<p>Durante esta jornada tambi\u00e9n se hizo el lanzamiento de un sistema de monitoreo que analiza las patentes de los veh\u00edculos, a trav\u00e9s de una aplicaci\u00f3n que advierte, de forma inmediata, si el autom\u00f3vil tiene encargo por robo. El sistema se denomina Safebywolf y actualmente m\u00e1s de 60 comunas en el pa\u00eds, incluida Ovalle, cuentan con esta tecnolog\u00eda. Este mecanismo se logr\u00f3 gracias al convenio de cooperaci\u00f3n que firm\u00f3 la Asociaci\u00f3n de Aseguradores de Chile con la Asociaci\u00f3n Chilena de Municipalidades, que permiti\u00f3 financiar su puesta en marcha.<\/p>\n<p>Los m\u00f3viles de seguridad contar\u00e1n con un tel\u00e9fono celular con la aplicaci\u00f3n y en los periodos de patrullaje podr\u00e1n analizar a los veh\u00edculos y verificar si son robados.<\/p>\n<p>El alcalde de Ovalle Claudio Renter\u00eda indic\u00f3 que \u201cnosotros queremos combatir la delincuencia y por eso hemos implementado el patrullaje de veh\u00edculos de seguridad, contamos con m\u00e1s de 140 c\u00e1maras de seguridad que monitorean diversos puntos de la ciudad y sumaremos m\u00e1s de 90 c\u00e1maras en la Feria Modelo. Ahora estamos complementando estas acciones con esta campa\u00f1a preventiva con la entrega de material informativo, a lo que se suma la instalaci\u00f3n del sistema de detecci\u00f3n de autos robados, a trav\u00e9s de la aplicaci\u00f3n Safebywolf que ser\u00e1 de gran ayuda\u201d.<\/p>\n<p>Al respecto, el coronel de Carabineros Luis Mart\u00ednez afirm\u00f3 que esta aplicaci\u00f3n \u201cva en complemento de todas las funciones que tenemos nosotros y va a ayudar a reducir el robo de veh\u00edculos que en la actualidad ha tenido un aumento significativo. Esta iniciativa simplifica este tr\u00e1mite, porque actualmente esto Carabineros lo hace de forma manual\u201d.<\/p>\n<p>De acuerdo a los registros que mantiene el Ministerio P\u00fablico, desde noviembre de 2021 hasta la fecha, \u201cse ha experimentado un alza en los delitos de robo de veh\u00edculos en sus distintas modalidades, delitos violentos y tambi\u00e9n la sustracci\u00f3n de veh\u00edculos motorizados\u201d afirm\u00f3 el fiscal Jaime Rojas Gatica.<\/p>\n<p>En estos casos, lo importante es tomar todos los resguardos necesarios en la v\u00eda p\u00fablica y principalmente, antes de entrar sus veh\u00edculos al estacionamiento de sus viviendas, que son los lugares donde m\u00e1s ocurre la sustracci\u00f3n de autom\u00f3viles.<\/p>\n<p>&nbsp;<\/p>\n","protected":false},"excerpt":{"rendered":"<p>Se trata de un trabajo en conjunto entre el municipio de Ovalle, a trav\u00e9s de la Oficina Comunal de Seguridad P\u00fablica, la Fiscal\u00eda local y Carabineros. Adem\u00e1s, en la oportunidad se dio a conocer un sistema de detecci\u00f3n de veh\u00edculos robados, que funciona mediante una aplicaci\u00f3n de lectura de patentes, que desde ahora tendr\u00e1n los &#8230;<\/p>\n","protected":false},"author":2,"featured_media":7702,"comment_status":"open","ping_status":"open","sticky":false,"template":"","format":"standard","meta":{"footnotes":""},"categories":[5],"tags":[],"class_list":["post-7701","post","type-post","status-publish","format-standard","has-post-thumbnail","hentry","category-actualidad-limarina"],"_links":{"self":[{"href":"https:\/\/www.radiolimari.cl\/index.php?rest_route=\/wp\/v2\/posts\/7701","targetHints":{"allow":["GET"]}}],"collection":[{"href":"https:\/\/www.radiolimari.cl\/index.php?rest_route=\/wp\/v2\/posts"}],"about":[{"href":"https:\/\/www.radiolimari.cl\/index.php?rest_route=\/wp\/v2\/types\/post"}],"author":[{"embeddable":true,"href":"https:\/\/www.radiolimari.cl\/index.php?rest_route=\/wp\/v2\/users\/2"}],"replies":[{"embeddable":true,"href":"https:\/\/www.radiolimari.cl\/index.php?rest_route=%2Fwp%2Fv2%2Fcomments&post=7701"}],"version-history":[{"count":1,"href":"https:\/\/www.radiolimari.cl\/index.php?rest_route=\/wp\/v2\/posts\/7701\/revisions"}],"predecessor-version":[{"id":7703,"href":"https:\/\/www.radiolimari.cl\/index.php?rest_route=\/wp\/v2\/posts\/7701\/revisions\/7703"}],"wp:featuredmedia":[{"embeddable":true,"href":"https:\/\/www.radiolimari.cl\/index.php?rest_route=\/wp\/v2\/media\/7702"}],"wp:attachment":[{"href":"https:\/\/www.radiolimari.cl\/index.php?rest_route=%2Fwp%2Fv2%2Fmedia&parent=7701"}],"wp:term":[{"taxonomy":"category","embeddable":true,"href":"https:\/\/www.radiolimari.cl\/index.php?rest_route=%2Fwp%2Fv2%2Fcategories&post=7701"},{"taxonomy":"post_tag","embeddable":true,"href":"https:\/\/www.radiolimari.cl\/index.php?rest_route=%2Fwp%2Fv2%2Ftags&post=7701"}],"curies":[{"name":"wp","href":"https:\/\/api.w.org\/{rel}","templated":true}]}}