{"id":7698,"date":"2022-07-20T19:20:19","date_gmt":"2022-07-20T19:20:19","guid":{"rendered":"http:\/\/www.radiolimari.cl\/?p=7698"},"modified":"2022-07-20T19:20:19","modified_gmt":"2022-07-20T19:20:19","slug":"carabineros-ha-recuperado-mas-de-un-millon-de-dolares-en-vehiculos-durante-este-ano","status":"publish","type":"post","link":"https:\/\/www.radiolimari.cl\/?p=7698","title":{"rendered":"Carabineros ha recuperado m\u00e1s de un mill\u00f3n de d\u00f3lares en veh\u00edculos durante este a\u00f1o"},"content":{"rendered":"<p><a href=\"https:\/\/www.radiolimari.cl\/wp-content\/uploads\/2022\/07\/20.7-carabineros-1.jpg\"><img fetchpriority=\"high\" decoding=\"async\" class=\"alignnone size-medium wp-image-7699\" src=\"https:\/\/www.radiolimari.cl\/wp-content\/uploads\/2022\/07\/20.7-carabineros-1-300x200.jpg\" alt=\"20.7 carabineros 1\" width=\"300\" height=\"200\" srcset=\"https:\/\/www.radiolimari.cl\/wp-content\/uploads\/2022\/07\/20.7-carabineros-1-300x200.jpg 300w, https:\/\/www.radiolimari.cl\/wp-content\/uploads\/2022\/07\/20.7-carabineros-1.jpg 1024w\" sizes=\"(max-width: 300px) 100vw, 300px\" \/><\/a><\/p>\n<p><strong><em>La cifra corresponde al trabajo que la polic\u00eda ha efectuado en toda la Regi\u00f3n de Coquimbo, lo que se traduce en la recuperaci\u00f3n de 81 veh\u00edculos, 9 de ellos durante los \u00faltimos tres meses.<\/em><\/strong><!--more--><\/p>\n<p>Una nueva devoluci\u00f3n de veh\u00edculos realiz\u00f3 este mi\u00e9rcoles Carabineros en la Regi\u00f3n de Coquimbo. Esta vez, se trat\u00f3 de 9 autom\u00f3viles recuperados en las \u00faltimas semanas, tras un reforzamiento del despliegue en terreno y la investigaci\u00f3n especializada de la Secci\u00f3n de Encargo y B\u00fasqueda (SEBV).<\/p>\n<p>Veh\u00edculos que la instituci\u00f3n hizo entrega a sus due\u00f1os, varios de ellos, que ocupaban estos elementos como equipos de trabajo.<\/p>\n<p>Uno de los afectados, un vecino de Coquimbo -que no quiso entregar su nombre- explic\u00f3 que <strong>\u201cestaba trabajando mediante aplicaci\u00f3n y recib\u00ed una solicitud de servicio, nada sospechoso. Pero al llegar al destino, me abordaron y me sustrajeron el veh\u00edculo (\u2026) Un alivio que haya concluido, estoy gradecido de Carabineros\u201d<\/strong>.<\/p>\n<p>Hecho que ocurri\u00f3 hace dos d\u00edas y que le permiti\u00f3 recuperar en buen estado su autom\u00f3vil.<\/p>\n<p>En cuanto al trabajo investigativo el Jefe de la IV Zona de Carabineros Coquimbo, el General Rodrigo Espinoza, explic\u00f3 que <strong>\u201cson veh\u00edculos que fueron robados de manera violenta en distintos puntos del pa\u00eds. Tenemos por ejemplo, una camioneta que hab\u00eda sido sustra\u00edda en noviembre del a\u00f1o pasado en la Regi\u00f3n Metropolitana, y que recuperamos en La Serena a principios de julio. Entonces, se detuvo a cuatro personas que adem\u00e1s se trasladaban con armamento y casi veinte millones en efectivo, todos quienes quedaron en prisi\u00f3n preventiva. Estamos hablando de un trabajo que, por una parte, nos permite devolver de cierta manera la tranquilidad a aquellas personas que han sido v\u00edctimas de delitos violentos, pero que adem\u00e1s significa que estamos evitando otro tipo de il\u00edcitos que puedan afectar a la comunidad en la regi\u00f3n\u201d<\/strong>.<\/p>\n<p>Los veh\u00edculos devueltos forman parte de los 81 m\u00f3viles recuperados en los que va del a\u00f1o por la SEBV de Carabineros, los que en total est\u00e1n avaluados en m\u00e1s de un mill\u00f3n de d\u00f3lares.<\/p>\n<p>Por su parte, el Delegado Presidencial Regional, Rub\u00e9n Quezada, destac\u00f3 que <strong>\u00abel trabajo de Carabineros funciona. Con la Secci\u00f3n de Encargo y B\u00fasqueda de Veh\u00edculos, queda demostrado que, si las personas denuncian, tenemos una alta probabilidad de recuperar sus veh\u00edculos. Dos de cada tres veh\u00edculos denunciados como robados, son recuperados y por ello es clave alertar para poder r\u00e1pidamente trabajar la recuperaci\u00f3n\u00bb.<\/strong><\/p>\n<p>Seg\u00fan las cifras de Carabineros, dos de cada tres veh\u00edculos reportados como robados, han sido encontrados, lo que representa una tasa de recuperabilidad del 66%.<\/p>\n","protected":false},"excerpt":{"rendered":"<p>La cifra corresponde al trabajo que la polic\u00eda ha efectuado en toda la Regi\u00f3n de Coquimbo, lo que se traduce en la recuperaci\u00f3n de 81 veh\u00edculos, 9 de ellos durante los \u00faltimos tres meses.<\/p>\n","protected":false},"author":2,"featured_media":7699,"comment_status":"open","ping_status":"open","sticky":false,"template":"","format":"standard","meta":{"footnotes":""},"categories":[3],"tags":[],"class_list":["post-7698","post","type-post","status-publish","format-standard","has-post-thumbnail","hentry","category-actualidad"],"_links":{"self":[{"href":"https:\/\/www.radiolimari.cl\/index.php?rest_route=\/wp\/v2\/posts\/7698","targetHints":{"allow":["GET"]}}],"collection":[{"href":"https:\/\/www.radiolimari.cl\/index.php?rest_route=\/wp\/v2\/posts"}],"about":[{"href":"https:\/\/www.radiolimari.cl\/index.php?rest_route=\/wp\/v2\/types\/post"}],"author":[{"embeddable":true,"href":"https:\/\/www.radiolimari.cl\/index.php?rest_route=\/wp\/v2\/users\/2"}],"replies":[{"embeddable":true,"href":"https:\/\/www.radiolimari.cl\/index.php?rest_route=%2Fwp%2Fv2%2Fcomments&post=7698"}],"version-history":[{"count":1,"href":"https:\/\/www.radiolimari.cl\/index.php?rest_route=\/wp\/v2\/posts\/7698\/revisions"}],"predecessor-version":[{"id":7700,"href":"https:\/\/www.radiolimari.cl\/index.php?rest_route=\/wp\/v2\/posts\/7698\/revisions\/7700"}],"wp:featuredmedia":[{"embeddable":true,"href":"https:\/\/www.radiolimari.cl\/index.php?rest_route=\/wp\/v2\/media\/7699"}],"wp:attachment":[{"href":"https:\/\/www.radiolimari.cl\/index.php?rest_route=%2Fwp%2Fv2%2Fmedia&parent=7698"}],"wp:term":[{"taxonomy":"category","embeddable":true,"href":"https:\/\/www.radiolimari.cl\/index.php?rest_route=%2Fwp%2Fv2%2Fcategories&post=7698"},{"taxonomy":"post_tag","embeddable":true,"href":"https:\/\/www.radiolimari.cl\/index.php?rest_route=%2Fwp%2Fv2%2Ftags&post=7698"}],"curies":[{"name":"wp","href":"https:\/\/api.w.org\/{rel}","templated":true}]}}