{"id":7695,"date":"2022-07-18T21:04:44","date_gmt":"2022-07-18T21:04:44","guid":{"rendered":"http:\/\/www.radiolimari.cl\/?p=7695"},"modified":"2022-07-18T21:04:49","modified_gmt":"2022-07-18T21:04:49","slug":"cuerpo-de-bomberos-de-ovalle-cuenta-con-un-nuevo-movil-para-sus-emergencias","status":"publish","type":"post","link":"https:\/\/www.radiolimari.cl\/?p=7695","title":{"rendered":"Cuerpo de Bomberos de Ovalle cuenta con un nuevo m\u00f3vil para sus emergencias"},"content":{"rendered":"<p><a href=\"https:\/\/www.radiolimari.cl\/wp-content\/uploads\/2022\/07\/18.7-Entrega-de-camioneta-al-Cuerpo-de-Bomberos-de-Ovalle-3.jpg\"><img fetchpriority=\"high\" decoding=\"async\" class=\"alignnone size-medium wp-image-7696\" src=\"https:\/\/www.radiolimari.cl\/wp-content\/uploads\/2022\/07\/18.7-Entrega-de-camioneta-al-Cuerpo-de-Bomberos-de-Ovalle-3-300x225.jpg\" alt=\"18.7 Entrega de camioneta al Cuerpo de Bomberos de Ovalle (3)\" width=\"300\" height=\"225\" srcset=\"https:\/\/www.radiolimari.cl\/wp-content\/uploads\/2022\/07\/18.7-Entrega-de-camioneta-al-Cuerpo-de-Bomberos-de-Ovalle-3-300x225.jpg 300w, https:\/\/www.radiolimari.cl\/wp-content\/uploads\/2022\/07\/18.7-Entrega-de-camioneta-al-Cuerpo-de-Bomberos-de-Ovalle-3-1024x768.jpg 1024w\" sizes=\"(max-width: 300px) 100vw, 300px\" \/><\/a><\/p>\n<p><strong><em>El alcalde Claudio Renter\u00eda le entreg\u00f3 una camioneta Ford Ranger completamente equipada a la instituci\u00f3n bomberil, la que ser\u00e1 destinada a la Octava Compa\u00f1\u00eda de Cerrillos de Tamaya. El nuevo m\u00f3vil, que tuvo una inversi\u00f3n de 37 millones de pesos, fue financiado por el Gobierno Regional y se suma a la construcci\u00f3n del nuevo cuartel de la localidad.<\/em><\/strong><!--more--><\/p>\n<p>El Cuerpo de Bomberos de Ovalle cuenta con un nuevo m\u00f3vil para enfrentar diversas emergencias en la comuna. El alcalde Claudio Renter\u00eda, junto al concejal Blas Araya, le entreg\u00f3 las llaves de la camioneta Ford Ranger, completamente equipada, a la instituci\u00f3n bomberil.<br \/>\nEsta nueva herramienta de movilizaci\u00f3n, que tiene una inversi\u00f3n de $37.489.760, est\u00e1 incluida en la construcci\u00f3n del nuevo Cuartel de la Octava Compa\u00f1\u00eda de Cerrillos de Tamaya, que fue postulada por el municipio de Ovalle y financiada por el Gobierno Regional, a trav\u00e9s del Fondo Nacional de Desarrollo Regional (FNDR).<\/p>\n<p>La nueva camioneta es de marca Ford, modelo Ranger 3.2 cc di\u00e9sel, doble cabina, con tracci\u00f3n 4&#215;4, con inyecci\u00f3n electr\u00f3nica, 6 velocidades y con barras anti vuelcos. A esto se suma, una baliza con 16 m\u00f3dulos LED con luces roja, azul, blanca y \u00e1mbar y luces estrobosc\u00f3picas, adem\u00e1s de una sirena con parlante de 100 watts, con micr\u00f3fono altavoz, sistema de radio comunicaci\u00f3n VHF y antena de radio 148-17mhz. Adem\u00e1s, de la gr\u00e1fica del Cuerpo de Bomberos de Ovalle, para identificarla, sobretodo en las emergencias en carretera.<\/p>\n<p>Tras la entrega, el vicesuperintendente del Cuerpo de Bomberos de Ovalle, Francisco White indic\u00f3 que es de suma importancia \u201ccontar con esta nueva camioneta, porque va a servir para el traslado del personal en caso de una emergencia, si es que ya han salido las unidades. Agradezco el aporte del municipio de Ovalle y al alcalde Claudio Renter\u00eda, porque nos ha contribuido enormemente para cumplir con nuestra labor en beneficio de la ciudadan\u00eda\u201d.<\/p>\n<p>Al respecto el alcalde de Ovalle, Claudio Renter\u00eda indic\u00f3 que este es el reflejo del trabajo \u201cque hemos realizado en nuestra administraci\u00f3n municipal, donde hemos apoyado enormemente al Cuerpo de Bomberos de Ovalle, porque la labor que cumplen los voluntarios y voluntarios de la instituci\u00f3n es esencial en nuestra comunidad, porque son ellos los que siempre est\u00e1n para apoyarnos cuando somos v\u00edctimas de alguna emergencia, como incendios o accidentes de tr\u00e1nsito. Estamos muy contentos de contribuir para que esta instituci\u00f3n tan querida cuente con todo lo necesario para sus intervenciones\u201d.<\/p>\n<p>Se trata de un nuevo aporte, que se suma a la compra de un carro americano del a\u00f1o 1995 para la secci\u00f3n Rescate, que tiene una inversi\u00f3n de 40 millones de pesos, dos camiones aljibe con un costo de 37 millones de pesos cada uno y la adquisici\u00f3n de una camioneta equipada. Estas gestiones se complementan con la habilitaci\u00f3n de los cuarteles de Bomberos de Cerrillos de Tamaya, que cont\u00f3 con una inversi\u00f3n de 535 millones de pesos, iniciativa que fue postulada por los profesionales del municipio y financiada por el Gobierno Regional y de la misma forma se materializ\u00f3 el Cuartel de Bomberos de la Cuarta Compa\u00f1\u00eda ubicada en el sector El Portal, recinto que permitir\u00e1 atender y dar mejor respuesta a la poblaci\u00f3n del \u00e1rea sur ante una emergencia. Este nuevo recinto tuvo un costo de 407 millones de pesos financiados por el Gobierno Regional.<\/p>\n","protected":false},"excerpt":{"rendered":"<p>El alcalde Claudio Renter\u00eda le entreg\u00f3 una camioneta Ford Ranger completamente equipada a la instituci\u00f3n bomberil, la que ser\u00e1 destinada a la Octava Compa\u00f1\u00eda de Cerrillos de Tamaya. El nuevo m\u00f3vil, que tuvo una inversi\u00f3n de 37 millones de pesos, fue financiado por el Gobierno Regional y se suma a la construcci\u00f3n del nuevo cuartel &#8230;<\/p>\n","protected":false},"author":2,"featured_media":7696,"comment_status":"open","ping_status":"open","sticky":false,"template":"","format":"standard","meta":{"footnotes":""},"categories":[5],"tags":[],"class_list":["post-7695","post","type-post","status-publish","format-standard","has-post-thumbnail","hentry","category-actualidad-limarina"],"_links":{"self":[{"href":"https:\/\/www.radiolimari.cl\/index.php?rest_route=\/wp\/v2\/posts\/7695","targetHints":{"allow":["GET"]}}],"collection":[{"href":"https:\/\/www.radiolimari.cl\/index.php?rest_route=\/wp\/v2\/posts"}],"about":[{"href":"https:\/\/www.radiolimari.cl\/index.php?rest_route=\/wp\/v2\/types\/post"}],"author":[{"embeddable":true,"href":"https:\/\/www.radiolimari.cl\/index.php?rest_route=\/wp\/v2\/users\/2"}],"replies":[{"embeddable":true,"href":"https:\/\/www.radiolimari.cl\/index.php?rest_route=%2Fwp%2Fv2%2Fcomments&post=7695"}],"version-history":[{"count":1,"href":"https:\/\/www.radiolimari.cl\/index.php?rest_route=\/wp\/v2\/posts\/7695\/revisions"}],"predecessor-version":[{"id":7697,"href":"https:\/\/www.radiolimari.cl\/index.php?rest_route=\/wp\/v2\/posts\/7695\/revisions\/7697"}],"wp:featuredmedia":[{"embeddable":true,"href":"https:\/\/www.radiolimari.cl\/index.php?rest_route=\/wp\/v2\/media\/7696"}],"wp:attachment":[{"href":"https:\/\/www.radiolimari.cl\/index.php?rest_route=%2Fwp%2Fv2%2Fmedia&parent=7695"}],"wp:term":[{"taxonomy":"category","embeddable":true,"href":"https:\/\/www.radiolimari.cl\/index.php?rest_route=%2Fwp%2Fv2%2Fcategories&post=7695"},{"taxonomy":"post_tag","embeddable":true,"href":"https:\/\/www.radiolimari.cl\/index.php?rest_route=%2Fwp%2Fv2%2Ftags&post=7695"}],"curies":[{"name":"wp","href":"https:\/\/api.w.org\/{rel}","templated":true}]}}