{"id":7671,"date":"2022-07-14T14:29:46","date_gmt":"2022-07-14T14:29:46","guid":{"rendered":"http:\/\/www.radiolimari.cl\/?p=7671"},"modified":"2022-07-14T14:29:46","modified_gmt":"2022-07-14T14:29:46","slug":"por-lluvias-en-la-zona-autoridad-laboral-realiza-llamado-a-resguardar-la-seguridad-de-los-trabajadores","status":"publish","type":"post","link":"https:\/\/www.radiolimari.cl\/?p=7671","title":{"rendered":"Por lluvias en la zona: Autoridad laboral realiza llamado a resguardar la Seguridad de los trabajadores"},"content":{"rendered":"<p><a href=\"https:\/\/www.radiolimari.cl\/wp-content\/uploads\/2022\/07\/14.7-trabajo-lluvias.jpg\"><img fetchpriority=\"high\" decoding=\"async\" class=\"alignnone size-medium wp-image-7672\" src=\"https:\/\/www.radiolimari.cl\/wp-content\/uploads\/2022\/07\/14.7-trabajo-lluvias-300x225.jpg\" alt=\"14.7 trabajo lluvias\" width=\"300\" height=\"225\" srcset=\"https:\/\/www.radiolimari.cl\/wp-content\/uploads\/2022\/07\/14.7-trabajo-lluvias-300x225.jpg 300w, https:\/\/www.radiolimari.cl\/wp-content\/uploads\/2022\/07\/14.7-trabajo-lluvias.jpg 1024w\" sizes=\"(max-width: 300px) 100vw, 300px\" \/><\/a><\/p>\n<p>Debido a las intensas precipitaciones que se registran en la regi\u00f3n de Coquimbo, la Seremi del Trabajo, Claudia Santander, enfatiz\u00f3 en que los empleadores respeten la normativa laboral y resguardar la salud y seguridad de los trabajadores y evitar que se expongan a peligros.<!--more--><\/p>\n<p>En este sentido la autoridad laboral explic\u00f3 que \u201ces deber de los empleadores proporcionar los elementos de protecci\u00f3n personal a los trabajadores y trabajadoras entregando las condiciones necesarias para la realizaci\u00f3n de sus funciones. Especialmente en estas jornadas de lluvias aquellos trabajadores que prestan servicios a la intemperie se les debe proporcionar elementos impermeables, antideslizantes y de protecci\u00f3n para la lluvia, entre otros\u201d.<\/p>\n<p>La seremi del Trabajo tambi\u00e9n realiz\u00f3 un llamado a los empleadores a ser flexibles ante posibles retrasos en los traslados de los trabajadores a sus lugares de trabajo.<\/p>\n<p>\u201cConsiderando que algunas v\u00edas podr\u00edan estar con dificultades por las lluvias o que la locomoci\u00f3n colectiva tenga retrasos en sus recorridos, es que hacemos un llamado a los empleadores a ser emp\u00e1ticos y comprensivos con los horarios de entrada y salida de los trabajadores. Por lo que instamos a los empleadores a no aplicar sanciones ni tampoco descuentos, pues se trata de situaciones excepcionales que eventualmente podr\u00edan ser causal de caso fortuito\u201d, manifest\u00f3 la autoridad.<\/p>\n<p>El art\u00edculo 184 del C\u00f3digo del Trabajo se\u00f1ala que el empleador estar\u00e1 obligado a tomar todas las medidas necesarias para proteger eficazmente la vida y salud de los trabajadores, informando de los posibles riesgos y manteniendo las condiciones adecuadas de higiene y seguridad en las faenas, como tambi\u00e9n los implementos necesarios para prevenir accidentes y enfermedades profesionales<\/p>\n","protected":false},"excerpt":{"rendered":"<p>Debido a las intensas precipitaciones que se registran en la regi\u00f3n de Coquimbo, la Seremi del Trabajo, Claudia Santander, enfatiz\u00f3 en que los empleadores respeten la normativa laboral y resguardar la salud y seguridad de los trabajadores y evitar que se expongan a peligros.<\/p>\n","protected":false},"author":2,"featured_media":7672,"comment_status":"open","ping_status":"open","sticky":false,"template":"","format":"standard","meta":{"footnotes":""},"categories":[6],"tags":[],"class_list":["post-7671","post","type-post","status-publish","format-standard","has-post-thumbnail","hentry","category-regionales"],"_links":{"self":[{"href":"https:\/\/www.radiolimari.cl\/index.php?rest_route=\/wp\/v2\/posts\/7671","targetHints":{"allow":["GET"]}}],"collection":[{"href":"https:\/\/www.radiolimari.cl\/index.php?rest_route=\/wp\/v2\/posts"}],"about":[{"href":"https:\/\/www.radiolimari.cl\/index.php?rest_route=\/wp\/v2\/types\/post"}],"author":[{"embeddable":true,"href":"https:\/\/www.radiolimari.cl\/index.php?rest_route=\/wp\/v2\/users\/2"}],"replies":[{"embeddable":true,"href":"https:\/\/www.radiolimari.cl\/index.php?rest_route=%2Fwp%2Fv2%2Fcomments&post=7671"}],"version-history":[{"count":1,"href":"https:\/\/www.radiolimari.cl\/index.php?rest_route=\/wp\/v2\/posts\/7671\/revisions"}],"predecessor-version":[{"id":7673,"href":"https:\/\/www.radiolimari.cl\/index.php?rest_route=\/wp\/v2\/posts\/7671\/revisions\/7673"}],"wp:featuredmedia":[{"embeddable":true,"href":"https:\/\/www.radiolimari.cl\/index.php?rest_route=\/wp\/v2\/media\/7672"}],"wp:attachment":[{"href":"https:\/\/www.radiolimari.cl\/index.php?rest_route=%2Fwp%2Fv2%2Fmedia&parent=7671"}],"wp:term":[{"taxonomy":"category","embeddable":true,"href":"https:\/\/www.radiolimari.cl\/index.php?rest_route=%2Fwp%2Fv2%2Fcategories&post=7671"},{"taxonomy":"post_tag","embeddable":true,"href":"https:\/\/www.radiolimari.cl\/index.php?rest_route=%2Fwp%2Fv2%2Ftags&post=7671"}],"curies":[{"name":"wp","href":"https:\/\/api.w.org\/{rel}","templated":true}]}}