{"id":7665,"date":"2022-07-11T23:31:06","date_gmt":"2022-07-11T23:31:06","guid":{"rendered":"http:\/\/www.radiolimari.cl\/?p=7665"},"modified":"2022-07-11T23:31:06","modified_gmt":"2022-07-11T23:31:06","slug":"constructora-san-jose-s-a-sera-la-encargada-de-construir-el-nuevo-edificio-del-municipio-de-ovalle","status":"publish","type":"post","link":"https:\/\/www.radiolimari.cl\/?p=7665","title":{"rendered":"Constructora San Jos\u00e9 S.A ser\u00e1 la encargada de construir el nuevo Edificio del Municipio de Ovalle"},"content":{"rendered":"<p><a href=\"https:\/\/www.radiolimari.cl\/wp-content\/uploads\/2022\/07\/11.7-Edificio-Consistorial-de-Ovalle-1.png\"><img fetchpriority=\"high\" decoding=\"async\" class=\"alignnone size-medium wp-image-7666\" src=\"https:\/\/www.radiolimari.cl\/wp-content\/uploads\/2022\/07\/11.7-Edificio-Consistorial-de-Ovalle-1-300x168.png\" alt=\"11.7 Edificio Consistorial de Ovalle (1)\" width=\"300\" height=\"168\" srcset=\"https:\/\/www.radiolimari.cl\/wp-content\/uploads\/2022\/07\/11.7-Edificio-Consistorial-de-Ovalle-1-300x168.png 300w, https:\/\/www.radiolimari.cl\/wp-content\/uploads\/2022\/07\/11.7-Edificio-Consistorial-de-Ovalle-1-1024x576.png 1024w, https:\/\/www.radiolimari.cl\/wp-content\/uploads\/2022\/07\/11.7-Edificio-Consistorial-de-Ovalle-1.png 1920w\" sizes=\"(max-width: 300px) 100vw, 300px\" \/><\/a><br \/>\n<strong><em>Esta empresa tendr\u00e1 la responsabilidad de materializar uno de los proyectos m\u00e1s emblem\u00e1ticos de la comuna de Ovalle, luego de adjudicarse los trabajos f\u00edsicos, tras un proceso de licitaci\u00f3n p\u00fablica que realiz\u00f3 el municipio local<\/em><\/strong><!--more--><\/p>\n<p>Tras un proceso de licitaci\u00f3n la empresa Constructora San Jos\u00e9 S.A ser\u00e1 la encargada de materializar el proyecto del nuevo edificio consistorial de Ovalle. As\u00ed se dio a conocer en una sesi\u00f3n extraordinaria del Concejo Municipal, donde se dieron detalles de la iniciativa, los plazos de ejecuci\u00f3n y la distribuci\u00f3n de la nueva construcci\u00f3n, que tendr\u00e1n un costo total de 21.500 millones de pesos financiados en conjunto por el Gobierno Regional y la Subsecretar\u00eda de Desarrollo Regional (SUBDERE).<\/p>\n<p>Los profesionales de la Secretar\u00eda Comunal de Planificaci\u00f3n (SECPLAN) expusieron al cuerpo colegiado, sobre la elecci\u00f3n de la empresa constructora y los puntajes obtenidos para adjudicarse este megaproyecto, tras el an\u00e1lisis de la comisi\u00f3n designada.<\/p>\n<p>La iniciativa y la pr\u00f3xima adjudicaci\u00f3n de los trabajos, se someti\u00f3 a votaci\u00f3n del Concejo Municipal, la cual logr\u00f3 la aprobaci\u00f3n de los concejales Cristian Rojas, Fanny Vega, Ricardo Rojas, Blas Araya, Carlos Ramos, Nicol\u00e1s Aguirre y Jonathan Acu\u00f1a y del alcalde Claudio Renter\u00eda, pero fue rechazada por el concejal Gerald Castillo, quien indic\u00f3, durante la transmisi\u00f3n de Facebook del Concejo Municipal,\u00a0que \u201cexiste un solo oferente que est\u00e1 licitando y como ha sido nuestra doctrina en estas materias en este caso, como opini\u00f3n m\u00eda, se rechaza esta licitaci\u00f3n, ya que estimamos que no existiendo una licitaci\u00f3n competitiva es imposible para que el municipio pueda asegurar que esta es la oferta m\u00e1s conveniente al inter\u00e9s p\u00fablico envuelto en este caso\u201d.<\/p>\n<p>Al respecto, el alcalde de Ovalle, Claudio Renter\u00eda sostuvo que \u201cla concreci\u00f3n de esta obra es fruto del trabajo realizado por nuestros equipos de profesionales del municipio durante un periodo de 5 o 6 a\u00f1os, donde se vivi\u00f3 un proceso arduo, salvando cada una de las observaciones que se realizaron en su momento. Adem\u00e1s, me siento feliz porque se ha desarrollado un proceso impecable y bajo la normativa vigente. Agradezco el apoyo del Gobierno Regional, de la gobernadora Krist Naranjo y la Subsecretar\u00eda de Desarrollo Regional, porque esta obra ser\u00e1 muy importante tanto para los usuarios, que dejar\u00e1n de recorrer grandes distancias para hacer sus tr\u00e1mites y por supuesto para nuestros funcionarios y funcionarias municipales, que contar\u00e1n con locaciones acordes para el desarrollo de su trabajo\u201d.<\/p>\n<p>Tras la presentaci\u00f3n de los profesionales de Secplan y la aprobaci\u00f3n por mayor\u00eda del Concejo Municipal, se iniciar\u00e1 la tramitaci\u00f3n del proceso de adjudicaci\u00f3n, para que en el breve plazo, se le entreguen los terrenos a la empresa constructora e inicie las labores de movimiento de tierras y cada una de las edificaciones.<\/p>\n<p>Los trabajos consisten en el mejoramiento y restauraci\u00f3n del actual edificio consistorial, del departamento de Educaci\u00f3n Municipal y la Direcci\u00f3n de Obras Municipales. La superficie total de intervenci\u00f3n ser\u00e1 de 14.134,4 metros cuadrados, la construcci\u00f3n de nuevos edificios alcanza una intervenci\u00f3n de 12.231,66 metros cuadrados, el mejoramiento del edificio municipal un total de 1.253 metros cuadrados y el mejoramiento Ex Escuela N\u00b02 equivale a 649,74 metros cuadrados, a lo que se suma un \u00e1rea de 78 estacionamiento en una planta subterr\u00e1nea con ingreso por calle Libertad.<\/p>\n<p>Durante el mes de julio, se desarrollar\u00e1 el traslado de los funcionarios municipales a las dependencias del ex Hospital Antonio Tirado Lanas y se espera que entre los meses de agosto y septiembre la empresa San Jos\u00e9 tome posesi\u00f3n de los terrenos, donde actualmente se encuentra el municipio de Ovalle.<\/p>\n","protected":false},"excerpt":{"rendered":"<p>Esta empresa tendr\u00e1 la responsabilidad de materializar uno de los proyectos m\u00e1s emblem\u00e1ticos de la comuna de Ovalle, luego de adjudicarse los trabajos f\u00edsicos, tras un proceso de licitaci\u00f3n p\u00fablica que realiz\u00f3 el municipio local<\/p>\n","protected":false},"author":2,"featured_media":7666,"comment_status":"open","ping_status":"open","sticky":false,"template":"","format":"standard","meta":{"footnotes":""},"categories":[5],"tags":[],"class_list":["post-7665","post","type-post","status-publish","format-standard","has-post-thumbnail","hentry","category-actualidad-limarina"],"_links":{"self":[{"href":"https:\/\/www.radiolimari.cl\/index.php?rest_route=\/wp\/v2\/posts\/7665","targetHints":{"allow":["GET"]}}],"collection":[{"href":"https:\/\/www.radiolimari.cl\/index.php?rest_route=\/wp\/v2\/posts"}],"about":[{"href":"https:\/\/www.radiolimari.cl\/index.php?rest_route=\/wp\/v2\/types\/post"}],"author":[{"embeddable":true,"href":"https:\/\/www.radiolimari.cl\/index.php?rest_route=\/wp\/v2\/users\/2"}],"replies":[{"embeddable":true,"href":"https:\/\/www.radiolimari.cl\/index.php?rest_route=%2Fwp%2Fv2%2Fcomments&post=7665"}],"version-history":[{"count":1,"href":"https:\/\/www.radiolimari.cl\/index.php?rest_route=\/wp\/v2\/posts\/7665\/revisions"}],"predecessor-version":[{"id":7667,"href":"https:\/\/www.radiolimari.cl\/index.php?rest_route=\/wp\/v2\/posts\/7665\/revisions\/7667"}],"wp:featuredmedia":[{"embeddable":true,"href":"https:\/\/www.radiolimari.cl\/index.php?rest_route=\/wp\/v2\/media\/7666"}],"wp:attachment":[{"href":"https:\/\/www.radiolimari.cl\/index.php?rest_route=%2Fwp%2Fv2%2Fmedia&parent=7665"}],"wp:term":[{"taxonomy":"category","embeddable":true,"href":"https:\/\/www.radiolimari.cl\/index.php?rest_route=%2Fwp%2Fv2%2Fcategories&post=7665"},{"taxonomy":"post_tag","embeddable":true,"href":"https:\/\/www.radiolimari.cl\/index.php?rest_route=%2Fwp%2Fv2%2Ftags&post=7665"}],"curies":[{"name":"wp","href":"https:\/\/api.w.org\/{rel}","templated":true}]}}