{"id":7660,"date":"2022-07-11T23:10:23","date_gmt":"2022-07-11T23:10:23","guid":{"rendered":"http:\/\/www.radiolimari.cl\/?p=7660"},"modified":"2022-07-11T23:10:23","modified_gmt":"2022-07-11T23:10:23","slug":"sea-declara-admisible-con-calificacion-de-urgencia-el-proyecto-de-desaladora-que-aguas-del-valle-desarrolla-para-la-region-de-coquimbo","status":"publish","type":"post","link":"https:\/\/www.radiolimari.cl\/?p=7660","title":{"rendered":"SEA declara admisible con calificaci\u00f3n de urgencia el proyecto de desaladora que Aguas del Valle desarrolla para la Regi\u00f3n de Coquimbo"},"content":{"rendered":"<p><a href=\"https:\/\/www.radiolimari.cl\/wp-content\/uploads\/2022\/07\/11.7-Sector-Panul-Coquimbo.jpeg\"><img fetchpriority=\"high\" decoding=\"async\" class=\"alignnone size-medium wp-image-7661\" src=\"https:\/\/www.radiolimari.cl\/wp-content\/uploads\/2022\/07\/11.7-Sector-Panul-Coquimbo-300x168.jpeg\" alt=\"11.7 Sector Panul - Coquimbo\" width=\"300\" height=\"168\" srcset=\"https:\/\/www.radiolimari.cl\/wp-content\/uploads\/2022\/07\/11.7-Sector-Panul-Coquimbo-300x168.jpeg 300w, https:\/\/www.radiolimari.cl\/wp-content\/uploads\/2022\/07\/11.7-Sector-Panul-Coquimbo-1024x574.jpeg 1024w, https:\/\/www.radiolimari.cl\/wp-content\/uploads\/2022\/07\/11.7-Sector-Panul-Coquimbo.jpeg 1280w\" sizes=\"(max-width: 300px) 100vw, 300px\" \/><\/a><\/p>\n<p>De esta manera, se inicia la tramitaci\u00f3n ambiental de proyecto, clave para asegurar el consumo humano en los pr\u00f3ximos a\u00f1os. Con esta determinaci\u00f3n el plazo de evaluaci\u00f3n se reduce a la mitad.<!--more--><\/p>\n<p>El Servicio de Evaluaci\u00f3n Ambiental (SEA) dio luz verde al inicio de la tramitaci\u00f3n ambiental del proyecto de desaladora que Aguas del Valle desarrolla para Coquimbo y, adem\u00e1s, aprob\u00f3 la calificaci\u00f3n de urgencia para la iniciativa.<\/p>\n<p>\u201cEs una gran noticia para la comunidad, seguimos avanzando con este proyecto, clave para asegurar el suministro de agua potable para consumo humano en la zona en los pr\u00f3ximos a\u00f1os. Con la calificaci\u00f3n de urgencia los plazos de evaluaci\u00f3n se reducen a la mitad\u201d, dijo el gerente de Aguas del Valle, Andr\u00e9s Nazer.<\/p>\n<p>Ahora comenzar\u00e1 el proceso de evaluaci\u00f3n formal, que recoger\u00e1 el pronunciamiento de todos los organismos sectoriales y de la comunidad, a trav\u00e9s del proceso de participaci\u00f3n ciudadana. Luego, Aguas del Valle deber\u00e1 abordar las consultas, entregando informaci\u00f3n complementaria para que el servicio pueda emitir la Resoluci\u00f3n de Calificaci\u00f3n Ambiental, que es el permiso que se requiere para iniciar el proyecto y su posterior operaci\u00f3n.<\/p>\n<p>El inicio de la construcci\u00f3n de la desaladora estar\u00e1 sujeto a la evaluaci\u00f3n de la condici\u00f3n h\u00eddrica y se estima un plazo de dos a tres a\u00f1os de construcci\u00f3n desde su aprobaci\u00f3n, considerando la conducci\u00f3n de agua potable hasta Coquimbo. \u201cEstimamos que, de no presentarse mayores inconvenientes, y una vez acordada la f\u00f3rmula de financiaci\u00f3n del proyecto, podr\u00eda iniciarse su construcci\u00f3n y posterior puesta en marcha a principios de 2026\u201d, detall\u00f3 Nazer.<\/p>\n<p>El proyecto estar\u00e1 ubicado en el sector de El Panul, en la comuna de Coquimbo y en una primera etapa, permitir\u00e1 respaldar el consumo humano de agua potable para la conurbaci\u00f3n y luego, de ser requerido, para otras localidades de la regi\u00f3n.<\/p>\n<p>La planta est\u00e1 proyectada para utilizarse como complemento durante los per\u00edodos en que las fuentes de agua dulce no puedan abastecer la demanda de agua potable de la poblaci\u00f3n, produciendo -en su primera fase- entre 200 y 600 litros por segundo, para llegar hasta 1.200 litros por segundo en el futuro.<\/p>\n<p>&nbsp;<\/p>\n<p>&nbsp;<\/p>\n","protected":false},"excerpt":{"rendered":"<p>De esta manera, se inicia la tramitaci\u00f3n ambiental de proyecto, clave para asegurar el consumo humano en los pr\u00f3ximos a\u00f1os. Con esta determinaci\u00f3n el plazo de evaluaci\u00f3n se reduce a la mitad.<\/p>\n","protected":false},"author":2,"featured_media":7661,"comment_status":"open","ping_status":"open","sticky":false,"template":"","format":"standard","meta":{"footnotes":""},"categories":[3],"tags":[],"class_list":["post-7660","post","type-post","status-publish","format-standard","has-post-thumbnail","hentry","category-actualidad"],"_links":{"self":[{"href":"https:\/\/www.radiolimari.cl\/index.php?rest_route=\/wp\/v2\/posts\/7660","targetHints":{"allow":["GET"]}}],"collection":[{"href":"https:\/\/www.radiolimari.cl\/index.php?rest_route=\/wp\/v2\/posts"}],"about":[{"href":"https:\/\/www.radiolimari.cl\/index.php?rest_route=\/wp\/v2\/types\/post"}],"author":[{"embeddable":true,"href":"https:\/\/www.radiolimari.cl\/index.php?rest_route=\/wp\/v2\/users\/2"}],"replies":[{"embeddable":true,"href":"https:\/\/www.radiolimari.cl\/index.php?rest_route=%2Fwp%2Fv2%2Fcomments&post=7660"}],"version-history":[{"count":1,"href":"https:\/\/www.radiolimari.cl\/index.php?rest_route=\/wp\/v2\/posts\/7660\/revisions"}],"predecessor-version":[{"id":7662,"href":"https:\/\/www.radiolimari.cl\/index.php?rest_route=\/wp\/v2\/posts\/7660\/revisions\/7662"}],"wp:featuredmedia":[{"embeddable":true,"href":"https:\/\/www.radiolimari.cl\/index.php?rest_route=\/wp\/v2\/media\/7661"}],"wp:attachment":[{"href":"https:\/\/www.radiolimari.cl\/index.php?rest_route=%2Fwp%2Fv2%2Fmedia&parent=7660"}],"wp:term":[{"taxonomy":"category","embeddable":true,"href":"https:\/\/www.radiolimari.cl\/index.php?rest_route=%2Fwp%2Fv2%2Fcategories&post=7660"},{"taxonomy":"post_tag","embeddable":true,"href":"https:\/\/www.radiolimari.cl\/index.php?rest_route=%2Fwp%2Fv2%2Ftags&post=7660"}],"curies":[{"name":"wp","href":"https:\/\/api.w.org\/{rel}","templated":true}]}}