{"id":7640,"date":"2022-07-05T14:37:12","date_gmt":"2022-07-05T14:37:12","guid":{"rendered":"http:\/\/www.radiolimari.cl\/?p=7640"},"modified":"2022-07-05T14:37:12","modified_gmt":"2022-07-05T14:37:12","slug":"en-la-comuna-de-monte-patria-cesfam-de-caren-contara-con-nueva-infraestructura","status":"publish","type":"post","link":"https:\/\/www.radiolimari.cl\/?p=7640","title":{"rendered":"En la Comuna de Monte Patria CESFAM de Car\u00e9n contar\u00e1 con nueva infraestructura"},"content":{"rendered":"<p><a href=\"https:\/\/www.radiolimari.cl\/wp-content\/uploads\/2022\/07\/5.7-cesfam.jpg\"><img fetchpriority=\"high\" decoding=\"async\" class=\"alignnone size-medium wp-image-7641\" src=\"https:\/\/www.radiolimari.cl\/wp-content\/uploads\/2022\/07\/5.7-cesfam-300x225.jpg\" alt=\"5.7 cesfam\" width=\"300\" height=\"225\" srcset=\"https:\/\/www.radiolimari.cl\/wp-content\/uploads\/2022\/07\/5.7-cesfam-300x225.jpg 300w, https:\/\/www.radiolimari.cl\/wp-content\/uploads\/2022\/07\/5.7-cesfam-1024x768.jpg 1024w, https:\/\/www.radiolimari.cl\/wp-content\/uploads\/2022\/07\/5.7-cesfam.jpg 2048w\" sizes=\"(max-width: 300px) 100vw, 300px\" \/><\/a><\/p>\n<p><strong>Dentro de un mes se dar\u00e1 inicio a la ejecuci\u00f3n de las obras, las cuales se extender\u00e1n durante 480 d\u00edas<\/strong><!--more--><\/p>\n<p>Un anhelado proyecto para la comuna de Monte Patria es la construcci\u00f3n de un nuevo edificio para el CESFAM de la localidad de Car\u00e9n, cuyos habitantes durante a\u00f1os han asistido a un recinto que no cuenta con las condiciones m\u00ednimas para entregar una atenci\u00f3n de calidad.<\/p>\n<p>En este sentido, tras diversas gestiones de la Municipalidad de Monte Patria, fue aprobado un suplemento del Fondo Nacional de Desarrollo Regional (FNDR) alcanzando la suma total de M$7.447.919. Sin embargo, los tr\u00e1mites se encontraban paralizados y el pasado viernes logr\u00f3 finalizarse el proceso de adjudicaci\u00f3n lo cual permitir\u00e1 llevar a cabo la construcci\u00f3n de esta nueva obra.<\/p>\n<p>1.942 m2 tendr\u00e1 esta nueva infraestructura que albergar\u00e1 a los m\u00e1s de 5 mil usuarios de este centro de salud familiar, el cual contempla \u00e1reas de atenci\u00f3n cl\u00ednica con salas de espera, box multiprop\u00f3sito, box, dental, box, psicol\u00f3gico, box ginecol\u00f3gico; vacunatorio; servicio de urgencias con sala de espera y box de reanimaci\u00f3n; adem\u00e1s de unidad de farmacia, unidad de programas de alimentaci\u00f3n, esterilizaci\u00f3n, entre otros espacios.<\/p>\n<p>Para el director del CESFAM de Car\u00e9n, Mauricio Vargas Rojas, indic\u00f3 que \u201clamentablemente el actual consultorio no cuenta con las condiciones para tener a todos los funcionarios trabajando en las condiciones m\u00ednimas, m\u00e1s aun considerando la pandemia por temas de aforo en los lugares de atenci\u00f3n. Afortunadamente el proyecto ya fue aprobado, lo que nos da una luz de esperanza en el sentido de que vamos a tener algo m\u00e1s amplio\u201d.<\/p>\n<p>El alcalde, Cristian Herrera Pe\u00f1a, recorri\u00f3 el terreno donde se construir\u00e1 pr\u00f3ximamente el recinto, donde se\u00f1al\u00f3 que \u201cesto nos tiene muy contentos, porque es una obra largamente esperada en la localidad de Car\u00e9n. Es una buena noticia, porque efectivamente es una infraestructura que se necesita, una infraestructura de primer nivel y esperamos ver ya las maquinarias en este terreno que comenzar\u00e1n a levantar esta tremenda obra que permitir\u00e1 entregar atenci\u00f3n con dignidad a quienes se atiendan en el CESFAM de Car\u00e9n\u201d.<\/p>\n<p>Cabe destacar que mientras se concreta esta obra, la Municipalidad de Monte Patria se encuentra trabajando en la mejora del actual consultorio a fin de tener mayores espacios tanto para los funcionarios como para los usuarios del lugar; tomando en cuenta que en estos momentos el proyecto del nuevo CESFAM se encuentra en tr\u00e1mites administrativos y la ejecuci\u00f3n de las obras comenzar\u00e1 en un mes, las cuales se extender\u00e1n por 480 d\u00edas.<\/p>\n","protected":false},"excerpt":{"rendered":"<p>Dentro de un mes se dar\u00e1 inicio a la ejecuci\u00f3n de las obras, las cuales se extender\u00e1n durante 480 d\u00edas<\/p>\n","protected":false},"author":2,"featured_media":7641,"comment_status":"open","ping_status":"open","sticky":false,"template":"","format":"standard","meta":{"footnotes":""},"categories":[5],"tags":[],"class_list":["post-7640","post","type-post","status-publish","format-standard","has-post-thumbnail","hentry","category-actualidad-limarina"],"_links":{"self":[{"href":"https:\/\/www.radiolimari.cl\/index.php?rest_route=\/wp\/v2\/posts\/7640","targetHints":{"allow":["GET"]}}],"collection":[{"href":"https:\/\/www.radiolimari.cl\/index.php?rest_route=\/wp\/v2\/posts"}],"about":[{"href":"https:\/\/www.radiolimari.cl\/index.php?rest_route=\/wp\/v2\/types\/post"}],"author":[{"embeddable":true,"href":"https:\/\/www.radiolimari.cl\/index.php?rest_route=\/wp\/v2\/users\/2"}],"replies":[{"embeddable":true,"href":"https:\/\/www.radiolimari.cl\/index.php?rest_route=%2Fwp%2Fv2%2Fcomments&post=7640"}],"version-history":[{"count":1,"href":"https:\/\/www.radiolimari.cl\/index.php?rest_route=\/wp\/v2\/posts\/7640\/revisions"}],"predecessor-version":[{"id":7642,"href":"https:\/\/www.radiolimari.cl\/index.php?rest_route=\/wp\/v2\/posts\/7640\/revisions\/7642"}],"wp:featuredmedia":[{"embeddable":true,"href":"https:\/\/www.radiolimari.cl\/index.php?rest_route=\/wp\/v2\/media\/7641"}],"wp:attachment":[{"href":"https:\/\/www.radiolimari.cl\/index.php?rest_route=%2Fwp%2Fv2%2Fmedia&parent=7640"}],"wp:term":[{"taxonomy":"category","embeddable":true,"href":"https:\/\/www.radiolimari.cl\/index.php?rest_route=%2Fwp%2Fv2%2Fcategories&post=7640"},{"taxonomy":"post_tag","embeddable":true,"href":"https:\/\/www.radiolimari.cl\/index.php?rest_route=%2Fwp%2Fv2%2Ftags&post=7640"}],"curies":[{"name":"wp","href":"https:\/\/api.w.org\/{rel}","templated":true}]}}