{"id":7619,"date":"2022-07-04T14:54:59","date_gmt":"2022-07-04T14:54:59","guid":{"rendered":"http:\/\/www.radiolimari.cl\/?p=7619"},"modified":"2022-07-04T14:54:59","modified_gmt":"2022-07-04T14:54:59","slug":"comuna-de-ovalle-abren-fondo-concursable-para-la-comunidad-de-la-cebada","status":"publish","type":"post","link":"https:\/\/www.radiolimari.cl\/?p=7619","title":{"rendered":"Comuna de Ovalle: Abren fondo concursable para la comunidad de La Cebada"},"content":{"rendered":"<p><a href=\"https:\/\/www.radiolimari.cl\/wp-content\/uploads\/2022\/07\/4.7-Fondo-Concursable-Los-Cururos.jpg\"><img fetchpriority=\"high\" decoding=\"async\" class=\"alignnone size-medium wp-image-7620\" src=\"https:\/\/www.radiolimari.cl\/wp-content\/uploads\/2022\/07\/4.7-Fondo-Concursable-Los-Cururos-300x225.jpg\" alt=\"4.7 Fondo Concursable Los Cururos\" width=\"300\" height=\"225\" srcset=\"https:\/\/www.radiolimari.cl\/wp-content\/uploads\/2022\/07\/4.7-Fondo-Concursable-Los-Cururos-300x225.jpg 300w, https:\/\/www.radiolimari.cl\/wp-content\/uploads\/2022\/07\/4.7-Fondo-Concursable-Los-Cururos-1024x768.jpg 1024w\" sizes=\"(max-width: 300px) 100vw, 300px\" \/><\/a><\/p>\n<p><strong><em>Estos recursos ser\u00e1n puestos a disposici\u00f3n por parte del Parque E\u00f3lico Los Cururos y ser\u00e1 trabajado en conjunto con el municipio de Ovalle, a trav\u00e9s del Departamento de Fomento Productivo y Turismo y la comunidad agr\u00edcola La Cebada. A este financiamiento podr\u00e1n postular las organizaciones sociales y tambi\u00e9n quienes tengan alg\u00fan tipo de emprendimiento. <\/em><\/strong><!--more--><\/p>\n<p>Con el prop\u00f3sito de apoyar a las organizaciones sociales y emprendedores de la comunidad agr\u00edcola La Cebada, el Parque E\u00f3lico Los Cururos est\u00e1 trabajando con el municipio de Ovalle, a trav\u00e9s del Departamento de Fomento de Productivo y Turismo, en la apertura de un fondo concursable que destinar\u00e1 recursos para el bienestar de las familias residentes.<\/p>\n<p>El alcalde Claudio Renter\u00eda se reuni\u00f3 con profesionales de dicha empresa e integrantes de la comunidad de La Cebada. Durante la jornada se aprobaron las bases de postulaci\u00f3n del convenio que est\u00e1 dirigido a las organizaciones sociales, para que puedan concretar distintas iniciativas comunitarias. Adem\u00e1s considera un \u00e1rea de financiamiento que apunta a ayudar a distintos tipos de emprendimiento. El fondo concursable contempla un monto m\u00e1ximo de 15 millones de pesos y el fondo para el emprendimiento contar\u00e1 con recursos que alcanzan los 5 millones de pesos.<\/p>\n<p>La jefa de desarrollo comunitario del Parque E\u00f3lico Los Cururos, Judith Fern\u00e1ndez indic\u00f3 que con esta apertura de bases \u201cse abre un proceso de participaci\u00f3n con los distintos vecinos de la comunidad de La Cebada para poder desarrollar proyectos que vayan en su beneficio y nos sentimos muy orgullosos por eso\u201d.<\/p>\n<p>Al respecto, el presidente de la comunidad agr\u00edcola de La Cebada, Arturo Hidalgo sostuvo que \u201cde parte de la poblaci\u00f3n se recibe bien porque es algo que estaba pendiente y estamos muy cerca de concretarlo con la empresa e\u00f3lica, que se encuentra desde el a\u00f1o 2014 en la zona, y esperamos que ahora nos resulte todo lo que estamos trabajando\u201d.<\/p>\n<p>El alcalde de Ovalle, Claudio Renter\u00eda sostuvo que \u201cestamos contentos con la iniciativa que est\u00e1 realizando la empresa privada, porque le da la posibilidad a los vecinos de postular a financiamiento, a trav\u00e9s de un proyecto, y de esta forma mejorar su calidad de vida. Valoro mucho el hecho de que estos recursos se dividan en dos l\u00edneas, una para las organizaciones sociales y otra para que quienes tienen un emprendimiento\u201d.<\/p>\n<p>&nbsp;<\/p>\n","protected":false},"excerpt":{"rendered":"<p>Estos recursos ser\u00e1n puestos a disposici\u00f3n por parte del Parque E\u00f3lico Los Cururos y ser\u00e1 trabajado en conjunto con el municipio de Ovalle, a trav\u00e9s del Departamento de Fomento Productivo y Turismo y la comunidad agr\u00edcola La Cebada. A este financiamiento podr\u00e1n postular las organizaciones sociales y tambi\u00e9n quienes tengan alg\u00fan tipo de emprendimiento.<\/p>\n","protected":false},"author":2,"featured_media":7620,"comment_status":"open","ping_status":"open","sticky":false,"template":"","format":"standard","meta":{"footnotes":""},"categories":[5],"tags":[],"class_list":["post-7619","post","type-post","status-publish","format-standard","has-post-thumbnail","hentry","category-actualidad-limarina"],"_links":{"self":[{"href":"https:\/\/www.radiolimari.cl\/index.php?rest_route=\/wp\/v2\/posts\/7619","targetHints":{"allow":["GET"]}}],"collection":[{"href":"https:\/\/www.radiolimari.cl\/index.php?rest_route=\/wp\/v2\/posts"}],"about":[{"href":"https:\/\/www.radiolimari.cl\/index.php?rest_route=\/wp\/v2\/types\/post"}],"author":[{"embeddable":true,"href":"https:\/\/www.radiolimari.cl\/index.php?rest_route=\/wp\/v2\/users\/2"}],"replies":[{"embeddable":true,"href":"https:\/\/www.radiolimari.cl\/index.php?rest_route=%2Fwp%2Fv2%2Fcomments&post=7619"}],"version-history":[{"count":1,"href":"https:\/\/www.radiolimari.cl\/index.php?rest_route=\/wp\/v2\/posts\/7619\/revisions"}],"predecessor-version":[{"id":7621,"href":"https:\/\/www.radiolimari.cl\/index.php?rest_route=\/wp\/v2\/posts\/7619\/revisions\/7621"}],"wp:featuredmedia":[{"embeddable":true,"href":"https:\/\/www.radiolimari.cl\/index.php?rest_route=\/wp\/v2\/media\/7620"}],"wp:attachment":[{"href":"https:\/\/www.radiolimari.cl\/index.php?rest_route=%2Fwp%2Fv2%2Fmedia&parent=7619"}],"wp:term":[{"taxonomy":"category","embeddable":true,"href":"https:\/\/www.radiolimari.cl\/index.php?rest_route=%2Fwp%2Fv2%2Fcategories&post=7619"},{"taxonomy":"post_tag","embeddable":true,"href":"https:\/\/www.radiolimari.cl\/index.php?rest_route=%2Fwp%2Fv2%2Ftags&post=7619"}],"curies":[{"name":"wp","href":"https:\/\/api.w.org\/{rel}","templated":true}]}}