{"id":7616,"date":"2022-07-04T14:42:06","date_gmt":"2022-07-04T14:42:06","guid":{"rendered":"http:\/\/www.radiolimari.cl\/?p=7616"},"modified":"2022-07-04T14:42:06","modified_gmt":"2022-07-04T14:42:06","slug":"delegacion-presidencial-de-choapa-refuerza-trabajo-colaborativo-con-bomberos-de-la-zona","status":"publish","type":"post","link":"https:\/\/www.radiolimari.cl\/?p=7616","title":{"rendered":"Delegaci\u00f3n Presidencial de Choapa refuerza trabajo colaborativo con Bomberos de la zona"},"content":{"rendered":"<p><a href=\"https:\/\/www.radiolimari.cl\/wp-content\/uploads\/2022\/07\/4.7-illapel-BOMBEROS-FOTO-04.jpg\"><img fetchpriority=\"high\" decoding=\"async\" class=\"alignnone size-medium wp-image-7617\" src=\"https:\/\/www.radiolimari.cl\/wp-content\/uploads\/2022\/07\/4.7-illapel-BOMBEROS-FOTO-04-300x225.jpg\" alt=\"4.7 illapel BOMBEROS FOTO 04\" width=\"300\" height=\"225\" srcset=\"https:\/\/www.radiolimari.cl\/wp-content\/uploads\/2022\/07\/4.7-illapel-BOMBEROS-FOTO-04-300x225.jpg 300w, https:\/\/www.radiolimari.cl\/wp-content\/uploads\/2022\/07\/4.7-illapel-BOMBEROS-FOTO-04-1024x768.jpg 1024w, https:\/\/www.radiolimari.cl\/wp-content\/uploads\/2022\/07\/4.7-illapel-BOMBEROS-FOTO-04.jpg 2048w\" sizes=\"(max-width: 300px) 100vw, 300px\" \/><\/a><\/p>\n<p><strong><em>En el marco de la celebraci\u00f3n del \u201cD\u00eda Nacional del Bombero\u201d, la Delegada Presidencial Provincial, Nataly Carvajal, destac\u00f3 la enorme labor de los caballeros del fuego, reafirmando la necesidad de retomar en el corto y mediano plazo, los compromisos pendientes con la instituci\u00f3n.<\/em><\/strong><!--more--><\/p>\n<p>En Plaza de armas de la comuna de Illapel, el Cuerpo de Bomberos de la capital provincial efectu\u00f3 el acto oficial del \u201cD\u00eda Nacional del Bombero\u201d, actividad que cont\u00f3 con la presencia del Cuerpo de Bomberos de Canela como invitados especiales y que adem\u00e1s, reconoci\u00f3 la labor de algunos voluntarios con 10, 15, 20 y m\u00e1s a\u00f1os prestando servicios a la instituci\u00f3n.<\/p>\n<p>La nota emotiva de la jornada la entreg\u00f3 la nieta del fundador del Cuerpo de Bomberos de Illapel, Mar\u00eda de los \u00c1ngeles Fern\u00e1ndez, quien aprovech\u00f3 la ocasi\u00f3n para contar parte de la historia de la fundaci\u00f3n del voluntariado local y regalar un cuadro pintado por su T\u00edo, Gast\u00f3n Fern\u00e1ndez, que por bastante tiempo guard\u00f3 su familia, al alto mando institucional.<\/p>\n<p>Al finalizar la ceremonia, el Superintendente de Bomberos de Illapel, Flaminio Maturana, destac\u00f3 la historia de bomberos de Chile, y el gran despliegue que desarrollan desde hace m\u00e1s de un siglo, <strong>\u201cSon 171 a\u00f1os de la historia que enmarca a bomberos de Chile, una historia que no ha sido f\u00e1cil mantener en el tiempo, como ustedes saben la labor de bomberos es voluntaria, y el tema econ\u00f3mico, adem\u00e1s de la pandemia que nos complic\u00f3 bastante, pero no nos quit\u00f3 la esencia, seguimos trabajando a trav\u00e9s de videos telem\u00e1ticos, siguen trabajando nuestros instructores y oficiales de las tres compa\u00f1\u00eda, arduamente que se enmarcan en temas ligados a la instituci\u00f3n\u201d<\/strong><\/p>\n<p>Mientras que Mar\u00eda de los \u00c1ngeles Fern\u00e1ndez, se refiri\u00f3 a la importancia que reviste para ella y su familia, la entrega de este cuadro a la instituci\u00f3n bomberil, <strong>\u201cFue una coincidencia realmente porque mi t\u00edo hab\u00eda pintado este cuadro para el cuerpo de bomberos y le tiene mucho cari\u00f1o por esto que les contaba, que mi abuelo, fund\u00f3 el primer cuerpo de bomberos y \u00e9l los tiene en el coraz\u00f3n, entonces pint\u00f3 este cuadro, y se le hab\u00eda hecho entrega a Don Sergio Bugue\u00f1o, y aprovechamos esta instancia para hacer la entrega oficial\u201d<\/strong><\/p>\n<p>Finalmente la Delegada Presidencial de Choapa, Nataly Carvajal resalt\u00f3 la jornada para reforzar el compromiso del Gobierno Provincial con los cuerpos de bomberos de la provincia \u00a0<strong>\u201cEstamos disponibles como Gobierno a trabajar con esta instituci\u00f3n, los Cuerpo de Bomberos de la zona, y en lo que a m\u00ed respecta, la Delegaci\u00f3n Presidencial de Choapa, trabajar de manera coordinada, colaborativa con las respectivas unidades de la provincia, un cari\u00f1osos saludo para ellos en su 171 a\u00f1os de aniversario, donde las encuestas no mienten, y ah\u00ed resaltamos que siempre han sido la instituci\u00f3n m\u00e1s valorada por los vecinos y vecinas, hist\u00f3ricamente\u201d<\/strong><\/p>\n<p>Seg\u00fan cuenta la historia, el Cuerpo de Bomberos de Illapel fue fundado por Don Jos\u00e9 Angel Fern\u00e1ndez Merino en 1936, quien fue adem\u00e1s el primer superintendente de la instituci\u00f3n, producto del siniestro que afect\u00f3 y \u00a0destruy\u00f3 totalmente la Iglesia Parroquial, arrasando con valiosas obras de incalculable valor art\u00edstico e hist\u00f3rico, y amenazando seriamente con una propagaci\u00f3n de terrible fuerza devastadora.<\/p>\n","protected":false},"excerpt":{"rendered":"<p>En el marco de la celebraci\u00f3n del \u201cD\u00eda Nacional del Bombero\u201d, la Delegada Presidencial Provincial, Nataly Carvajal, destac\u00f3 la enorme labor de los caballeros del fuego, reafirmando la necesidad de retomar en el corto y mediano plazo, los compromisos pendientes con la instituci\u00f3n.<\/p>\n","protected":false},"author":2,"featured_media":7617,"comment_status":"open","ping_status":"open","sticky":false,"template":"","format":"standard","meta":{"footnotes":""},"categories":[3],"tags":[],"class_list":["post-7616","post","type-post","status-publish","format-standard","has-post-thumbnail","hentry","category-actualidad"],"_links":{"self":[{"href":"https:\/\/www.radiolimari.cl\/index.php?rest_route=\/wp\/v2\/posts\/7616","targetHints":{"allow":["GET"]}}],"collection":[{"href":"https:\/\/www.radiolimari.cl\/index.php?rest_route=\/wp\/v2\/posts"}],"about":[{"href":"https:\/\/www.radiolimari.cl\/index.php?rest_route=\/wp\/v2\/types\/post"}],"author":[{"embeddable":true,"href":"https:\/\/www.radiolimari.cl\/index.php?rest_route=\/wp\/v2\/users\/2"}],"replies":[{"embeddable":true,"href":"https:\/\/www.radiolimari.cl\/index.php?rest_route=%2Fwp%2Fv2%2Fcomments&post=7616"}],"version-history":[{"count":1,"href":"https:\/\/www.radiolimari.cl\/index.php?rest_route=\/wp\/v2\/posts\/7616\/revisions"}],"predecessor-version":[{"id":7618,"href":"https:\/\/www.radiolimari.cl\/index.php?rest_route=\/wp\/v2\/posts\/7616\/revisions\/7618"}],"wp:featuredmedia":[{"embeddable":true,"href":"https:\/\/www.radiolimari.cl\/index.php?rest_route=\/wp\/v2\/media\/7617"}],"wp:attachment":[{"href":"https:\/\/www.radiolimari.cl\/index.php?rest_route=%2Fwp%2Fv2%2Fmedia&parent=7616"}],"wp:term":[{"taxonomy":"category","embeddable":true,"href":"https:\/\/www.radiolimari.cl\/index.php?rest_route=%2Fwp%2Fv2%2Fcategories&post=7616"},{"taxonomy":"post_tag","embeddable":true,"href":"https:\/\/www.radiolimari.cl\/index.php?rest_route=%2Fwp%2Fv2%2Ftags&post=7616"}],"curies":[{"name":"wp","href":"https:\/\/api.w.org\/{rel}","templated":true}]}}