{"id":7607,"date":"2022-07-01T17:43:26","date_gmt":"2022-07-01T17:43:26","guid":{"rendered":"http:\/\/www.radiolimari.cl\/?p=7607"},"modified":"2022-07-01T17:43:26","modified_gmt":"2022-07-01T17:43:26","slug":"en-rio-hurtado-captan-la-mejor-imagen-de-la-alineacion-de-planetas-destacada-por-la-nasa","status":"publish","type":"post","link":"https:\/\/www.radiolimari.cl\/?p=7607","title":{"rendered":"En R\u00edo Hurtado captan la mejor imagen de la alineaci\u00f3n de planetas, destacada por la NASA"},"content":{"rendered":"<div class=\"cxmmr5t8 oygrvhab hcukyx3x c1et5uql o9v6fnle ii04i59q\">\n<div dir=\"auto\"><a href=\"https:\/\/www.radiolimari.cl\/wp-content\/uploads\/2022\/07\/1.7-PlanetsfromChile__labelled_E-Schulz.jpg\"><img fetchpriority=\"high\" decoding=\"async\" class=\"alignnone size-medium wp-image-7608\" src=\"https:\/\/www.radiolimari.cl\/wp-content\/uploads\/2022\/07\/1.7-PlanetsfromChile__labelled_E-Schulz-220x300.jpg\" alt=\"1.7 PlanetsfromChile__labelled_E-Schulz\" width=\"220\" height=\"300\" srcset=\"https:\/\/www.radiolimari.cl\/wp-content\/uploads\/2022\/07\/1.7-PlanetsfromChile__labelled_E-Schulz-220x300.jpg 220w, https:\/\/www.radiolimari.cl\/wp-content\/uploads\/2022\/07\/1.7-PlanetsfromChile__labelled_E-Schulz.jpg 753w\" sizes=\"(max-width: 220px) 100vw, 220px\" \/><\/a><\/div>\n<div dir=\"auto\"><\/div>\n<div dir=\"auto\"><span style=\"color: #050505;\">La NASA en la Foto del D\u00eda, en esta oportunidad, destac\u00f3 la imagen capturada por Elke Schulz, astrofot\u00f3grafa radicada en R\u00edo Hurtado desde hace varios a\u00f1os.<\/span><\/div>\n<\/div>\n<p><!--more--><\/p>\n<p>Una fotograf\u00eda capturada desde el Observatorio Daniel Verchatse, ubicado en Vado de Morrillos, comuna de R\u00edo Hurtado, fue reconocida por la NASA como la \u00abImagen Astron\u00f3mica del D\u00eda\u00bb (APOD) del 17 de junio, una plataforma donde la agencia espacial estadounidense destaca las mejores im\u00e1genes del Cosmos.<\/p>\n<p>En esta oportunidad, se destac\u00f3 la imagen capturada por Elke Schulz, astrofot\u00f3grafa radicada en R\u00edo Hurtado desde hace varios a\u00f1os.<\/p>\n<div class=\"cxmmr5t8 oygrvhab hcukyx3x c1et5uql o9v6fnle ii04i59q\">\n<div dir=\"auto\"><\/div>\n<div dir=\"auto\">Ingresa a la informaci\u00f3n en la nasa en\u00a0<a class=\"oajrlxb2 g5ia77u1 qu0x051f esr5mh6w e9989ue4 r7d6kgcz rq0escxv nhd2j8a9 nc684nl6 p7hjln8o kvgmc6g5 cxmmr5t8 oygrvhab hcukyx3x jb3vyjys rz4wbd8a qt6c0cv9 a8nywdso i1ao9s8h esuyzwwr f1sip0of lzcic4wl gpro0wi8 py34i1dx\" style=\"color: var(--blue-link);\" tabindex=\"0\" href=\"https:\/\/l.facebook.com\/l.php?u=https%3A%2F%2Fapod.nasa.gov%2Fapod%2Fap220617.html%3Ffbclid%3DIwAR3Z1ut_ldhVAGrTUlYOPTa8Krf46pMSHaIHrXpXSKMEMbKHxqaAvnFE0Ko&amp;h=AT2jU2K2V8fOT9eweUgUmnGntcEY8l2YLKATTg0jIvhBK6M0r3FG7pjbMnhIwo5xWzl-IFeQ1FO4Ey0HbCypAwxc6giN_t2T6ApzL35lvQ2FaklZZYPA-MFh7RAZd7DXcw&amp;__tn__=-UK-R&amp;c[0]=AT3WBSA4Gu3JWomyxcjT3-iJIUdwFUGxi04Vr_9BfA9htgMnuqEvIcFDMI4QVhIyt96OKIFDZsa3JX5ecehORK0XEeHa1YqJ7NrE4SRGlieC1ve7hjCCF1NsAJUfJrQKmbHNQkUmA46Bnc6e5dJ2C8qDjEznIXvL72o8sEDLhMlMrrlbbBC-ISAsqdBH1nsJWlcCWhOCCqUBvw\" target=\"_blank\" rel=\"nofollow noopener\">https:\/\/apod.nasa.gov\/apod\/ap220617.html<\/a><\/div>\n<\/div>\n","protected":false},"excerpt":{"rendered":"<p>La NASA en la Foto del D\u00eda, en esta oportunidad, destac\u00f3 la imagen capturada por Elke Schulz, astrofot\u00f3grafa radicada en R\u00edo Hurtado desde hace varios a\u00f1os.<\/p>\n","protected":false},"author":2,"featured_media":7608,"comment_status":"open","ping_status":"open","sticky":false,"template":"","format":"standard","meta":{"footnotes":""},"categories":[3],"tags":[],"class_list":["post-7607","post","type-post","status-publish","format-standard","has-post-thumbnail","hentry","category-actualidad"],"_links":{"self":[{"href":"https:\/\/www.radiolimari.cl\/index.php?rest_route=\/wp\/v2\/posts\/7607","targetHints":{"allow":["GET"]}}],"collection":[{"href":"https:\/\/www.radiolimari.cl\/index.php?rest_route=\/wp\/v2\/posts"}],"about":[{"href":"https:\/\/www.radiolimari.cl\/index.php?rest_route=\/wp\/v2\/types\/post"}],"author":[{"embeddable":true,"href":"https:\/\/www.radiolimari.cl\/index.php?rest_route=\/wp\/v2\/users\/2"}],"replies":[{"embeddable":true,"href":"https:\/\/www.radiolimari.cl\/index.php?rest_route=%2Fwp%2Fv2%2Fcomments&post=7607"}],"version-history":[{"count":1,"href":"https:\/\/www.radiolimari.cl\/index.php?rest_route=\/wp\/v2\/posts\/7607\/revisions"}],"predecessor-version":[{"id":7609,"href":"https:\/\/www.radiolimari.cl\/index.php?rest_route=\/wp\/v2\/posts\/7607\/revisions\/7609"}],"wp:featuredmedia":[{"embeddable":true,"href":"https:\/\/www.radiolimari.cl\/index.php?rest_route=\/wp\/v2\/media\/7608"}],"wp:attachment":[{"href":"https:\/\/www.radiolimari.cl\/index.php?rest_route=%2Fwp%2Fv2%2Fmedia&parent=7607"}],"wp:term":[{"taxonomy":"category","embeddable":true,"href":"https:\/\/www.radiolimari.cl\/index.php?rest_route=%2Fwp%2Fv2%2Fcategories&post=7607"},{"taxonomy":"post_tag","embeddable":true,"href":"https:\/\/www.radiolimari.cl\/index.php?rest_route=%2Fwp%2Fv2%2Ftags&post=7607"}],"curies":[{"name":"wp","href":"https:\/\/api.w.org\/{rel}","templated":true}]}}