{"id":7604,"date":"2022-07-01T17:30:07","date_gmt":"2022-07-01T17:30:07","guid":{"rendered":"http:\/\/www.radiolimari.cl\/?p=7604"},"modified":"2022-07-01T17:30:07","modified_gmt":"2022-07-01T17:30:07","slug":"familias-de-ovalle-se-convierten-en-nuevas-embajadoras-de-la-eficiencia-energetica","status":"publish","type":"post","link":"https:\/\/www.radiolimari.cl\/?p=7604","title":{"rendered":"Familias de Ovalle se convierten en nuevas embajadoras de la eficiencia energ\u00e9tica"},"content":{"rendered":"<p><a href=\"https:\/\/www.radiolimari.cl\/wp-content\/uploads\/2022\/07\/1.7-energia-1.jpg\"><img decoding=\"async\" class=\"alignnone size-medium wp-image-7605\" src=\"https:\/\/www.radiolimari.cl\/wp-content\/uploads\/2022\/07\/1.7-energia-1-300x159.jpg\" alt=\"1.7 energia 1\" width=\"300\" height=\"159\" srcset=\"https:\/\/www.radiolimari.cl\/wp-content\/uploads\/2022\/07\/1.7-energia-1-300x160.jpg 300w, https:\/\/www.radiolimari.cl\/wp-content\/uploads\/2022\/07\/1.7-energia-1-1024x544.jpg 1024w, https:\/\/www.radiolimari.cl\/wp-content\/uploads\/2022\/07\/1.7-energia-1-620x330.jpg 620w\" sizes=\"(max-width: 300px) 100vw, 300px\" \/><\/a><\/p>\n<p><b style=\"color: #000000;\">Programa \u201cCon Buena Energ\u00eda\u201d favoreci\u00f3 a 60 personas de la capital de Limar\u00ed con una capacitaci\u00f3n y entrega de kits de ahorro para sus hogares.<\/b><span style=\"color: #000000;\">\u00a0<\/span><!--more--><\/p>\n<p style=\"font-weight: 400;\">La SEREMI de Energ\u00eda, a trav\u00e9s del programa \u201cCon Buena Energ\u00eda, capacit\u00f3 a 60 personas que desde ahora se convertir\u00e1n en embajadoras de la eficiencia energ\u00e9tica, al aprender consejos pr\u00e1cticos para disminuir los consumos de luz y gas en sus casas.<\/p>\n<p style=\"font-weight: 400;\">La capacitaci\u00f3n, realizada en coordinaci\u00f3n con la SEREMI de Desarrollo Social y Familia y la Municipalidad de Ovalle, en el sal\u00f3n auditorio, permiti\u00f3 a las vecinas y vecinos de la capital de Limar\u00ed a aprender a ser eficientes en el uso de artefactos el\u00e9ctricos, a adoptar cuidados en el refrigerador, conocer sobre el etiquetado energ\u00e9tico de productos, entre otras acciones. Junto con ello, las beneficiarias y beneficiarios recibieron un kit de 3 ampolletas led, un alargador zapatilla y una gu\u00eda educativa y did\u00e1ctica, que contribuyen a un ahorro anual de 80 mil pesos.<\/p>\n<p style=\"font-weight: 400;\">La Seremi de Energ\u00eda, Mar\u00eda Castillo, destac\u00f3 que \u201cpara nosotros es muy relevante entregar este kit eficiente, a trav\u00e9s de una capacitaci\u00f3n que ense\u00f1a a las familias, dirigentes y comunidad, sobre el ahorro de energ\u00eda en los artefactos el\u00e9ctricos, en iluminaci\u00f3n y calefacci\u00f3n, de modo de disminuir las cuentas de luz y ser un aporte a la econom\u00eda familiar. Estamos en \u00e9poca de sequ\u00eda, por lo tanto, este tema es muy importante, por ende, entregar estas capacitaciones es una herramienta que ayuda de alguna u otra forma\u201d.<\/p>\n<p style=\"font-weight: 400;\">El Seremi de Desarrollo Social y Familia, Eduardo Alcayaga, enfatiz\u00f3 en la necesidad de \u201cir cambiando el chip en t\u00e9rminos del consumo, que las personas ahorren en los artefactos, como las ampolletas led, que es una tecnolog\u00eda que avanza, y nos permiten ahorrar energ\u00eda. Con hogares que tienen los bolsillos apretados &#8211; como dijo el alcalde &#8211; es necesario hacer un uso eficiente de los recursos econ\u00f3micos. El poder comenzar a entender que existen alternativas para economizar y algunos h\u00e1bitos, nos van a ayudar a sumar ahorros que sean beneficiosos para todos\u201d.<\/p>\n<p style=\"font-weight: 400;\">El Alcalde de Ovalle, Claudio Renter\u00eda, agradeci\u00f3 la visita de ambos Seremis y la entrega de estos beneficios para los usuarios del programa V\u00ednculos. \u201cLa disertaci\u00f3n fue provechosa, la gente lo ha entendido de esa manera, es muy bueno que entreguen estos tips para lograr un ahorro, en un trabajo mancomunado con las Secretar\u00edas de Desarrollo Social y Familia y de Energ\u00eda, a los cuales agradezco enormemente porque nos pueden entregar una mejor calidad de vida para nuestros ciudadanos\u201d.<\/p>\n<p style=\"font-weight: 400;\">Para Elizabeth Larrondo, vecina de la poblaci\u00f3n Carmelitana, la capacitaci\u00f3n fue \u201cbastante buena; hubo tips que no sab\u00edamos, por lo menos los del vampiro, que son las conexiones de los celulares o cuando queda una lucecita prendida; fue bastante educativa\u201d.<\/p>\n<p style=\"font-weight: 400;\">Por su parte, Nancy Ceballos, de la poblaci\u00f3n Limar\u00ed, valor\u00f3 la explicaci\u00f3n sobre \u201cc\u00f3mo ahorrar energ\u00eda. Todo fue muy claro, y creo que esto debieran hacerlo m\u00e1s seguido para que toda la gente se interiorice y ahorre un poco de dinero. Muchas gracias (por el kit) porque es un ahorro y tenemos m\u00e1s platita en el bolsillo\u201d<\/p>\n<p style=\"font-weight: 400;\">El programa est\u00e1 destinado a personas que pertenezcan al Registro Social de Hogares, entre los tramos 0 al 70% de menores ingresos o mayor vulnerabilidad, y que no hayan sido beneficiados por esta iniciativa con anterioridad.<\/p>\n","protected":false},"excerpt":{"rendered":"<p>Programa \u201cCon Buena Energ\u00eda\u201d favoreci\u00f3 a 60 personas de la capital de Limar\u00ed con una capacitaci\u00f3n y entrega de kits de ahorro para sus hogares.\u00a0<\/p>\n","protected":false},"author":2,"featured_media":7605,"comment_status":"open","ping_status":"open","sticky":false,"template":"","format":"standard","meta":{"footnotes":""},"categories":[6],"tags":[],"class_list":["post-7604","post","type-post","status-publish","format-standard","has-post-thumbnail","hentry","category-regionales"],"_links":{"self":[{"href":"https:\/\/www.radiolimari.cl\/index.php?rest_route=\/wp\/v2\/posts\/7604","targetHints":{"allow":["GET"]}}],"collection":[{"href":"https:\/\/www.radiolimari.cl\/index.php?rest_route=\/wp\/v2\/posts"}],"about":[{"href":"https:\/\/www.radiolimari.cl\/index.php?rest_route=\/wp\/v2\/types\/post"}],"author":[{"embeddable":true,"href":"https:\/\/www.radiolimari.cl\/index.php?rest_route=\/wp\/v2\/users\/2"}],"replies":[{"embeddable":true,"href":"https:\/\/www.radiolimari.cl\/index.php?rest_route=%2Fwp%2Fv2%2Fcomments&post=7604"}],"version-history":[{"count":1,"href":"https:\/\/www.radiolimari.cl\/index.php?rest_route=\/wp\/v2\/posts\/7604\/revisions"}],"predecessor-version":[{"id":7606,"href":"https:\/\/www.radiolimari.cl\/index.php?rest_route=\/wp\/v2\/posts\/7604\/revisions\/7606"}],"wp:featuredmedia":[{"embeddable":true,"href":"https:\/\/www.radiolimari.cl\/index.php?rest_route=\/wp\/v2\/media\/7605"}],"wp:attachment":[{"href":"https:\/\/www.radiolimari.cl\/index.php?rest_route=%2Fwp%2Fv2%2Fmedia&parent=7604"}],"wp:term":[{"taxonomy":"category","embeddable":true,"href":"https:\/\/www.radiolimari.cl\/index.php?rest_route=%2Fwp%2Fv2%2Fcategories&post=7604"},{"taxonomy":"post_tag","embeddable":true,"href":"https:\/\/www.radiolimari.cl\/index.php?rest_route=%2Fwp%2Fv2%2Ftags&post=7604"}],"curies":[{"name":"wp","href":"https:\/\/api.w.org\/{rel}","templated":true}]}}