{"id":7601,"date":"2022-06-29T21:22:03","date_gmt":"2022-06-29T21:22:03","guid":{"rendered":"http:\/\/www.radiolimari.cl\/?p=7601"},"modified":"2022-06-29T21:22:03","modified_gmt":"2022-06-29T21:22:03","slug":"mesa-tecnica-por-las-40-horas-laborales-se-desarrolla-en-la-region-de-coquimbo","status":"publish","type":"post","link":"https:\/\/www.radiolimari.cl\/?p=7601","title":{"rendered":"Mesa T\u00e9cnica por las 40 horas laborales  se desarrolla en la regi\u00f3n de Coquimbo"},"content":{"rendered":"<p><a href=\"https:\/\/www.radiolimari.cl\/wp-content\/uploads\/2022\/06\/29.6-junio.jpg\"><img fetchpriority=\"high\" decoding=\"async\" class=\"alignnone size-medium wp-image-7602\" src=\"https:\/\/www.radiolimari.cl\/wp-content\/uploads\/2022\/06\/29.6-junio-300x225.jpg\" alt=\"29.6 junio\" width=\"300\" height=\"225\" srcset=\"https:\/\/www.radiolimari.cl\/wp-content\/uploads\/2022\/06\/29.6-junio-300x225.jpg 300w, https:\/\/www.radiolimari.cl\/wp-content\/uploads\/2022\/06\/29.6-junio-1024x768.jpg 1024w\" sizes=\"(max-width: 300px) 100vw, 300px\" \/><\/a><\/p>\n<p><strong><em>El espacio de participaci\u00f3n recogi\u00f3 opiniones y visiones que servir\u00e1n de insumo para elaborar indicaciones al proyecto de ley de reducci\u00f3n jornada laboral<\/em><\/strong><!--more--><\/p>\n<p>Con la presencia de representantes de trabajadores y trabajadoras, empleadores y miembros del mundo acad\u00e9mico, se desarroll\u00f3 en la regi\u00f3n de Coquimbo la jornada de audiencia en torno a la Mesa T\u00e9cnica por las 40 horas laborales. Instancia de participaci\u00f3n que permiti\u00f3 recoger los aportes y distintas visiones sobre la propuesta de reducci\u00f3n de jornada laboral.<\/p>\n<p>La jornada de audiencia es parte de un proceso prelegislativo que consiste en convocar a sindicatos y organizaciones de la sociedad civil, gremios, expertos o acad\u00e9micos y actores representativos de la zona para pronunciarse sobre los aspectos a ser a\u00f1adidos o modificados en el proyecto de ley presentado en 2017 por la diputada Karol Cariola y la hoy ministra Secretaria General de Gobierno, Camila Vallejo.<\/p>\n<p>La Seremi del Trabajo, Claudia Santander, destac\u00f3 la participaci\u00f3n de los grupos representativos de la regi\u00f3n y valor\u00f3 los diferentes puntos de vistas expuestos en la ocasi\u00f3n y dijo que ha sido una experiencia muy significativa ya que este proyecto es emblem\u00e1tico para el gobierno del \u00a0presidente Gabriel Boric y efectivamente nos definimos como un gobierno que est\u00e1 impulsando transformaciones y estas transformaciones requieren del di\u00e1logo de todas las partes, recoger todos los aportes y sugerencias que aqu\u00ed han surgido de manera relevante y valiosa. Aportaciones desde el punto de vista de las conclusiones y tambi\u00e9n de las recomendaciones que hacen para incorporar en este proceso prelegislativo en que estamos cada regi\u00f3n aportando desde nuestra mirada territorial, de c\u00f3mo enriquecemos esto que sin lugar a duda es una necesidad para la ciudadan\u00eda, los trabajadores y el mundo laboral en nuestro pa\u00eds\u201d.<\/p>\n<p>En la instancia asistieron dirigentes sindicales trabajadores Salcobrand, SIL Walmart y CUT Elqui, tambi\u00e9n representantes de mundo acad\u00e9mico como el Instituto de Pol\u00edticas P\u00fablicas (IPP) de la UCN y la Decana de Facultad de Ciencias Sociales, Empresariales y jur\u00eddicas de la Universidad de La Serena (FACSEJ) y la representaci\u00f3n de empresarios del sector turismo de la zona.<\/p>\n<p>Elisa Oyarzun, dirigente nacional de trabajadores del SIL Walmart, se refiri\u00f3 a las implicancias de una reducci\u00f3n de jornada para su sector y expres\u00f3 que \u201cpara nosotros es una necesidad imperante, sobre todo en el trabajo de servicios donde el 70%, entonces la idea principal de nosotros en este proyecto es poder conciliar el trabajo con la vida familiar. Consideramos que es una iniciativa que tenemos que hacerla un hecho y para eso hemos estado empujando desde el inicio incentivando este proyecto\u201d.<\/p>\n<p>Desde el punto de vista acad\u00e9mico Cristian Morales director del IPP de la UCN manifest\u00f3 que \u201ces muy importante la visi\u00f3n que puede dar el mundo acad\u00e9mico respecto am los proyectos de ley. La idea del proyecto de ley de las 40 horas es muy importante y nos va acercando a lo que hacen los pa\u00edses desarrollados. Lo importante de esta medida es que pueda tener el menor impacto en el empleo y en el salario de los chilenos y chilenas\u201d<\/p>\n<p>Mientras que Luperfina Rojas, Decana de la FACSEJ de la Universidad de La Serena dijo que \u201ccreemos que es importante para Chile avanzar de forma gradual ya que eso va a mejorar el bienestar social, la calidad de vida y tambi\u00e9n en la productividad de los trabajadores. Un \u00e1mbito que no est\u00e1 siendo considerado en la ley es el sector p\u00fablico, que creo que es fundamental incorporar a todas las instituciones que tambi\u00e9n formamos parte de la actividad productiva de nuestro pa\u00eds\u201d.<\/p>\n<p>Mar\u00eda Antonieta Zu\u00f1iga, gerente del proyecto asociativo Barrio del Mar, \u201cla verdad es que nosotros no nos oponemos a los cambios que conlleven al pa\u00eds a un mejor desarrollo y calidad de vida de cada uno de sus integrantes, pero hacemos ver la manera en que puede afectar a nuestro rubro y las medidas de apoyo que pudi\u00e9semos requerir para una buena implementaci\u00f3n de esta medida\u201d.<\/p>\n<p>Las audiencias se enmarcan en un proceso nacional que tiene contemplado el Gobierno para llevar adelante la reducci\u00f3n de la jornada laboral y que se replica en todo el pa\u00eds. La mesa t\u00e9cnica de la regi\u00f3n de Coquimbo, realizada en La Serena, se suma a las otras realizadas en las regiones Metropolitana, Los Lagos y Valpara\u00edso.<\/p>\n","protected":false},"excerpt":{"rendered":"<p>El espacio de participaci\u00f3n recogi\u00f3 opiniones y visiones que servir\u00e1n de insumo para elaborar indicaciones al proyecto de ley de reducci\u00f3n jornada laboral<\/p>\n","protected":false},"author":2,"featured_media":7602,"comment_status":"open","ping_status":"open","sticky":false,"template":"","format":"standard","meta":{"footnotes":""},"categories":[6],"tags":[],"class_list":["post-7601","post","type-post","status-publish","format-standard","has-post-thumbnail","hentry","category-regionales"],"_links":{"self":[{"href":"https:\/\/www.radiolimari.cl\/index.php?rest_route=\/wp\/v2\/posts\/7601","targetHints":{"allow":["GET"]}}],"collection":[{"href":"https:\/\/www.radiolimari.cl\/index.php?rest_route=\/wp\/v2\/posts"}],"about":[{"href":"https:\/\/www.radiolimari.cl\/index.php?rest_route=\/wp\/v2\/types\/post"}],"author":[{"embeddable":true,"href":"https:\/\/www.radiolimari.cl\/index.php?rest_route=\/wp\/v2\/users\/2"}],"replies":[{"embeddable":true,"href":"https:\/\/www.radiolimari.cl\/index.php?rest_route=%2Fwp%2Fv2%2Fcomments&post=7601"}],"version-history":[{"count":1,"href":"https:\/\/www.radiolimari.cl\/index.php?rest_route=\/wp\/v2\/posts\/7601\/revisions"}],"predecessor-version":[{"id":7603,"href":"https:\/\/www.radiolimari.cl\/index.php?rest_route=\/wp\/v2\/posts\/7601\/revisions\/7603"}],"wp:featuredmedia":[{"embeddable":true,"href":"https:\/\/www.radiolimari.cl\/index.php?rest_route=\/wp\/v2\/media\/7602"}],"wp:attachment":[{"href":"https:\/\/www.radiolimari.cl\/index.php?rest_route=%2Fwp%2Fv2%2Fmedia&parent=7601"}],"wp:term":[{"taxonomy":"category","embeddable":true,"href":"https:\/\/www.radiolimari.cl\/index.php?rest_route=%2Fwp%2Fv2%2Fcategories&post=7601"},{"taxonomy":"post_tag","embeddable":true,"href":"https:\/\/www.radiolimari.cl\/index.php?rest_route=%2Fwp%2Fv2%2Ftags&post=7601"}],"curies":[{"name":"wp","href":"https:\/\/api.w.org\/{rel}","templated":true}]}}