{"id":7598,"date":"2022-06-29T19:14:36","date_gmt":"2022-06-29T19:14:36","guid":{"rendered":"http:\/\/www.radiolimari.cl\/?p=7598"},"modified":"2022-06-29T19:14:36","modified_gmt":"2022-06-29T19:14:36","slug":"municipio-de-ovalle-firmo-convenio-con-injuv-para-apoyar-labor-de-la-juventud-local","status":"publish","type":"post","link":"https:\/\/www.radiolimari.cl\/?p=7598","title":{"rendered":"Municipio de Ovalle firm\u00f3 convenio con INJUV para apoyar labor de la juventud local"},"content":{"rendered":"<p><a href=\"https:\/\/www.radiolimari.cl\/wp-content\/uploads\/2022\/06\/29.6-Convenio-INJUV.jpg\"><img fetchpriority=\"high\" decoding=\"async\" class=\"alignnone size-medium wp-image-7599\" src=\"https:\/\/www.radiolimari.cl\/wp-content\/uploads\/2022\/06\/29.6-Convenio-INJUV-300x225.jpg\" alt=\"29.6 Convenio INJUV\" width=\"300\" height=\"225\" srcset=\"https:\/\/www.radiolimari.cl\/wp-content\/uploads\/2022\/06\/29.6-Convenio-INJUV-300x225.jpg 300w, https:\/\/www.radiolimari.cl\/wp-content\/uploads\/2022\/06\/29.6-Convenio-INJUV-1024x768.jpg 1024w\" sizes=\"(max-width: 300px) 100vw, 300px\" \/><\/a><\/p>\n<p><strong><em>Gracias a esta gesti\u00f3n, los j\u00f3venes de la capital limarina podr\u00e1n capacitarse en diversos \u00e1mbitos que apuntan a su bienestar y crecimiento personal. El alcalde Claudio Renter\u00eda y la directora regional de INJUV Coquimbo, Paula Pino firmaron este documento que permitir\u00e1 la aplicaci\u00f3n de programas y contenidos para este grupo etario, a trav\u00e9s de las Oficina Municipal de la Juventud. <\/em><\/strong><!--more--><\/p>\n<p>Con el prop\u00f3sito de establecer la aplicaci\u00f3n de programas dirigidos a j\u00f3venes, el municipio de Ovalle y el Instituto Nacional de la Juventud (INJUV) firmaron un convenio de trabajo, que permitir\u00e1 realizar diversas gestiones que apuntan al bienestar de este rango etario de la comunidad. El documento fue firmado por el alcalde Claudio Renter\u00eda y la directora regional de INJUV Coquimbo, Paula Pino Cort\u00e9s.<\/p>\n<p>La importancia del compromiso que adquirieron ambas instituciones radica en que se centra en que el INJUV, a trav\u00e9s de las Oficinas Municipales de la Juventud, pueden \u201casesorar, colaborar en la aplicaci\u00f3n de programas, pero tambi\u00e9n de pol\u00edticas p\u00fablicas relacionadas con los j\u00f3venes. As\u00ed nosotros como instituci\u00f3n podemos focalizar de mejor manera, en el territorio, diversas iniciativas y generar contenidos importantes para la juventud\u201d sostuvo la directora de INJUV Coquimbo, Paula Pino Cort\u00e9s. \u00a0La profesional agreg\u00f3 que \u201cnosotros trabajamos en programas que van entorno al voluntariado, otros relacionados con mejorar la calidad de vida, el bienestar, la salud mental y la participaci\u00f3n c\u00edvica que tienen que tener los j\u00f3venes dentro de sus territorios\u201d.<\/p>\n<p>El alcalde Claudio Renter\u00eda indic\u00f3 que es importante trabajar con todos los componentes de nuestra sociedad y valor\u00f3 la concreci\u00f3n del documento. \u201cEs muy relevante trabajar con los j\u00f3venes en diversos \u00e1mbitos, para orientarlos y evitar que caigan en los flagelos de la droga y el alcohol y tambi\u00e9n evitar que dejen sus estudios. Estoy muy contento de que hayamos concretado este trabajo conjunto con INJUV, porque podremos desarrollar diversas iniciativas que buscan la recreaci\u00f3n, el aprendizaje y ser un aporte para su formaci\u00f3n personal\u201d.<\/p>\n<p>Tras la firma del convenio, este comienza a funcionar de inmediato. Los j\u00f3venes que quieran consultar sobre los beneficios y los programas que existen pueden dirigirse a la Oficina Comunal de la Juventud de Ovalle ubicada en calle Federico Silva #75 en El Molino, enviar un correo a <a href=\"mailto:juventudmuniovalle@gmail.com\">juventudmuniovalle@gmail.com<\/a> o llamar al tel\u00e9fono 532626370.<\/p>\n<p>&nbsp;<\/p>\n<p><strong>\u00a0<\/strong><\/p>\n","protected":false},"excerpt":{"rendered":"<p>Gracias a esta gesti\u00f3n, los j\u00f3venes de la capital limarina podr\u00e1n capacitarse en diversos \u00e1mbitos que apuntan a su bienestar y crecimiento personal. El alcalde Claudio Renter\u00eda y la directora regional de INJUV Coquimbo, Paula Pino firmaron este documento que permitir\u00e1 la aplicaci\u00f3n de programas y contenidos para este grupo etario, a trav\u00e9s de las &#8230;<\/p>\n","protected":false},"author":2,"featured_media":7599,"comment_status":"open","ping_status":"open","sticky":false,"template":"","format":"standard","meta":{"footnotes":""},"categories":[5],"tags":[],"class_list":["post-7598","post","type-post","status-publish","format-standard","has-post-thumbnail","hentry","category-actualidad-limarina"],"_links":{"self":[{"href":"https:\/\/www.radiolimari.cl\/index.php?rest_route=\/wp\/v2\/posts\/7598","targetHints":{"allow":["GET"]}}],"collection":[{"href":"https:\/\/www.radiolimari.cl\/index.php?rest_route=\/wp\/v2\/posts"}],"about":[{"href":"https:\/\/www.radiolimari.cl\/index.php?rest_route=\/wp\/v2\/types\/post"}],"author":[{"embeddable":true,"href":"https:\/\/www.radiolimari.cl\/index.php?rest_route=\/wp\/v2\/users\/2"}],"replies":[{"embeddable":true,"href":"https:\/\/www.radiolimari.cl\/index.php?rest_route=%2Fwp%2Fv2%2Fcomments&post=7598"}],"version-history":[{"count":1,"href":"https:\/\/www.radiolimari.cl\/index.php?rest_route=\/wp\/v2\/posts\/7598\/revisions"}],"predecessor-version":[{"id":7600,"href":"https:\/\/www.radiolimari.cl\/index.php?rest_route=\/wp\/v2\/posts\/7598\/revisions\/7600"}],"wp:featuredmedia":[{"embeddable":true,"href":"https:\/\/www.radiolimari.cl\/index.php?rest_route=\/wp\/v2\/media\/7599"}],"wp:attachment":[{"href":"https:\/\/www.radiolimari.cl\/index.php?rest_route=%2Fwp%2Fv2%2Fmedia&parent=7598"}],"wp:term":[{"taxonomy":"category","embeddable":true,"href":"https:\/\/www.radiolimari.cl\/index.php?rest_route=%2Fwp%2Fv2%2Fcategories&post=7598"},{"taxonomy":"post_tag","embeddable":true,"href":"https:\/\/www.radiolimari.cl\/index.php?rest_route=%2Fwp%2Fv2%2Ftags&post=7598"}],"curies":[{"name":"wp","href":"https:\/\/api.w.org\/{rel}","templated":true}]}}