{"id":7587,"date":"2022-06-27T17:05:34","date_gmt":"2022-06-27T17:05:34","guid":{"rendered":"http:\/\/www.radiolimari.cl\/?p=7587"},"modified":"2022-06-27T17:40:22","modified_gmt":"2022-06-27T17:40:22","slug":"informe-de-precipitaciones-que-se-registran-en-la-provincia-de-limari","status":"publish","type":"post","link":"https:\/\/www.radiolimari.cl\/?p=7587","title":{"rendered":"Informe de Precipitaciones que se registran en La Provincia de Limari"},"content":{"rendered":"<p><a href=\"https:\/\/www.radiolimari.cl\/wp-content\/uploads\/2022\/06\/el-tiempo.jpg\"><img fetchpriority=\"high\" decoding=\"async\" class=\"alignnone size-medium wp-image-7588\" src=\"https:\/\/www.radiolimari.cl\/wp-content\/uploads\/2022\/06\/el-tiempo-300x194.jpg\" alt=\"el tiempo\" width=\"300\" height=\"194\" srcset=\"https:\/\/www.radiolimari.cl\/wp-content\/uploads\/2022\/06\/el-tiempo-300x194.jpg 300w, https:\/\/www.radiolimari.cl\/wp-content\/uploads\/2022\/06\/el-tiempo-1024x664.jpg 1024w, https:\/\/www.radiolimari.cl\/wp-content\/uploads\/2022\/06\/el-tiempo.jpg 2008w\" sizes=\"(max-width: 300px) 100vw, 300px\" \/><\/a><\/p>\n<p>Tal cual se pronosticaron en la ma\u00f1ana de este lunes comenzaron las precipitaciones desde el sector costero y secano costero de la Provincia.<!--more--><\/p>\n<p><span class=\"css-901oao css-16my406 r-poiln3 r-bcqeeo r-qvutc0\" style=\"color: #0f1419;\">El metere\u00f3logo\u00a0<\/span><a class=\"css-4rbku5 css-18t94o4 css-901oao css-16my406 r-1cvl2hr r-1loqt21 r-poiln3 r-bcqeeo r-qvutc0\" dir=\"ltr\" style=\"color: #1d9bf0;\" href=\"https:\/\/twitter.com\/cristobaljuliav\">@cristobaljuliav<\/a>\u00a0<span class=\"css-901oao css-16my406 r-poiln3 r-bcqeeo r-qvutc0\" style=\"color: #0f1419;\">en contacto con <\/span><a class=\"css-4rbku5 css-18t94o4 css-901oao css-16my406 r-1cvl2hr r-1loqt21 r-poiln3 r-bcqeeo r-qvutc0\" dir=\"ltr\" style=\"color: #1d9bf0;\" href=\"https:\/\/t.co\/Yu1Vd7M1Yw\" target=\"_blank\" rel=\"noopener noreferrer\"><span class=\"css-901oao css-16my406 r-poiln3 r-hiw28u r-qvk6io r-bcqeeo r-qvutc0\" style=\"font-weight: inherit; font-style: inherit; color: inherit;\">http:\/\/<\/span>radiolimari.cl<\/a><span class=\"css-901oao css-16my406 r-poiln3 r-bcqeeo r-qvutc0\" style=\"color: #0f1419;\"> di\u00f3 a conocer ayer domingo que para este lunes festivo, se pronosticaba en el Limar\u00ed chubascos aislados y dispersos todo el d\u00eda.\u00a0<\/span><\/p>\n<p>Hasta las 13:30 horas de hoy Lunes este es el registro del agua ca\u00edda en algunos sectores de la Provincia:<\/p>\n<p>Quebrada Seca, ruta 5 norte: 5,3 mm<\/p>\n<p>Camarico: 3,6 mm<\/p>\n<p>Punitaqui 4,2 mm<\/p>\n<p>Ovalle,\u00a0 sector Talhuen 1,5 mm<\/p>\n","protected":false},"excerpt":{"rendered":"<p>Tal cual se pronosticaron en la ma\u00f1ana de este lunes comenzaron las precipitaciones desde el sector costero y secano costero de la Provincia.<\/p>\n","protected":false},"author":2,"featured_media":7588,"comment_status":"open","ping_status":"open","sticky":false,"template":"","format":"standard","meta":{"footnotes":""},"categories":[5],"tags":[],"class_list":["post-7587","post","type-post","status-publish","format-standard","has-post-thumbnail","hentry","category-actualidad-limarina"],"_links":{"self":[{"href":"https:\/\/www.radiolimari.cl\/index.php?rest_route=\/wp\/v2\/posts\/7587","targetHints":{"allow":["GET"]}}],"collection":[{"href":"https:\/\/www.radiolimari.cl\/index.php?rest_route=\/wp\/v2\/posts"}],"about":[{"href":"https:\/\/www.radiolimari.cl\/index.php?rest_route=\/wp\/v2\/types\/post"}],"author":[{"embeddable":true,"href":"https:\/\/www.radiolimari.cl\/index.php?rest_route=\/wp\/v2\/users\/2"}],"replies":[{"embeddable":true,"href":"https:\/\/www.radiolimari.cl\/index.php?rest_route=%2Fwp%2Fv2%2Fcomments&post=7587"}],"version-history":[{"count":3,"href":"https:\/\/www.radiolimari.cl\/index.php?rest_route=\/wp\/v2\/posts\/7587\/revisions"}],"predecessor-version":[{"id":7597,"href":"https:\/\/www.radiolimari.cl\/index.php?rest_route=\/wp\/v2\/posts\/7587\/revisions\/7597"}],"wp:featuredmedia":[{"embeddable":true,"href":"https:\/\/www.radiolimari.cl\/index.php?rest_route=\/wp\/v2\/media\/7588"}],"wp:attachment":[{"href":"https:\/\/www.radiolimari.cl\/index.php?rest_route=%2Fwp%2Fv2%2Fmedia&parent=7587"}],"wp:term":[{"taxonomy":"category","embeddable":true,"href":"https:\/\/www.radiolimari.cl\/index.php?rest_route=%2Fwp%2Fv2%2Fcategories&post=7587"},{"taxonomy":"post_tag","embeddable":true,"href":"https:\/\/www.radiolimari.cl\/index.php?rest_route=%2Fwp%2Fv2%2Ftags&post=7587"}],"curies":[{"name":"wp","href":"https:\/\/api.w.org\/{rel}","templated":true}]}}