{"id":7565,"date":"2022-06-22T20:24:02","date_gmt":"2022-06-22T20:24:02","guid":{"rendered":"http:\/\/www.radiolimari.cl\/?p=7565"},"modified":"2022-06-22T20:42:03","modified_gmt":"2022-06-22T20:42:03","slug":"paso-del-sistema-frontal-dejo-al-menos-unos-25-mil-clientes-sin-suministro-electrico","status":"publish","type":"post","link":"https:\/\/www.radiolimari.cl\/?p=7565","title":{"rendered":"Paso del sistema frontal dej\u00f3 al menos unos 25 mil clientes sin suministro el\u00e9ctrico"},"content":{"rendered":"<p><a href=\"https:\/\/www.radiolimari.cl\/wp-content\/uploads\/2022\/06\/22.6-gobierno-lluvias1.jpeg\"><img fetchpriority=\"high\" decoding=\"async\" class=\"alignnone size-medium wp-image-7566\" src=\"https:\/\/www.radiolimari.cl\/wp-content\/uploads\/2022\/06\/22.6-gobierno-lluvias1-300x169.jpeg\" alt=\"22.6 gobierno lluvias1\" width=\"300\" height=\"169\" srcset=\"https:\/\/www.radiolimari.cl\/wp-content\/uploads\/2022\/06\/22.6-gobierno-lluvias1-300x169.jpeg 300w, https:\/\/www.radiolimari.cl\/wp-content\/uploads\/2022\/06\/22.6-gobierno-lluvias1-1024x578.jpeg 1024w, https:\/\/www.radiolimari.cl\/wp-content\/uploads\/2022\/06\/22.6-gobierno-lluvias1.jpeg 1215w\" sizes=\"(max-width: 300px) 100vw, 300px\" \/><\/a><\/p>\n<p><strong><em>El Gobierno entreg\u00f3 un balance de la jornada, destacando que no hubo mayores afectaciones a personas. Problem\u00e1ticas derivadas de las precipitaciones se fueron superando durante el d\u00eda.<\/em><\/strong><!--more--> Durante este mi\u00e9rcoles, la Regi\u00f3n de Coquimbo, y especialmente la conurbaci\u00f3n, reportaron problemas en el servicio el\u00e9ctrico en m\u00e1s de 25 mil hogares. El informe fue entregado por las autoridades, quienes explicaron que se mantienen vigentes tres alertas para la zona por vientos, precipitaciones y probables tormentas el\u00e9ctricas en zonas pre cordilleranas y cordillera. <strong>\u201cDesde el d\u00eda s\u00e1bado que Onemi ha estado levantando estas alertas y como Gobierno hemos estado coordinados y desplegados en el territorio prepar\u00e1ndonos y, tambi\u00e9n, recopilando la informaci\u00f3n necesaria para abordar las diferentes acciones a tomar para resguardar la seguridad de las personas\u201d, explic\u00f3 el Seremi de Gobierno, Fernando Viveros.<\/strong><strong>\u00a0<\/strong> Asimismo desde Onemi valoraron que no hubiese una afectaci\u00f3n mayor, ni familias damnificadas a causa del evento meteorol\u00f3gico. <strong>\u201cEn este contexto, la variable que m\u00e1s nos ha afectado es el viento con rachas de m\u00e1s de 50 km por hora, fundamentalmente en el sector litoral. Producto de esto se han efectuado lamentables consecuencias, en cuanto al corte de suministro el\u00e9ctrico, pero s\u00ed tenemos que destacar que al resto de la regi\u00f3n no ha sufrido alg\u00fan tipo de efecto contrario, no tenemos p\u00e9rdida de vidas humanas ni mantenemos v\u00edas cortadas\u201d, detall\u00f3 el Director Regional de Onemi, Rub\u00e9n Contador.<\/strong><strong>\u00a0<\/strong> Respecto a los cortes de energ\u00eda, la Seremi, Mar\u00eda Castillo, indic\u00f3 que hasta las 12:00 horas a\u00fan se manten\u00edan 10 mil hogares afectados. Agreg\u00f3 que la Superintendencia de Electricidad y Combustible (SEC) se encuentra supervisando el avance en el proceso de reposici\u00f3n del servicio y que con antelaci\u00f3n se hab\u00edan dado las alertas a la empresa de distribuci\u00f3n para que se tomaran todas las medidas preventivas y, as\u00ed, la ocurrencia de cortes fuera m\u00ednima. <strong>\u201cAhora la SEC tendr\u00e1 que evaluar el comportamiento y accionar de la empresa, en cuanto a este evento meteorol\u00f3gico y nuestro organismo fiscalizador dir\u00e1 si es pertinente o amerita un procedimiento de investigaci\u00f3n para detectar eventuales responsabilidades\u201d, se\u00f1al\u00f3 la Seremi de Energ\u00eda.<\/strong> Las autoridades explicaron que el pron\u00f3stico esperado para las pr\u00f3ximas horas informaba que para la tarde noche de hoy (mi\u00e9rcoles) y jueves hasta mediod\u00eda se mantienen las alertas de precipitaciones, viento y tormentas el\u00e9ctricas, por lo que llamaron a la ciudadan\u00eda a mantener las medidas de prevenci\u00f3n.<\/p>\n","protected":false},"excerpt":{"rendered":"<p>El Gobierno entreg\u00f3 un balance de la jornada, destacando que no hubo mayores afectaciones a personas. Problem\u00e1ticas derivadas de las precipitaciones se fueron superando durante el d\u00eda.<\/p>\n","protected":false},"author":2,"featured_media":7566,"comment_status":"open","ping_status":"open","sticky":false,"template":"","format":"standard","meta":{"footnotes":""},"categories":[6],"tags":[],"class_list":["post-7565","post","type-post","status-publish","format-standard","has-post-thumbnail","hentry","category-regionales"],"_links":{"self":[{"href":"https:\/\/www.radiolimari.cl\/index.php?rest_route=\/wp\/v2\/posts\/7565","targetHints":{"allow":["GET"]}}],"collection":[{"href":"https:\/\/www.radiolimari.cl\/index.php?rest_route=\/wp\/v2\/posts"}],"about":[{"href":"https:\/\/www.radiolimari.cl\/index.php?rest_route=\/wp\/v2\/types\/post"}],"author":[{"embeddable":true,"href":"https:\/\/www.radiolimari.cl\/index.php?rest_route=\/wp\/v2\/users\/2"}],"replies":[{"embeddable":true,"href":"https:\/\/www.radiolimari.cl\/index.php?rest_route=%2Fwp%2Fv2%2Fcomments&post=7565"}],"version-history":[{"count":3,"href":"https:\/\/www.radiolimari.cl\/index.php?rest_route=\/wp\/v2\/posts\/7565\/revisions"}],"predecessor-version":[{"id":7569,"href":"https:\/\/www.radiolimari.cl\/index.php?rest_route=\/wp\/v2\/posts\/7565\/revisions\/7569"}],"wp:featuredmedia":[{"embeddable":true,"href":"https:\/\/www.radiolimari.cl\/index.php?rest_route=\/wp\/v2\/media\/7566"}],"wp:attachment":[{"href":"https:\/\/www.radiolimari.cl\/index.php?rest_route=%2Fwp%2Fv2%2Fmedia&parent=7565"}],"wp:term":[{"taxonomy":"category","embeddable":true,"href":"https:\/\/www.radiolimari.cl\/index.php?rest_route=%2Fwp%2Fv2%2Fcategories&post=7565"},{"taxonomy":"post_tag","embeddable":true,"href":"https:\/\/www.radiolimari.cl\/index.php?rest_route=%2Fwp%2Fv2%2Ftags&post=7565"}],"curies":[{"name":"wp","href":"https:\/\/api.w.org\/{rel}","templated":true}]}}