{"id":7562,"date":"2022-06-22T14:38:39","date_gmt":"2022-06-22T14:38:39","guid":{"rendered":"http:\/\/www.radiolimari.cl\/?p=7562"},"modified":"2022-06-22T14:38:39","modified_gmt":"2022-06-22T14:38:39","slug":"en-coquimbo-bandas-y-solistas-ovallinos-se-presentaran-en-centro-cultural-palace-este-viernes","status":"publish","type":"post","link":"https:\/\/www.radiolimari.cl\/?p=7562","title":{"rendered":"En Coquimbo, bandas y solistas ovallinos se presentar\u00e1n en Centro Cultural Palace este viernes"},"content":{"rendered":"<p><a href=\"https:\/\/www.radiolimari.cl\/wp-content\/uploads\/2022\/06\/22.6-ovallinos.png\"><img fetchpriority=\"high\" decoding=\"async\" class=\"alignnone size-medium wp-image-7563\" src=\"https:\/\/www.radiolimari.cl\/wp-content\/uploads\/2022\/06\/22.6-ovallinos-300x300.png\" alt=\"22.6 ovallinos\" width=\"300\" height=\"300\" srcset=\"https:\/\/www.radiolimari.cl\/wp-content\/uploads\/2022\/06\/22.6-ovallinos-300x300.png 300w, https:\/\/www.radiolimari.cl\/wp-content\/uploads\/2022\/06\/22.6-ovallinos-150x150.png 150w, https:\/\/www.radiolimari.cl\/wp-content\/uploads\/2022\/06\/22.6-ovallinos-1024x1024.png 1024w, https:\/\/www.radiolimari.cl\/wp-content\/uploads\/2022\/06\/22.6-ovallinos-70x70.png 70w, https:\/\/www.radiolimari.cl\/wp-content\/uploads\/2022\/06\/22.6-ovallinos.png 1620w\" sizes=\"(max-width: 300px) 100vw, 300px\" \/><\/a><\/p>\n<p style=\"text-align: justify;\"><strong>A partir de las 18:00 horas, Oscar Hauyon, Matt Prieto, Ovalle Funk Tr\u00edo y Pedro Garc\u00eda se presentar\u00e1n en el Centro Cultural Palace de Coquimbo, como parte de la segunda fecha de shows conmemorativos del 14\u00b0 aniversario del colectivo cultural Limar\u00ed Rock.<\/strong><!--more--><\/p>\n<p style=\"text-align: justify;\">Luego de un exitoso primer hito de lanzamiento, con un concierto en el Teatro Municipal de Ovalle, el colectivo de bandas y solistas de rock y pop de la Provincia del Limar\u00ed contin\u00faa esta semana celebrando sus 14 a\u00f1os de existencia. La cita de esta semana tendr\u00e1 como escenario la Sala de Artes Esc\u00e9nicas del Centro Cultural Palace de Coquimbo, este viernes 24 de junio a las 18:00 horas. En esta ocasi\u00f3n los proyectos musicales que se presentar\u00e1n son el cantautor electr\u00f3nico Oscar Hauyon, el solista indie rock Matt Prieto junto a su banda, la banda Ovalle Funk Tr\u00edo y el cantautor folk Pedro Garc\u00eda.<\/p>\n<p style=\"text-align: justify;\">Oscar Hauyon se encuentra presentando los episodios o singles de su narrativa musical denominada \u201cLos Lynces\u201d, junto al guitarrista vicu\u00f1ense Felipe Marcello. Matt Prieto est\u00e1 promocionando su reciente single y video titulado \u201cCaf\u00e9\u201d. Por su parte, Ovalle Funk Tr\u00edo presenta su \u00e1lbum \u201cInmortal\u201d, lanzado hace algunas semanas y financiado v\u00eda crowdfunding, mientras el cantautor Pedro Garc\u00eda mostrar\u00e1 las canciones de su registro ac\u00fastico \u201cPoes\u00eda Aural\u201d.<\/p>\n<p style=\"text-align: justify;\">Limar\u00ed Rock como entidad colectiva que agrupa a m\u00fasicos de Ovalle, Punitaqui y Monte Patria, se encuentra celebrando este 14\u00b0 aniversario con presentaciones que luego de este episodio en Coquimbo seguir\u00e1 el 9 de julio en el Centro Cultural de Monte Patria, con las bandas Cultura Pisoteada, Acis Hate, Quinto Mono y Greda Negra, culminando la primera etapa de esta itinerancia que ya confirma pr\u00f3ximos shows con fechas a definir en Punitaqui, Vicu\u00f1a y La Serena.<\/p>\n","protected":false},"excerpt":{"rendered":"<p>A partir de las 18:00 horas, Oscar Hauyon, Matt Prieto, Ovalle Funk Tr\u00edo y Pedro Garc\u00eda se presentar\u00e1n en el Centro Cultural Palace de Coquimbo, como parte de la segunda fecha de shows conmemorativos del 14\u00b0 aniversario del colectivo cultural Limar\u00ed Rock.<\/p>\n","protected":false},"author":2,"featured_media":7563,"comment_status":"open","ping_status":"open","sticky":false,"template":"","format":"standard","meta":{"footnotes":""},"categories":[3],"tags":[],"class_list":["post-7562","post","type-post","status-publish","format-standard","has-post-thumbnail","hentry","category-actualidad"],"_links":{"self":[{"href":"https:\/\/www.radiolimari.cl\/index.php?rest_route=\/wp\/v2\/posts\/7562","targetHints":{"allow":["GET"]}}],"collection":[{"href":"https:\/\/www.radiolimari.cl\/index.php?rest_route=\/wp\/v2\/posts"}],"about":[{"href":"https:\/\/www.radiolimari.cl\/index.php?rest_route=\/wp\/v2\/types\/post"}],"author":[{"embeddable":true,"href":"https:\/\/www.radiolimari.cl\/index.php?rest_route=\/wp\/v2\/users\/2"}],"replies":[{"embeddable":true,"href":"https:\/\/www.radiolimari.cl\/index.php?rest_route=%2Fwp%2Fv2%2Fcomments&post=7562"}],"version-history":[{"count":1,"href":"https:\/\/www.radiolimari.cl\/index.php?rest_route=\/wp\/v2\/posts\/7562\/revisions"}],"predecessor-version":[{"id":7564,"href":"https:\/\/www.radiolimari.cl\/index.php?rest_route=\/wp\/v2\/posts\/7562\/revisions\/7564"}],"wp:featuredmedia":[{"embeddable":true,"href":"https:\/\/www.radiolimari.cl\/index.php?rest_route=\/wp\/v2\/media\/7563"}],"wp:attachment":[{"href":"https:\/\/www.radiolimari.cl\/index.php?rest_route=%2Fwp%2Fv2%2Fmedia&parent=7562"}],"wp:term":[{"taxonomy":"category","embeddable":true,"href":"https:\/\/www.radiolimari.cl\/index.php?rest_route=%2Fwp%2Fv2%2Fcategories&post=7562"},{"taxonomy":"post_tag","embeddable":true,"href":"https:\/\/www.radiolimari.cl\/index.php?rest_route=%2Fwp%2Fv2%2Ftags&post=7562"}],"curies":[{"name":"wp","href":"https:\/\/api.w.org\/{rel}","templated":true}]}}