{"id":7546,"date":"2022-06-16T15:27:19","date_gmt":"2022-06-16T15:27:19","guid":{"rendered":"http:\/\/www.radiolimari.cl\/?p=7546"},"modified":"2022-06-16T15:27:19","modified_gmt":"2022-06-16T15:27:19","slug":"en-ovalle-fue-inaugurada-la-nueva-sede-social-de-villa-los-halcones","status":"publish","type":"post","link":"https:\/\/www.radiolimari.cl\/?p=7546","title":{"rendered":"En Ovalle fue inaugurada la nueva sede social de Villa Los Halcones"},"content":{"rendered":"<p><a href=\"https:\/\/www.radiolimari.cl\/wp-content\/uploads\/2022\/06\/16.6-Inauguraci\u00f3n-sede-social-Los-Halcones-1.jpg\"><img fetchpriority=\"high\" decoding=\"async\" class=\"alignnone size-medium wp-image-7547\" src=\"https:\/\/www.radiolimari.cl\/wp-content\/uploads\/2022\/06\/16.6-Inauguraci\u00f3n-sede-social-Los-Halcones-1-300x200.jpg\" alt=\"16.6 Inauguraci\u00f3n sede social Los Halcones (1)\" width=\"300\" height=\"200\" srcset=\"https:\/\/www.radiolimari.cl\/wp-content\/uploads\/2022\/06\/16.6-Inauguraci\u00f3n-sede-social-Los-Halcones-1-300x200.jpg 300w, https:\/\/www.radiolimari.cl\/wp-content\/uploads\/2022\/06\/16.6-Inauguraci\u00f3n-sede-social-Los-Halcones-1-1024x682.jpg 1024w, https:\/\/www.radiolimari.cl\/wp-content\/uploads\/2022\/06\/16.6-Inauguraci\u00f3n-sede-social-Los-Halcones-1.jpg 1620w\" sizes=\"(max-width: 300px) 100vw, 300px\" \/><\/a><\/p>\n<p><strong><em>El recinto comunitario fue construido, gracias al financiamiento del Programa de Mejoramiento Urbano, bajo la l\u00ednea DS27, del ministerio de Vivienda y Urbanismo que aport\u00f3 el 90% de los recursos y el 10% restante fue aportado por el municipio de Ovalle. La inversi\u00f3n alcanz\u00f3 los 107 millones de pesos. <\/em><\/strong><!--more--><\/p>\n<p>Gracias al financiamiento conjunto entre el ministerio de Vivienda y Urbanismo y el municipio de Ovalle, los vecinos de Villa Los Halcones concretaron uno de sus sue\u00f1os m\u00e1s anhelados, que era contar con un espacio comunitario nuevo y apto para sus actividades. El municipio de Ovalle postul\u00f3 a recursos del Programa de Mejoramiento Urbano (PMU), bajo la l\u00ednea DS27, donde el MINVU proporcion\u00f3 el 90% de los recursos para la nueva infraestructura y el 10% restante fue aportado por el municipio de Ovalle.<\/p>\n<p>La inversi\u00f3n del proceso de remodelaci\u00f3n del recinto fue de alrededor de 120 millones de pesos (3669 UF) y sirvi\u00f3 para habilitar un amplio sal\u00f3n de eventos, nuevos servicios higi\u00e9nicos, un \u00e1rea de bodega, sector de cocina y un galp\u00f3n exterior que servir\u00e1 para la realizaci\u00f3n de talleres deportivos e iniciativas al aire libre.<\/p>\n<p>La jornada inaugural cont\u00f3 con la presencia del alcalde de Ovalle, Claudio Renter\u00eda, el delegado presidencial del Limar\u00ed, Galo Luna, integrantes del Concejo Municipal, el seremi de Bienes Nacionales, Marcelo Salazar y los vecinos beneficiados con esta obra.<\/p>\n<p>Al respecto, la presidenta de la junta de vecinos de Villa Los Halcones, Teresa Mar\u00edn indic\u00f3 que quedan muchos recuerdos de la antigua sede \u201cpero hab\u00eda que renovarla porque ya no se pod\u00eda estar en ella. As\u00ed es que estamos muy felices, muy contentos por haber logrado el \u00faltimo sue\u00f1o de mi gente y agradezco a las autoridades que nos apoyaron para que este sue\u00f1o se cristalizara\u201d. Por su parte, el alcalde de Ovalle, Claudio Renter\u00eda sostuvo que \u201chemos hecho una alianza muy importante con el ministerio de Vivienda y Urbanismo, a trav\u00e9s del Serviu, que nos ha permitido optar a la l\u00ednea de financiamiento del DS27, para concretar importantes obras de un alto valor social. Como administraci\u00f3n hemos obtenido los recursos para cerca de 20 iniciativas, que se est\u00e1n ejecutando y que prontamente generar\u00e1n un alto beneficio para nuestros vecinos de diversos sectores de Ovalle\u201d.<\/p>\n<p>Entre las zonas beneficiadas con esta l\u00ednea de financiamiento gubernamental est\u00e1 la nueva sede social de villa Manuel Lobos, el mejoramiento del \u00e1rea verde la Plaza Sargento Aldea de la poblaci\u00f3n 21 de mayo, el mejoramiento de la sede social de la junta de vecinos Duplos de Vista Bella, el mejoramiento del \u00e1rea verde de la plaza de villa El Portal de Limar\u00ed y la construcci\u00f3n de la sede social de villa Los Halcones. A estas construcciones se suman, el mejoramiento de la plaza de villa Los Parronales y el mejoramiento del espacio p\u00fablico del sector Libertad Bajo.<\/p>\n<p>&nbsp;<\/p>\n","protected":false},"excerpt":{"rendered":"<p>El recinto comunitario fue construido, gracias al financiamiento del Programa de Mejoramiento Urbano, bajo la l\u00ednea DS27, del ministerio de Vivienda y Urbanismo que aport\u00f3 el 90% de los recursos y el 10% restante fue aportado por el municipio de Ovalle. La inversi\u00f3n alcanz\u00f3 los 107 millones de pesos.<\/p>\n","protected":false},"author":2,"featured_media":7547,"comment_status":"open","ping_status":"open","sticky":false,"template":"","format":"standard","meta":{"footnotes":""},"categories":[5],"tags":[],"class_list":["post-7546","post","type-post","status-publish","format-standard","has-post-thumbnail","hentry","category-actualidad-limarina"],"_links":{"self":[{"href":"https:\/\/www.radiolimari.cl\/index.php?rest_route=\/wp\/v2\/posts\/7546","targetHints":{"allow":["GET"]}}],"collection":[{"href":"https:\/\/www.radiolimari.cl\/index.php?rest_route=\/wp\/v2\/posts"}],"about":[{"href":"https:\/\/www.radiolimari.cl\/index.php?rest_route=\/wp\/v2\/types\/post"}],"author":[{"embeddable":true,"href":"https:\/\/www.radiolimari.cl\/index.php?rest_route=\/wp\/v2\/users\/2"}],"replies":[{"embeddable":true,"href":"https:\/\/www.radiolimari.cl\/index.php?rest_route=%2Fwp%2Fv2%2Fcomments&post=7546"}],"version-history":[{"count":1,"href":"https:\/\/www.radiolimari.cl\/index.php?rest_route=\/wp\/v2\/posts\/7546\/revisions"}],"predecessor-version":[{"id":7548,"href":"https:\/\/www.radiolimari.cl\/index.php?rest_route=\/wp\/v2\/posts\/7546\/revisions\/7548"}],"wp:featuredmedia":[{"embeddable":true,"href":"https:\/\/www.radiolimari.cl\/index.php?rest_route=\/wp\/v2\/media\/7547"}],"wp:attachment":[{"href":"https:\/\/www.radiolimari.cl\/index.php?rest_route=%2Fwp%2Fv2%2Fmedia&parent=7546"}],"wp:term":[{"taxonomy":"category","embeddable":true,"href":"https:\/\/www.radiolimari.cl\/index.php?rest_route=%2Fwp%2Fv2%2Fcategories&post=7546"},{"taxonomy":"post_tag","embeddable":true,"href":"https:\/\/www.radiolimari.cl\/index.php?rest_route=%2Fwp%2Fv2%2Ftags&post=7546"}],"curies":[{"name":"wp","href":"https:\/\/api.w.org\/{rel}","templated":true}]}}