{"id":7543,"date":"2022-06-16T14:54:05","date_gmt":"2022-06-16T14:54:05","guid":{"rendered":"http:\/\/www.radiolimari.cl\/?p=7543"},"modified":"2022-06-16T14:54:05","modified_gmt":"2022-06-16T14:54:05","slug":"provincia-de-choapa-vino-artesanal-se-convierte-en-sustentable-gracias-al-programa-ponle-energia-a-tu-pyme","status":"publish","type":"post","link":"https:\/\/www.radiolimari.cl\/?p=7543","title":{"rendered":"Provincia de Choapa: Vino artesanal se convierte en sustentable gracias al programa Ponle Energ\u00eda a tu Pyme"},"content":{"rendered":"<p><a href=\"https:\/\/www.radiolimari.cl\/wp-content\/uploads\/2022\/06\/16.6-energia-pyme.jpg\"><img fetchpriority=\"high\" decoding=\"async\" class=\"alignnone size-medium wp-image-7544\" src=\"https:\/\/www.radiolimari.cl\/wp-content\/uploads\/2022\/06\/16.6-energia-pyme-300x200.jpg\" alt=\"16.6 energia pyme\" width=\"300\" height=\"200\" srcset=\"https:\/\/www.radiolimari.cl\/wp-content\/uploads\/2022\/06\/16.6-energia-pyme-300x200.jpg 300w, https:\/\/www.radiolimari.cl\/wp-content\/uploads\/2022\/06\/16.6-energia-pyme-1024x682.jpg 1024w\" sizes=\"(max-width: 300px) 100vw, 300px\" \/><\/a><\/p>\n<p><b style=\"color: #000000;\"><i>Instalaci\u00f3n de paneles fotovoltaicos permiti\u00f3 ahorro de energ\u00eda para la elaboraci\u00f3n de variedades de excelencia en valle de Coir\u00f3n, en Salamanca.\u00a0<\/i><\/b><!--more--><\/p>\n<p style=\"font-weight: 400;\">El vino artesanal Wayra (viento en lengua quechua), producido por mujeres emprendedoras en los cerros de Coir\u00f3n, en Salamanca, est\u00e1 dando un paso clave en su objetivo por posicionarse en el mercado, con la incorporaci\u00f3n de un sistema fotovoltaico para aportar al proceso de producci\u00f3n y lograr un sello sustentable.<\/p>\n<p style=\"font-weight: 400;\">A trav\u00e9s del programa Ponle Energ\u00eda a tu Pyme lograron un 80 por ciento de financiamiento en la instalaci\u00f3n de 4 paneles por 1,34 kW de capacidad, con el que literalmente vieron la luz, porque hasta antes de este sistema no contaban con energ\u00eda el\u00e9ctrica.<\/p>\n<p style=\"font-weight: 400;\">Alejandra Molina, de la vi\u00f1a Wayra Signorelli de Marquez, relata que el emprendimiento comenz\u00f3 junto a su madre hace unos 5 a\u00f1os, y que ya han conseguido dos medallas internacionales. \u201cNosotros estamos ubicados en un cerro ceremonial, donde tenemos petroglifos de distintas culturas ancestrales, la idea es hacer el rescate patrimonial a trav\u00e9s de los productos que estamos haciendo. Nosotros hac\u00edamos todo de forma manual porque no hab\u00eda luz el\u00e9ctrica, por lo tanto, el vino blanco pis\u00e1bamos la uva y el vino tinto lo zarande\u00e1bamos con las manos. Pero gracias a este proyecto nos ha cambiado la vida m\u00e1s que un 100 por ciento, porque nos ha ayudado con una maquinita para hacer m\u00e1s r\u00e1pido el trabajo, iluminarnos y mantener un refrigerador\u201d.<\/p>\n<p style=\"font-weight: 400;\">La vi\u00f1a quiere seguir creciendo de la mano de la sustentabilidad pues proyectan plantar otro tipo de cepas, contar con un tranque y un sistema de riego por goteo. \u201cEntonces la idea es fusionar eso con la energ\u00eda renovable\u201d, agrega.<\/p>\n<p style=\"font-weight: 400;\">\u00a0Por su parte, la Seremi de Energ\u00eda, Mar\u00eda Castillo Rojas, destac\u00f3 que \u201cpara nosotros es muy importante y gratificante conocer un emprendimiento formado por mujeres, que con mucha perseverancia han sacado adelante sus productos con calidad y trabajo. Para el Ministerio de Energ\u00eda es muy importante darle una mano a las Pymes, con una soluci\u00f3n fotovoltaica que les pueda ayudar a mejorar la calidad de vida, a abaratar sus costos de producci\u00f3n. Queremos apoyar a las personas que est\u00e1n emprendiendo para que puedan salir adelante con productos que tengan sello renovable\u201d.<\/p>\n<p style=\"font-weight: 400;\">En la \u00faltima versi\u00f3n del programa Ponle Energ\u00eda a tu Pyme un total de 14 peque\u00f1as empresas de distintos rubros de la Regi\u00f3n de Coquimbo lograron financiamiento por 109 millones de pesos para la implementaci\u00f3n de sistemas de energ\u00eda fotovoltaica y de agua caliente sanitaria, que permiten un ahorro de recursos y mejoras en eficiencia energ\u00e9tica.<\/p>\n<p style=\"font-weight: 400;\">\n<p style=\"font-weight: 400;\">\n","protected":false},"excerpt":{"rendered":"<p>Instalaci\u00f3n de paneles fotovoltaicos permiti\u00f3 ahorro de energ\u00eda para la elaboraci\u00f3n de variedades de excelencia en valle de Coir\u00f3n, en Salamanca.\u00a0<\/p>\n","protected":false},"author":2,"featured_media":7544,"comment_status":"open","ping_status":"open","sticky":false,"template":"","format":"standard","meta":{"footnotes":""},"categories":[6],"tags":[],"class_list":["post-7543","post","type-post","status-publish","format-standard","has-post-thumbnail","hentry","category-regionales"],"_links":{"self":[{"href":"https:\/\/www.radiolimari.cl\/index.php?rest_route=\/wp\/v2\/posts\/7543","targetHints":{"allow":["GET"]}}],"collection":[{"href":"https:\/\/www.radiolimari.cl\/index.php?rest_route=\/wp\/v2\/posts"}],"about":[{"href":"https:\/\/www.radiolimari.cl\/index.php?rest_route=\/wp\/v2\/types\/post"}],"author":[{"embeddable":true,"href":"https:\/\/www.radiolimari.cl\/index.php?rest_route=\/wp\/v2\/users\/2"}],"replies":[{"embeddable":true,"href":"https:\/\/www.radiolimari.cl\/index.php?rest_route=%2Fwp%2Fv2%2Fcomments&post=7543"}],"version-history":[{"count":1,"href":"https:\/\/www.radiolimari.cl\/index.php?rest_route=\/wp\/v2\/posts\/7543\/revisions"}],"predecessor-version":[{"id":7545,"href":"https:\/\/www.radiolimari.cl\/index.php?rest_route=\/wp\/v2\/posts\/7543\/revisions\/7545"}],"wp:featuredmedia":[{"embeddable":true,"href":"https:\/\/www.radiolimari.cl\/index.php?rest_route=\/wp\/v2\/media\/7544"}],"wp:attachment":[{"href":"https:\/\/www.radiolimari.cl\/index.php?rest_route=%2Fwp%2Fv2%2Fmedia&parent=7543"}],"wp:term":[{"taxonomy":"category","embeddable":true,"href":"https:\/\/www.radiolimari.cl\/index.php?rest_route=%2Fwp%2Fv2%2Fcategories&post=7543"},{"taxonomy":"post_tag","embeddable":true,"href":"https:\/\/www.radiolimari.cl\/index.php?rest_route=%2Fwp%2Fv2%2Ftags&post=7543"}],"curies":[{"name":"wp","href":"https:\/\/api.w.org\/{rel}","templated":true}]}}