{"id":7508,"date":"2022-06-14T15:25:42","date_gmt":"2022-06-14T15:25:42","guid":{"rendered":"http:\/\/www.radiolimari.cl\/?p=7508"},"modified":"2022-06-14T15:25:42","modified_gmt":"2022-06-14T15:25:42","slug":"fernanda-alvarado-munoz-asumio-como-directora-regional-del-sename-de-la-region-de-coquimbo","status":"publish","type":"post","link":"https:\/\/www.radiolimari.cl\/?p=7508","title":{"rendered":"Fernanda Alvarado Mu\u00f1oz asumi\u00f3 como Directora Regional del Sename de la regi\u00f3n de Coquimbo"},"content":{"rendered":"<p><a href=\"https:\/\/www.radiolimari.cl\/wp-content\/uploads\/2022\/06\/14.6-DirectoraSename.jpeg\"><img fetchpriority=\"high\" decoding=\"async\" class=\"alignnone size-medium wp-image-7509\" src=\"https:\/\/www.radiolimari.cl\/wp-content\/uploads\/2022\/06\/14.6-DirectoraSename-300x216.jpeg\" alt=\"14.6 DirectoraSename\" width=\"300\" height=\"216\" srcset=\"https:\/\/www.radiolimari.cl\/wp-content\/uploads\/2022\/06\/14.6-DirectoraSename-300x216.jpeg 300w, https:\/\/www.radiolimari.cl\/wp-content\/uploads\/2022\/06\/14.6-DirectoraSename-1024x740.jpeg 1024w, https:\/\/www.radiolimari.cl\/wp-content\/uploads\/2022\/06\/14.6-DirectoraSename.jpeg 1571w\" sizes=\"(max-width: 300px) 100vw, 300px\" \/><\/a><\/p>\n<p><strong><em>Con una amplia trayectoria en el servicio p\u00fablico, Fernanda Alvarado Mu\u00f1oz\u00a0 tiene como objetivo liderar el Servicio Nacional de Menores, organismo a cargo de justicia y reinserci\u00f3n social juvenil. <\/em><\/strong><!--more--><\/p>\n<p>Tras concluir el proceso de concurso por Alta Direcci\u00f3n P\u00fablica (ADP) llevado a cabo por el Servicio Civil, este lunes 13 de junio asumi\u00f3 como Directora Regional del Servicio Nacional de Menores de la Regi\u00f3n de Coquimbo la profesional Fernanda Alvarado Mu\u00f1oz (40), de amplia trayectoria en el servicio p\u00fablico.<\/p>\n<p>A su llegada, la autoridad indic\u00f3 que \u201casumo con alegr\u00eda, compromiso y convicci\u00f3n este desaf\u00edo de liderar la Direcci\u00f3n Regional del Sename, ad portas de ser pr\u00f3ximamente el Servicio Nacional de Justicia y Reinserci\u00f3n Social Juvenil\u201d.<\/p>\n<p>Asimismo, agreg\u00f3 que su foco est\u00e1 en \u201cfomentar el trabajo intersectorial, colaborativo y en red con las dem\u00e1s instituciones p\u00fablicas, privadas y de la sociedad civil, as\u00ed como fortalecer el v\u00ednculo con las distintas autoridades y mejorar las condiciones de las y los funcionarios que se desempe\u00f1an en la direcci\u00f3n regional y en los centros que son de administraci\u00f3n directa del servicio\u201d, indic\u00f3.<\/p>\n<p>Los adolescentes y j\u00f3venes en conflicto con la justicia, que en la regi\u00f3n son alrededor de 230, son el centro de la gesti\u00f3n de la nueva Directora. Tal como se\u00f1ala Fernanda Alvarado, \u201cdebemos centrarnos siempre en mejorar las condiciones y oportunidades de quienes han infringido la ley, reforzando que existe un compromiso presidencial. La reinserci\u00f3n es una tarea que nos tiene que convocar a todas y todos, no s\u00f3lo a una instituci\u00f3n, sino que es parte de los desaf\u00edos que tenemos como sociedad\u201d, destac\u00f3.<\/p>\n<p>En su primera jornada, Alvarado se reuni\u00f3 con las funcionarias y funcionarios de la Direcci\u00f3n Regional del Sename Coquimbo, para posteriormente saludar al Seremi de Justicia y Derechos Humanos, Rub\u00e9n Garc\u00eda, con quien acordaron trabajar de manera conjunta en torno a las problem\u00e1ticas de la ciudadan\u00eda, apegados al cumplimiento del programa Presidencial y a la promoci\u00f3n y protecci\u00f3n de los derechos humanos.<\/p>\n<p>Durante la semana, adem\u00e1s, est\u00e1 contemplada la visita a los dos centros de justicia juvenil que administra el Sename en la ciudad de La Serena y que son de cobertura regional, para adolescentes y j\u00f3venes sujetos a sanciones y medidas por la Ley de Responsabilidad Penal Adolescente (20.084).<\/p>\n<p>&nbsp;<\/p>\n<p><strong>Vasta trayectoria<\/strong><\/p>\n<p>Fernanda Alvarado Mu\u00f1oz es Mag\u00edster en Gobierno, Pol\u00edticas P\u00fablicas y Territorio de la Universidad Alberto Hurtado y Mag\u00edster en Desarrollo Humano, Local y Regional de la Universidad de la Frontera. Licenciada en Trabajo Social, con Menci\u00f3n en Desarrollo Social y Pol\u00edticas Sociales de la Universidad de la Frontera, Diplomada en Desarrollo Social, Pobreza y Desarrollo de la Universidad Alberto Hurtado, Diplomada en Cohesi\u00f3n Territorial, RIMISP-FLACSO y Asistente Social INACAP-Valdivia.<\/p>\n<p>En su experiencia destaca el trabajo realizado en torno a la implementaci\u00f3n de Pol\u00edticas P\u00fablicas, el dise\u00f1o de estrategias comunitarias, el liderazgo de equipos multidisciplinarios y la gesti\u00f3n intersectorial p\u00fablico-privada.<\/p>\n<p>En el ejercicio de su profesi\u00f3n destaca la Direcci\u00f3n de la Fundaci\u00f3n Un Techo para Chile en las regiones de Los R\u00edos y Los Lagos, profesional del Programa Servicio Pa\u00eds en la regi\u00f3n de Magallanes y la Ant\u00e1rtica Chilena, Jefa de Barrios del Programa de Recuperaci\u00f3n de Barrios del Ministerio de Vivienda y Urbanismo, Jefa Territorial y Directora de la Fundaci\u00f3n Superaci\u00f3n de la Pobreza en la Regi\u00f3n Metropolitana. El a\u00f1o 2016, a trav\u00e9s del sistema de Alta Direcci\u00f3n P\u00fablica, asumi\u00f3 el cargo de Directora Regional de Senda en la Regi\u00f3n de Coquimbo, donde se desempe\u00f1\u00f3 hasta noviembre del 2021.<\/p>\n<p>&nbsp;<\/p>\n","protected":false},"excerpt":{"rendered":"<p>Con una amplia trayectoria en el servicio p\u00fablico, Fernanda Alvarado Mu\u00f1oz\u00a0 tiene como objetivo liderar el Servicio Nacional de Menores, organismo a cargo de justicia y reinserci\u00f3n social juvenil.<\/p>\n","protected":false},"author":2,"featured_media":7509,"comment_status":"open","ping_status":"open","sticky":false,"template":"","format":"standard","meta":{"footnotes":""},"categories":[3],"tags":[],"class_list":["post-7508","post","type-post","status-publish","format-standard","has-post-thumbnail","hentry","category-actualidad"],"_links":{"self":[{"href":"https:\/\/www.radiolimari.cl\/index.php?rest_route=\/wp\/v2\/posts\/7508","targetHints":{"allow":["GET"]}}],"collection":[{"href":"https:\/\/www.radiolimari.cl\/index.php?rest_route=\/wp\/v2\/posts"}],"about":[{"href":"https:\/\/www.radiolimari.cl\/index.php?rest_route=\/wp\/v2\/types\/post"}],"author":[{"embeddable":true,"href":"https:\/\/www.radiolimari.cl\/index.php?rest_route=\/wp\/v2\/users\/2"}],"replies":[{"embeddable":true,"href":"https:\/\/www.radiolimari.cl\/index.php?rest_route=%2Fwp%2Fv2%2Fcomments&post=7508"}],"version-history":[{"count":1,"href":"https:\/\/www.radiolimari.cl\/index.php?rest_route=\/wp\/v2\/posts\/7508\/revisions"}],"predecessor-version":[{"id":7510,"href":"https:\/\/www.radiolimari.cl\/index.php?rest_route=\/wp\/v2\/posts\/7508\/revisions\/7510"}],"wp:featuredmedia":[{"embeddable":true,"href":"https:\/\/www.radiolimari.cl\/index.php?rest_route=\/wp\/v2\/media\/7509"}],"wp:attachment":[{"href":"https:\/\/www.radiolimari.cl\/index.php?rest_route=%2Fwp%2Fv2%2Fmedia&parent=7508"}],"wp:term":[{"taxonomy":"category","embeddable":true,"href":"https:\/\/www.radiolimari.cl\/index.php?rest_route=%2Fwp%2Fv2%2Fcategories&post=7508"},{"taxonomy":"post_tag","embeddable":true,"href":"https:\/\/www.radiolimari.cl\/index.php?rest_route=%2Fwp%2Fv2%2Ftags&post=7508"}],"curies":[{"name":"wp","href":"https:\/\/api.w.org\/{rel}","templated":true}]}}