{"id":7505,"date":"2022-06-14T14:06:42","date_gmt":"2022-06-14T14:06:42","guid":{"rendered":"http:\/\/www.radiolimari.cl\/?p=7505"},"modified":"2022-06-14T14:06:42","modified_gmt":"2022-06-14T14:06:42","slug":"en-los-vilos-certifican-a-participantes-de-escuela-para-cuidadores-de-personas-en-situacion-de-dependencia","status":"publish","type":"post","link":"https:\/\/www.radiolimari.cl\/?p=7505","title":{"rendered":"En Los Vilos certifican a participantes de escuela para cuidadores de personas en situaci\u00f3n de dependencia"},"content":{"rendered":"<p><a href=\"https:\/\/www.radiolimari.cl\/wp-content\/uploads\/2022\/06\/14.6-CERTIFICACI\u00d3N-ESCUELA-DE-CUIDADORES-LOS-VILOS-3-min.jpg\"><img fetchpriority=\"high\" decoding=\"async\" class=\"alignnone size-medium wp-image-7506\" src=\"https:\/\/www.radiolimari.cl\/wp-content\/uploads\/2022\/06\/14.6-CERTIFICACI\u00d3N-ESCUELA-DE-CUIDADORES-LOS-VILOS-3-min-300x225.jpg\" alt=\"14.6 CERTIFICACI\u00d3N ESCUELA DE CUIDADORES LOS VILOS (3)-min\" width=\"300\" height=\"225\" srcset=\"https:\/\/www.radiolimari.cl\/wp-content\/uploads\/2022\/06\/14.6-CERTIFICACI\u00d3N-ESCUELA-DE-CUIDADORES-LOS-VILOS-3-min-300x225.jpg 300w, https:\/\/www.radiolimari.cl\/wp-content\/uploads\/2022\/06\/14.6-CERTIFICACI\u00d3N-ESCUELA-DE-CUIDADORES-LOS-VILOS-3-min-1024x768.jpg 1024w\" sizes=\"(max-width: 300px) 100vw, 300px\" \/><\/a><\/p>\n<p style=\"text-align: justify;\">Cabe destacar, que fueron 6 jornadas de capacitaci\u00f3n donde las personas participantes pudieron adquirir conocimientos en el campo de la kinesiolog\u00eda, psicolog\u00eda, fonoaudiolog\u00eda, enfermer\u00eda y el trabajo social.\u00a0<!--more--><\/p>\n<p style=\"text-align: justify;\">En la comuna de Los Vilos 15 personas se certificaron tras participar de la Escuela de Cuidadoras y Cuidadores, una iniciativa pionera que nace en el municipio local en el marco del Sistema Nacional de Apoyos y Cuidados del Ministerio de Desarrollo Social y Familia. Esta instancia de aprendizaje busca entregar conocimientos para ser utilizados en el cuidado de personas en situaci\u00f3n de dependencia.<\/p>\n<p style=\"text-align: justify;\">Al respecto, el Seremi de Desarrollo Social y Familia, Eduardo Alcayaga, destac\u00f3 que \u201cestamos siendo parte de lo que el Gobierno del Presidente, Gabriel Boric, nos ha pedido, participar con nuestra gente, escuchar sus inquietudes, sus demandas. Estamos ac\u00e1 participando junto a ellos, en un espacio muy importante, donde los cuidadores son un componente esencial para aquella situaci\u00f3n que viven familias, que est\u00e1n en condiciones muchas veces de preocupaci\u00f3n, en que uno de sus integrantes est\u00e1 con discapacidad o problemas funcionales\u201d.<\/p>\n<p style=\"text-align: justify;\">Por su parte, la Directora (s) Nacional de SENAMA, Claudia Asmad, indic\u00f3 que \u201cest\u00e1 el eje del Sistema Nacional de Cuidados, en donde se le da relevancia e importancia a todas aquellas personas que requieren de cuidado y tambi\u00e9n para quien cuida. Entonces, en ese sentido es muy importante estar en terreno; tuve la oportunidad tambi\u00e9n de visitar a una persona mayor, que recibe estos servicios en el domicilio y escuchar de su propia experiencia lo que ha significado\u201d.<\/p>\n<p style=\"text-align: justify;\">Cabe destacar, que fueron 6 jornadas de capacitaci\u00f3n donde las personas participantes pudieron adquirir conocimientos en el campo de la kinesiolog\u00eda, psicolog\u00eda, fonoaudiolog\u00eda, enfermer\u00eda y el trabajo social.<\/p>\n<p style=\"text-align: justify;\">En tal sentido, el alcalde de Los Vilos, Christian Gross, se\u00f1al\u00f3 que \u201cson sumamente relevantes este tipo de iniciativas, porque m\u00e1s all\u00e1 de las herramientas t\u00e9cnicas que se puedan entregar, es importante compartir experiencias entre los cuidadores y cuidadoras de distintos lugares de la comuna. Sin lugar a dudas una experiencia a replicar, vamos a organizar nuevas escuelas de cuidadores\u201d.<\/p>\n<p style=\"text-align: justify;\">A su vez, Rosa Lohse, una de las participantes del curso, cont\u00f3 que \u201cpara m\u00ed es una excelente experiencia para certificarme como cuidadora, ya que estoy cuidando a un adulto mayor, he cuidado a adultos mayores y como experiencia ha sido notable porque nos han ense\u00f1ado, tanto a cuidar adultos mayores como tambi\u00e9n cuidarnos nosotros mismos para poder brindar una mejor calidad de vida a las personas que estamos cuidando\u201d.<\/p>\n<p style=\"text-align: justify;\">Actualmente, la Red Local de Apoyos y Cuidados est\u00e1 presente en las comunas de Los Vilos con 50 usuarios beneficiados, Salamanca con 71 y Paihuano con 30, entregando apoyo de profesionales destinado a personas en situaci\u00f3n dependencia, sus cuidadores y cuidadoras, sus hogares y su red de apoyo, lo que tambi\u00e9n incluye adecuaciones en las propias casas y entrega de ayudas t\u00e9cnicas.<\/p>\n","protected":false},"excerpt":{"rendered":"<p>Cabe destacar, que fueron 6 jornadas de capacitaci\u00f3n donde las personas participantes pudieron adquirir conocimientos en el campo de la kinesiolog\u00eda, psicolog\u00eda, fonoaudiolog\u00eda, enfermer\u00eda y el trabajo social.\u00a0<\/p>\n","protected":false},"author":2,"featured_media":7506,"comment_status":"open","ping_status":"open","sticky":false,"template":"","format":"standard","meta":{"footnotes":""},"categories":[6],"tags":[],"class_list":["post-7505","post","type-post","status-publish","format-standard","has-post-thumbnail","hentry","category-regionales"],"_links":{"self":[{"href":"https:\/\/www.radiolimari.cl\/index.php?rest_route=\/wp\/v2\/posts\/7505","targetHints":{"allow":["GET"]}}],"collection":[{"href":"https:\/\/www.radiolimari.cl\/index.php?rest_route=\/wp\/v2\/posts"}],"about":[{"href":"https:\/\/www.radiolimari.cl\/index.php?rest_route=\/wp\/v2\/types\/post"}],"author":[{"embeddable":true,"href":"https:\/\/www.radiolimari.cl\/index.php?rest_route=\/wp\/v2\/users\/2"}],"replies":[{"embeddable":true,"href":"https:\/\/www.radiolimari.cl\/index.php?rest_route=%2Fwp%2Fv2%2Fcomments&post=7505"}],"version-history":[{"count":1,"href":"https:\/\/www.radiolimari.cl\/index.php?rest_route=\/wp\/v2\/posts\/7505\/revisions"}],"predecessor-version":[{"id":7507,"href":"https:\/\/www.radiolimari.cl\/index.php?rest_route=\/wp\/v2\/posts\/7505\/revisions\/7507"}],"wp:featuredmedia":[{"embeddable":true,"href":"https:\/\/www.radiolimari.cl\/index.php?rest_route=\/wp\/v2\/media\/7506"}],"wp:attachment":[{"href":"https:\/\/www.radiolimari.cl\/index.php?rest_route=%2Fwp%2Fv2%2Fmedia&parent=7505"}],"wp:term":[{"taxonomy":"category","embeddable":true,"href":"https:\/\/www.radiolimari.cl\/index.php?rest_route=%2Fwp%2Fv2%2Fcategories&post=7505"},{"taxonomy":"post_tag","embeddable":true,"href":"https:\/\/www.radiolimari.cl\/index.php?rest_route=%2Fwp%2Fv2%2Ftags&post=7505"}],"curies":[{"name":"wp","href":"https:\/\/api.w.org\/{rel}","templated":true}]}}