{"id":7491,"date":"2022-06-13T14:43:21","date_gmt":"2022-06-13T14:43:21","guid":{"rendered":"http:\/\/www.radiolimari.cl\/?p=7491"},"modified":"2022-06-13T14:43:21","modified_gmt":"2022-06-13T14:43:21","slug":"seremi-de-energia-se-reune-con-cge-por-necesidades-de-electrificacion-en-la-region-de-coquimbo","status":"publish","type":"post","link":"https:\/\/www.radiolimari.cl\/?p=7491","title":{"rendered":"Seremi de Energ\u00eda se re\u00fane con CGE por necesidades de electrificaci\u00f3n en la Regi\u00f3n de Coquimbo"},"content":{"rendered":"<p><a href=\"https:\/\/www.radiolimari.cl\/wp-content\/uploads\/2022\/06\/14.6-energia-f3.jpg\"><img fetchpriority=\"high\" decoding=\"async\" class=\"alignnone size-medium wp-image-7492\" src=\"https:\/\/www.radiolimari.cl\/wp-content\/uploads\/2022\/06\/14.6-energia-f3-300x200.jpg\" alt=\"14.6 energia f3\" width=\"300\" height=\"200\" srcset=\"https:\/\/www.radiolimari.cl\/wp-content\/uploads\/2022\/06\/14.6-energia-f3-300x200.jpg 300w, https:\/\/www.radiolimari.cl\/wp-content\/uploads\/2022\/06\/14.6-energia-f3-1024x682.jpg 1024w\" sizes=\"(max-width: 300px) 100vw, 300px\" \/><\/a><\/p>\n<p><span style=\"color: #222222;\">Una reuni\u00f3n con miras a establecer un trabajo colaborativo, que apunte a mejorar las condiciones y acceso a un suministro el\u00e9ctrico seguro y de calidad para los habitantes de la Regi\u00f3n de Coquimbo, sostuvieron la Seremi de Energ\u00eda, Mar\u00eda Castillo con representantes de la distribuidora CGE.<\/span><!--more--><\/p>\n<p style=\"font-weight: 400;\">La cita, realizada en dependencias de la Secretar\u00eda Regional, permiti\u00f3 a la autoridad exponer las dificultades en el acceso a la energ\u00eda en algunos sectores de La Serena y Coquimbo, as\u00ed como en las comunas rurales de la Regi\u00f3n, antecedentes surgidos tras recorridos en terreno realizados por la SEREMI.<\/p>\n<p style=\"font-weight: 400;\">La Seremi coment\u00f3 que \u201cfue una reuni\u00f3n en que se expusieron diferentes problem\u00e1ticas y en que hubo una buena recepci\u00f3n.; demostraron inter\u00e9s y voluntad en solucionar estos temas, y lo m\u00e1s importante: establecer un v\u00ednculo y un trabajo colaborativo\u201d.<\/p>\n<p style=\"font-weight: 400;\">Por su parte, Gabriel Barraza, Gerente Regional Norte de CGE, coment\u00f3 que \u201cestamos a disposici\u00f3n para colaborar en la soluci\u00f3n de las distintas situaciones que se dan en la zona, en el sector de la distribuci\u00f3n el\u00e9ctrica. Muchos de los requerimientos de la ciudadan\u00eda a las autoridades tienen que ver con nuestro servicio\u201d.<\/p>\n<p style=\"font-weight: 400;\">A\u00f1adi\u00f3 que \u201cla Seremi nos present\u00f3 una serie de requerimientos que ha podido levantar en su ronda con las comunidades. Nos comprometimos a dar respuesta a cada uno de esos puntos, as\u00ed es que vamos a seguir trabajando\u201d.<\/p>\n<p style=\"font-weight: 400;\">Finalmente, tanto la Seremi como los representantes de CGE acordaron establecer mesas de trabajo para abordar situaciones directamente relacionadas con la continuidad del servicio el\u00e9ctrico en la Regi\u00f3n de Coquimbo, como el robo de cables y los postes chocados, para lo cual se convocar\u00e1 a las entidades relacionadas.<\/p>\n","protected":false},"excerpt":{"rendered":"<p>Una reuni\u00f3n con miras a establecer un trabajo colaborativo, que apunte a mejorar las condiciones y acceso a un suministro el\u00e9ctrico seguro y de calidad para los habitantes de la Regi\u00f3n de Coquimbo, sostuvieron la Seremi de Energ\u00eda, Mar\u00eda Castillo con representantes de la distribuidora CGE.<\/p>\n","protected":false},"author":2,"featured_media":7492,"comment_status":"open","ping_status":"open","sticky":false,"template":"","format":"standard","meta":{"footnotes":""},"categories":[6],"tags":[],"class_list":["post-7491","post","type-post","status-publish","format-standard","has-post-thumbnail","hentry","category-regionales"],"_links":{"self":[{"href":"https:\/\/www.radiolimari.cl\/index.php?rest_route=\/wp\/v2\/posts\/7491","targetHints":{"allow":["GET"]}}],"collection":[{"href":"https:\/\/www.radiolimari.cl\/index.php?rest_route=\/wp\/v2\/posts"}],"about":[{"href":"https:\/\/www.radiolimari.cl\/index.php?rest_route=\/wp\/v2\/types\/post"}],"author":[{"embeddable":true,"href":"https:\/\/www.radiolimari.cl\/index.php?rest_route=\/wp\/v2\/users\/2"}],"replies":[{"embeddable":true,"href":"https:\/\/www.radiolimari.cl\/index.php?rest_route=%2Fwp%2Fv2%2Fcomments&post=7491"}],"version-history":[{"count":1,"href":"https:\/\/www.radiolimari.cl\/index.php?rest_route=\/wp\/v2\/posts\/7491\/revisions"}],"predecessor-version":[{"id":7493,"href":"https:\/\/www.radiolimari.cl\/index.php?rest_route=\/wp\/v2\/posts\/7491\/revisions\/7493"}],"wp:featuredmedia":[{"embeddable":true,"href":"https:\/\/www.radiolimari.cl\/index.php?rest_route=\/wp\/v2\/media\/7492"}],"wp:attachment":[{"href":"https:\/\/www.radiolimari.cl\/index.php?rest_route=%2Fwp%2Fv2%2Fmedia&parent=7491"}],"wp:term":[{"taxonomy":"category","embeddable":true,"href":"https:\/\/www.radiolimari.cl\/index.php?rest_route=%2Fwp%2Fv2%2Fcategories&post=7491"},{"taxonomy":"post_tag","embeddable":true,"href":"https:\/\/www.radiolimari.cl\/index.php?rest_route=%2Fwp%2Fv2%2Ftags&post=7491"}],"curies":[{"name":"wp","href":"https:\/\/api.w.org\/{rel}","templated":true}]}}